{"id":1616,"date":"2024-04-02T14:31:57","date_gmt":"2024-04-02T14:31:57","guid":{"rendered":"https:\/\/www.uutispeili.fi\/?p=1616"},"modified":"2024-04-02T14:33:44","modified_gmt":"2024-04-02T14:33:44","slug":"kun-lapsi-tappaa-lapsen-se-on-tragedia","status":"publish","type":"post","link":"https:\/\/www.uutispeili.fi\/index.php\/2024\/04\/02\/kun-lapsi-tappaa-lapsen-se-on-tragedia\/","title":{"rendered":"Kun lapsi tappaa lapsen, -se on tragedia"},"content":{"rendered":"<p>Vantaalla, Viertolan koulussa, tapahtuneen j\u00e4lkeen voimme j\u00e4\u00e4d\u00e4 odottamaan, milloin ensimm\u00e4inen kysyj\u00e4 nostaa esiin <em>leikkaukset<\/em>: Kuuluuko ep\u00e4illyn kouluampujan perhe niihin, joihin t\u00e4n\u00e4\u00e4n voimaan astuneet leikkaukset ja budjettis\u00e4\u00e4st\u00f6t kohdistuvat. Edellisen hallituksen aikana olisimme kuulleet aivan muita -helposti arvattavia- kysymyksi\u00e4.<\/p>\n<p>-Silloinkin yht\u00e4 v\u00e4\u00e4r\u00e4\u00e4n aikaan. Tragediat eiv\u00e4t ole pisteiden keruuta varten, eiv\u00e4tk\u00e4 atrappi keskin\u00e4iseen syyttelyyn, tai poliittisten pisteiden ker\u00e4\u00e4miseen.<\/p>\n<p>Kun pahaa p\u00e4\u00e4see tapahtumaan, tehdyt virheet on tunnistettava ja korjattava. Mit\u00e4 Viertolan koulun kyseisess\u00e4 yksik\u00f6ss\u00e4 on tehty v\u00e4\u00e4rin, ja miten vastaavat tragediat voidaan est\u00e4\u00e4, -se on haaste jonka opetustoimi ja vastaava ministeri tulevat kohtaamaan. -Kuten aiemmatkin p\u00e4\u00e4tt\u00e4j\u00e4t oman kautensa osalta.<\/p>\n<p>Ainakin minulla on korkea luottamus siihen, ett\u00e4 he tulevat sen tekem\u00e4\u00e4n.<\/p>\n<p>Pekka Kemppainen<\/p>\n","protected":false},"excerpt":{"rendered":"<p>Vantaalla, Viertolan koulussa, tapahtuneen j\u00e4lkeen voimme j\u00e4\u00e4d\u00e4 odottamaan, milloin ensimm\u00e4inen kysyj\u00e4 nostaa esiin leikkaukset: Kuuluuko ep\u00e4illyn kouluampujan perhe niihin, joihin t\u00e4n\u00e4\u00e4n voimaan astuneet leikkaukset ja budjettis\u00e4\u00e4st\u00f6t kohdistuvat. Edellisen hallituksen aikana olisimme kuulleet aivan muita -helposti arvattavia- kysymyksi\u00e4. -Silloinkin yht\u00e4 v\u00e4\u00e4r\u00e4\u00e4n aikaan. Tragediat eiv\u00e4t ole pisteiden keruuta varten, eiv\u00e4tk\u00e4 atrappi keskin\u00e4iseen syyttelyyn, tai poliittisten pisteiden ker\u00e4\u00e4miseen. [&hellip;]<\/p>\n","protected":false},"author":3,"featured_media":1619,"comment_status":"open","ping_status":"open","sticky":false,"template":"","format":"standard","meta":{"footnotes":""},"categories":[14],"tags":[],"_links":{"self":[{"href":"https:\/\/www.uutispeili.fi\/index.php\/wp-json\/wp\/v2\/posts\/1616"}],"collection":[{"href":"https:\/\/www.uutispeili.fi\/index.php\/wp-json\/wp\/v2\/posts"}],"about":[{"href":"https:\/\/www.uutispeili.fi\/index.php\/wp-json\/wp\/v2\/types\/post"}],"author":[{"embeddable":true,"href":"https:\/\/www.uutispeili.fi\/index.php\/wp-json\/wp\/v2\/users\/3"}],"replies":[{"embeddable":true,"href":"https:\/\/www.uutispeili.fi\/index.php\/wp-json\/wp\/v2\/comments?post=1616"}],"version-history":[{"count":1,"href":"https:\/\/www.uutispeili.fi\/index.php\/wp-json\/wp\/v2\/posts\/1616\/revisions"}],"predecessor-version":[{"id":1617,"href":"https:\/\/www.uutispeili.fi\/index.php\/wp-json\/wp\/v2\/posts\/1616\/revisions\/1617"}],"wp:featuredmedia":[{"embeddable":true,"href":"https:\/\/www.uutispeili.fi\/index.php\/wp-json\/wp\/v2\/media\/1619"}],"wp:attachment":[{"href":"https:\/\/www.uutispeili.fi\/index.php\/wp-json\/wp\/v2\/media?parent=1616"}],"wp:term":[{"taxonomy":"category","embeddable":true,"href":"https:\/\/www.uutispeili.fi\/index.php\/wp-json\/wp\/v2\/categories?post=1616"},{"taxonomy":"post_tag","embeddable":true,"href":"https:\/\/www.uutispeili.fi\/index.php\/wp-json\/wp\/v2\/tags?post=1616"}],"curies":[{"name":"wp","href":"https:\/\/api.w.org\/{rel}","templated":true}]}}