{"id":1580,"date":"2024-03-25T14:36:17","date_gmt":"2024-03-25T14:36:17","guid":{"rendered":"https:\/\/www.uutispeili.fi\/?p=1580"},"modified":"2024-03-25T14:36:18","modified_gmt":"2024-03-25T14:36:18","slug":"suomalaisilla-freelance-muusikoilla-ei-sitten-ole-mitaan-kantaa-joukkomurhaan-ulkoilmafestivaaleilla-viime-lokakuussa","status":"publish","type":"post","link":"https:\/\/www.uutispeili.fi\/index.php\/2024\/03\/25\/suomalaisilla-freelance-muusikoilla-ei-sitten-ole-mitaan-kantaa-joukkomurhaan-ulkoilmafestivaaleilla-viime-lokakuussa\/","title":{"rendered":"Suomalaisilla &#8217;Freelance-muusikoilla&#8217; ei sitten ole mit\u00e4\u00e4n kantaa joukkomurhaan ulkoilmafestivaaleilla viime lokakuussa?"},"content":{"rendered":"<p><strong>Niinsanottu &#8217;<em>tapahtuma-ala<\/em>&#8217; -siis sen <em>J\u00c4RJEST\u00d6T<\/em>&#8211; heitt\u00e4ytyv\u00e4t yh\u00e4 kummallisempaan seuraan, -vaikka edelliset kummajais-kaveritkin ovat ilmeisesti yh\u00e4 messiss\u00e4, -ja neuvoa-pyyt\u00e4v\u00e4n puhelinsoiton p\u00e4\u00e4ss\u00e4?<\/strong><\/p>\n<p>Lukekaapa t\u00e4m\u00e4 ajatuksella:<\/p>\n<blockquote><p><strong>Freelancemuusikot ry.<\/strong> vaatii <strong>Yle<\/strong>lt\u00e4 toimenpiteit\u00e4 <strong>Euroviisujen<\/strong> suhteen. Yhdistys vetoaa, ett\u00e4 Yle vaatisi <strong>Euroopan yleisradiounionia<\/strong> (EBU) sulkemaan <strong>Israelin<\/strong> ulos Euroviisuista. Israelin osallistuminen on her\u00e4tt\u00e4nyt keskustelua <strong>Gaza<\/strong>n sodan vuoksi. (IL 25.03.)<\/p><\/blockquote>\n<p>Siis kuinka ne kehtaa?! Viime vuoden <strong>lokakuun 7<\/strong>. murhattiin brutaalisti <strong>Negev<\/strong>iss\u00e4 Israelissa 250 nuorta, jotka olivat kokoontuneet Negevin autiomaan laidalle kuuntelemaan <em>peace&amp;love<\/em>-hengess\u00e4 teknomusiikkia <strong>Super Nova<\/strong>-festivaaleille. Islamisti-terroristien teot hy\u00f6kk\u00e4yksen aikana olivat sit\u00e4 luokkaa, ettei yksityiskohtia voi kuvailla julkaisussa, jonka lapsetkin voivat n\u00e4hd\u00e4.<\/p>\n<h3>Muistelemme er\u00e4st\u00e4 aiempaa tapausta, Afrikasta<\/h3>\n<p>Ns. <em>vapaustaistelijat<\/em>, jotka vastustivat etel\u00e4isen Afrikan &#8221;<em>valkoista valtaa<\/em>&#8221;,\u00a0 ampuivat 3. syyskuuta 1978 alas rhodesialaisen siviili-matkustajakoneen, &#8217;<strong>Lento 825<\/strong>&#8217;, <strong>Neuvostoliiton<\/strong> antamalla ohjuksella. Koneessa olleista, \u00a052 matkustajasta ja nelj\u00e4st\u00e4 miehist\u00f6nj\u00e4senest\u00e4 38 kuoli koneen maahansy\u00f6ksyss\u00e4, eloonj\u00e4\u00e4neist\u00e4 kymmenen murhattiin joko ampumalla tai pistimill\u00e4. Seitsem\u00e4n matkustajaa onnistui piiloutumaan murhaajilta, jotka kuuluivat &#8221;vapaustaistelija&#8221; <strong>Joshua Nkomo<\/strong>n johtamaan <strong>ZAPRA<\/strong>-liikkeeseen.<\/p>\n<p>Nkomo ja kaverinsa <strong>Mugabe<\/strong> olivat niihin aikoihin suomalaistenkin uusvasemmistolaisten sankareita. &#8221;<em>Imperialismin-vastustajat<\/em>&#8221;, pasifistit ja muut omantunnonarat yll\u00e4pitiv\u00e4t mustavalkoista maailmankuvaa, jossa henkil\u00f6n ihonv\u00e4rill\u00e4 ei ollut yht\u00e4\u00e4n sen v\u00e4h\u00e4isemp\u00e4\u00e4 roolia asioiden arvottamisessa, kuin etel\u00e4afrikkalaisten ns. <em>apartheid<\/em>-eristyspolitiikkaa harjoittavien rasistienkaan mielenmaisemassa.<\/p>\n<blockquote><p>Vasemmisto-narratiivissa v\u00e4rit meniv\u00e4t toki toisin p\u00e4in, mutta eih\u00e4n t\u00e4ll\u00e4 ole merkityst\u00e4 moraalisesti? -Eih\u00e4n?<\/p><\/blockquote>\n<p>Joka tapauksessa maailman omanatuntona esiintyv\u00e4 sakki tuomitsi sinnikk\u00e4\u00e4sti kaiken, mit\u00e4 valkoihoiset tekiv\u00e4t, ja ylisti kaikkea mit\u00e4 mustat saivat aikaan. -Ja n\u00e4inh\u00e4n se menee t\u00e4n\u00e4\u00e4nkin, vai mit\u00e4? Kuvio on sellaisenaan siirretty Israelin ja palestiinalaisten konfliktiin, eik\u00e4 logiikkaa tai tasapuolisuutta vaadita t\u00e4ll\u00e4k\u00e4\u00e4n kertaa.<\/p>\n<p><strong>Lent\u00e4jien ja lentohenkil\u00f6iden<\/strong> ammattikunta oli ilmeisesti s\u00e4\u00e4stynyt 1970-luvun <em>varhais-woketukselta<\/em>, ja piti omiensa puolta: Nkomo ja h\u00e4nen esikuntansa eiv\u00e4t sitten en\u00e4\u00e4 matkustaneet lentokoneilla. Jos Nkomo -my\u00f6hemmin <strong>Zimbabwe<\/strong>n edustajankin matkustaessaan- oli p\u00e4\u00e4ssyt pujahtamaan liikennelentokoneen matkustamoon, lent\u00e4j\u00e4t ilmoittivat lennonjohtoon, ett\u00e4 &#8221;<em>t\u00e4m\u00e4 lento ei nouse kent\u00e4lt\u00e4, ennen kuin yksi matkustaja on poistettu<\/em>&#8221;.<\/p>\n<p>Kerran Nkomo kuullemma onnistuttiin soluttamaan lentsikkaan <strong>YK<\/strong>:n (sic!) edustajana. Viel\u00e4 paljon my\u00f6hemmin er\u00e4s toinen sissip\u00e4\u00e4llik\u00f6st\u00e4 valtionjohtajaksi p\u00e4\u00e4ssyt afromarxilainen, <strong>Sam Nujoma<\/strong>, hankki varmuuden vuoksi v\u00e4litt\u00f6m\u00e4sti <strong>Namibia<\/strong>n itsen\u00e4istytty\u00e4 itselleen yksityssuihkarin.\u00a0 -Kun on <em>kehitysapua<\/em>, jolla voi m\u00e4ll\u00e4t\u00e4.<\/p>\n<h3>&#8221;Freelancerit rauhan puolesta!&#8221; (-Paitti jos <em>hyvikset<\/em> aloittaa sodan)<\/h3>\n<p>-Se oli silloin! -T\u00e4n\u00e4\u00e4n varmaankin voimme odottaa ensi kes\u00e4ksi <strong><em>solidaarisuus<\/em><\/strong>-konsertteja <strong>Hamas<\/strong>in ja <strong>Palestiinan islamilaisen jihadin<\/strong> hyv\u00e4ksi? Ja tottakai musiikin <strong>freelancerit<\/strong> ovat siell\u00e4 sankoin joukoin, -soittamassa, laulamassa ja k\u00e4tk\u00e4tt\u00e4m\u00e4ss\u00e4 ns. <em>r\u00e4ppi\u00e4<\/em> ankean aatteensa puolesta.<\/p>\n<p>Paree olla, etteiv\u00e4t <em>solidaarisuuden kohteet<\/em> satu paikan p\u00e4\u00e4lle! <strong>Moskovassa<\/strong> he olivat perjantaina. <img loading=\"lazy\" decoding=\"async\" class=\"alignnone size-full wp-image-144\" src=\"https:\/\/www.uutispeili.fi\/wp-content\/uploads\/2023\/11\/di.gold_.gif\" alt=\"\" width=\"11\" height=\"11\" \/><\/p>\n<p>Luettavaa:<\/p>\n<ul>\n<li><a href=\"https:\/\/www.iltalehti.fi\/viihdeuutiset\/a\/8f0443c0-c674-4002-b5f3-17168f67d369\" target=\"_blank\" rel=\"noopener\">Iltalehti<\/a> 25.03. 2024,<\/li>\n<li>\n<p id=\"firstHeading\" class=\"firstHeading mw-first-heading\"><span class=\"mw-page-title-main\"><a href=\"https:\/\/en.wikipedia.org\/wiki\/Air_Rhodesia_Flight_825\" target=\"_blank\" rel=\"noopener\">Air Rhodesian lento 825<\/a> ,<\/span><\/p>\n<\/li>\n<\/ul>\n<p><iframe loading=\"lazy\" title=\"SYND 5 9 78 SCENES OF THE SHOT DOWN VISCOUNT AIRCRAFT\" src=\"https:\/\/www.youtube.com\/embed\/EbxMO5awVXM\" width=\"640\" height=\"360\" frameborder=\"0\" allowfullscreen=\"allowfullscreen\"><\/iframe><\/p>\n<blockquote class=\"wp-embedded-content\" data-secret=\"IVSGs6xr1z\"><p><a href=\"https:\/\/www.uutispeili.fi\/index.php\/2023\/12\/27\/miten-sorretut-ja-kiusatut-hankkivat-maailman-myotatunnon-lesson-one-gaza-video\/\">Miten sorretut ja kiusatut hankkivat maailman my\u00f6t\u00e4tunnon. Lesson One: Gaza (VIDEO)<\/a><\/p><\/blockquote>\n<p><iframe class=\"wp-embedded-content\" sandbox=\"allow-scripts\" security=\"restricted\" style=\"position: absolute; clip: rect(1px, 1px, 1px, 1px);\" title=\"&#8221;Miten sorretut ja kiusatut hankkivat maailman my\u00f6t\u00e4tunnon. Lesson One: Gaza (VIDEO)&#8221; &#8212; \" src=\"https:\/\/www.uutispeili.fi\/index.php\/2023\/12\/27\/miten-sorretut-ja-kiusatut-hankkivat-maailman-myotatunnon-lesson-one-gaza-video\/embed\/#?secret=as5EYkyoqQ#?secret=IVSGs6xr1z\" data-secret=\"IVSGs6xr1z\" width=\"600\" height=\"338\" frameborder=\"0\" marginwidth=\"0\" marginheight=\"0\" scrolling=\"no\"><\/iframe><\/p>\n<blockquote class=\"wp-embedded-content\" data-secret=\"XCuK3q3nGv\"><p><a href=\"https:\/\/www.uutispeili.fi\/index.php\/2024\/03\/04\/ykn-tutkijat-syyta-epailla-seksuaalista-vakivaltaa-kaytetyn-hamasin-hyokkayksessa-7-lokakuuta\/\">YK:n tutkijat: &#8217;Syyt\u00e4 ep\u00e4ill\u00e4&#8217; seksuaalista v\u00e4kivaltaa k\u00e4ytetyn Hamasin hy\u00f6kk\u00e4yksess\u00e4 7. lokakuuta<\/a><\/p><\/blockquote>\n<p><iframe class=\"wp-embedded-content\" sandbox=\"allow-scripts\" security=\"restricted\" style=\"position: absolute; clip: rect(1px, 1px, 1px, 1px);\" title=\"&#8221;YK:n tutkijat: &#8217;Syyt\u00e4 ep\u00e4ill\u00e4&#8217; seksuaalista v\u00e4kivaltaa k\u00e4ytetyn Hamasin hy\u00f6kk\u00e4yksess\u00e4 7. lokakuuta&#8221; &#8212; \" src=\"https:\/\/www.uutispeili.fi\/index.php\/2024\/03\/04\/ykn-tutkijat-syyta-epailla-seksuaalista-vakivaltaa-kaytetyn-hamasin-hyokkayksessa-7-lokakuuta\/embed\/#?secret=3hM7YtEEhu#?secret=XCuK3q3nGv\" data-secret=\"XCuK3q3nGv\" width=\"600\" height=\"338\" frameborder=\"0\" marginwidth=\"0\" marginheight=\"0\" scrolling=\"no\"><\/iframe><\/p>\n","protected":false},"excerpt":{"rendered":"<p>Niinsanottu &#8217;tapahtuma-ala&#8217; -siis sen J\u00c4RJEST\u00d6T&#8211; heitt\u00e4ytyv\u00e4t yh\u00e4 kummallisempaan seuraan, -vaikka edelliset kummajais-kaveritkin ovat ilmeisesti yh\u00e4 messiss\u00e4, -ja neuvoa-pyyt\u00e4v\u00e4n puhelinsoiton p\u00e4\u00e4ss\u00e4? Lukekaapa t\u00e4m\u00e4 ajatuksella: Freelancemuusikot ry. vaatii Ylelt\u00e4 toimenpiteit\u00e4 Euroviisujen suhteen. Yhdistys vetoaa, ett\u00e4 Yle vaatisi Euroopan yleisradiounionia (EBU) sulkemaan Israelin ulos Euroviisuista. Israelin osallistuminen on her\u00e4tt\u00e4nyt keskustelua Gazan sodan vuoksi. (IL 25.03.) Siis kuinka ne [&hellip;]<\/p>\n","protected":false},"author":3,"featured_media":1582,"comment_status":"open","ping_status":"open","sticky":false,"template":"","format":"standard","meta":{"footnotes":""},"categories":[31,41,40],"tags":[],"_links":{"self":[{"href":"https:\/\/www.uutispeili.fi\/index.php\/wp-json\/wp\/v2\/posts\/1580"}],"collection":[{"href":"https:\/\/www.uutispeili.fi\/index.php\/wp-json\/wp\/v2\/posts"}],"about":[{"href":"https:\/\/www.uutispeili.fi\/index.php\/wp-json\/wp\/v2\/types\/post"}],"author":[{"embeddable":true,"href":"https:\/\/www.uutispeili.fi\/index.php\/wp-json\/wp\/v2\/users\/3"}],"replies":[{"embeddable":true,"href":"https:\/\/www.uutispeili.fi\/index.php\/wp-json\/wp\/v2\/comments?post=1580"}],"version-history":[{"count":2,"href":"https:\/\/www.uutispeili.fi\/index.php\/wp-json\/wp\/v2\/posts\/1580\/revisions"}],"predecessor-version":[{"id":1583,"href":"https:\/\/www.uutispeili.fi\/index.php\/wp-json\/wp\/v2\/posts\/1580\/revisions\/1583"}],"wp:featuredmedia":[{"embeddable":true,"href":"https:\/\/www.uutispeili.fi\/index.php\/wp-json\/wp\/v2\/media\/1582"}],"wp:attachment":[{"href":"https:\/\/www.uutispeili.fi\/index.php\/wp-json\/wp\/v2\/media?parent=1580"}],"wp:term":[{"taxonomy":"category","embeddable":true,"href":"https:\/\/www.uutispeili.fi\/index.php\/wp-json\/wp\/v2\/categories?post=1580"},{"taxonomy":"post_tag","embeddable":true,"href":"https:\/\/www.uutispeili.fi\/index.php\/wp-json\/wp\/v2\/tags?post=1580"}],"curies":[{"name":"wp","href":"https:\/\/api.w.org\/{rel}","templated":true}]}}