{"id":1565,"date":"2024-03-22T22:27:14","date_gmt":"2024-03-22T22:27:14","guid":{"rendered":"https:\/\/www.uutispeili.fi\/?p=1565"},"modified":"2024-03-25T19:15:29","modified_gmt":"2024-03-25T19:15:29","slug":"isis-ilmoittautui-krasnogorskin-hyokkaajaksi","status":"publish","type":"post","link":"https:\/\/www.uutispeili.fi\/index.php\/2024\/03\/22\/isis-ilmoittautui-krasnogorskin-hyokkaajaksi\/","title":{"rendered":"&#8217;ISIS&#8217; ilmoittautui Krasnogorskin hy\u00f6kk\u00e4\u00e4j\u00e4ksi"},"content":{"rendered":"<p><strong>Terroristij\u00e4rjest\u00f6 <em>&#8221;islamilainen valtio&#8221; IS<\/em> (ISIS, Da&#8217;esh) on ilmoittautunut Ven\u00e4j\u00e4ll\u00e4 t\u00e4n\u00e4\u00e4n perjantaina tapahtuneen terroriteon syylliseksi. Tapaus on jo toinen islamistiterroristien hy\u00f6kk\u00e4ys musiikkitapahtumaan viimeisten kuuden kuukauden aikana.<\/strong><\/p>\n<p>&#8221;<strong>ISIS<\/strong>&#8221; on ilmoittautunut t\u00e4n\u00e4\u00e4n <strong>Krasnogorsk<\/strong>issa, <strong>Moskova<\/strong>n l\u00e4hell\u00e4, tehdyn terroristihy\u00f6kk\u00e4yksen tekij\u00e4ksi, kertoo lehti.\u00a0\u00a0<strong>Crocus City Hall<\/strong> -konserttikeskukseen hy\u00f6kk\u00e4si ainakin kolme sarjatuliaseilla ja mahdollisesti r\u00e4j\u00e4hteill\u00e4 aseistautunutta henkil\u00f6\u00e4, jotka alkoivat ennen b\u00e4ndin esiintymist\u00e4 ampua yleis\u00f6\u00e4. Rakennuksessa, jossa oli hy\u00f6kk\u00e4yksen sattuessa tuhansia ihmisi\u00e4, syttyi my\u00f6s tulipalo.<\/p>\n<p>Ven\u00e4j\u00e4n viranomaisten mukaan ainakin 40 ihmist\u00e4 kuoli, loukkaantuneita on yli 100. Terroristij\u00e4rjest\u00f6 julkaisi viestins\u00e4 <strong>Telegram<\/strong>-palvelussa, joka on Ven\u00e4j\u00e4ll\u00e4 hyvin k\u00e4ytetty some-alusta.<\/p>\n<p><img loading=\"lazy\" decoding=\"async\" class=\"size-full wp-image-1591 aligncenter\" src=\"https:\/\/www.uutispeili.fi\/wp-content\/uploads\/2024\/03\/isis-moskova00000.png\" alt=\"\" width=\"488\" height=\"785\" srcset=\"https:\/\/www.uutispeili.fi\/wp-content\/uploads\/2024\/03\/isis-moskova00000.png 488w, https:\/\/www.uutispeili.fi\/wp-content\/uploads\/2024\/03\/isis-moskova00000-186x300.png 186w\" sizes=\"(max-width: 488px) 100vw, 488px\" \/><\/p>\n<blockquote><p><em>Pro-ISIS-K <strong>Al-Azaim Media<\/strong> poster released online on March 25 demanding that Russia stop the torture and mistreatment of alleged ISIS prisoners. Screenshot taken on March 25.<\/em><\/p><\/blockquote>\n<blockquote class=\"twitter-tweet\" data-width=\"550\" data-dnt=\"true\">\n<p lang=\"en\" dir=\"ltr\">ISIS HAVE CLAIMED RESPONSIBILITY FOR THE MOSCOW TERRORIST ATTACK<a href=\"https:\/\/twitter.com\/hashtag\/CROCUS?src=hash&amp;ref_src=twsrc%5Etfw\">#CROCUS<\/a> <a href=\"https:\/\/twitter.com\/hashtag\/CrocusCityHall?src=hash&amp;ref_src=twsrc%5Etfw\">#CrocusCityHall<\/a> <a href=\"https:\/\/twitter.com\/hashtag\/Moskova?src=hash&amp;ref_src=twsrc%5Etfw\">#Moskova<\/a> <a href=\"https:\/\/twitter.com\/hashtag\/MOSCOW?src=hash&amp;ref_src=twsrc%5Etfw\">#MOSCOW<\/a> <a href=\"https:\/\/twitter.com\/hashtag\/russia?src=hash&amp;ref_src=twsrc%5Etfw\">#russia<\/a> <a href=\"https:\/\/t.co\/GWerIRhSQp\">pic.twitter.com\/GWerIRhSQp<\/a><\/p>\n<p>&mdash; WorldNews (@FirstWorldNewss) <a href=\"https:\/\/twitter.com\/FirstWorldNewss\/status\/1771301644384252390?ref_src=twsrc%5Etfw\">March 22, 2024<\/a><\/p><\/blockquote>\n<p><script async src=\"https:\/\/platform.twitter.com\/widgets.js\" charset=\"utf-8\"><\/script><\/p>\n<p>Ven\u00e4j\u00e4 on pyyt\u00e4nyt <strong>Yhdysvaltoja<\/strong> jakamaan mahdolliset tietonsa terrori-iskusta. Valkoisen talon tiedottajan <strong>John Kirby<\/strong>n mukaan &#8221;<em>t\u00e4ll\u00e4 hetkell\u00e4 ei ole viitteit\u00e4 siit\u00e4, ett\u00e4 Ukraina ja ukrainalaiset olisivat osallisia<\/em>&#8221;. Ven\u00e4j\u00e4n ulkoministeri\u00f6n tiedottaja <strong>Maria Zakharova<\/strong>lla oli tieto Yhdysvaltain n\u00e4kemyksest\u00e4 jo ennen Kirbyn lausuntoa:<\/p>\n<blockquote><p>&#8221;Valkoinen talo sanoi, ettei se n\u00e4e merkkej\u00e4 siit\u00e4, ett\u00e4 Ukraina tai ukrainalaiset olisivat osallisina Moskovan terrori-iskussa&#8221;,\u00a0 totesi Zakharova jo aiemmin.<\/p><\/blockquote>\n<blockquote class=\"twitter-tweet\" data-width=\"550\" data-dnt=\"true\">\n<p lang=\"en\" dir=\"ltr\">ISIS claims responsibility for the terrorist attack at Moscow concert hall <a href=\"https:\/\/twitter.com\/hashtag\/Moscow?src=hash&amp;ref_src=twsrc%5Etfw\">#Moscow<\/a> <a href=\"https:\/\/twitter.com\/hashtag\/ISIS?src=hash&amp;ref_src=twsrc%5Etfw\">#ISIS<\/a> <a href=\"https:\/\/twitter.com\/hashtag\/Moskova?src=hash&amp;ref_src=twsrc%5Etfw\">#Moskova<\/a> <a href=\"https:\/\/twitter.com\/hashtag\/russia?src=hash&amp;ref_src=twsrc%5Etfw\">#russia<\/a> <a href=\"https:\/\/twitter.com\/hashtag\/Russie?src=hash&amp;ref_src=twsrc%5Etfw\">#Russie<\/a> <br \/> <a href=\"https:\/\/t.co\/zyt5vj3azO\">pic.twitter.com\/zyt5vj3azO<\/a><\/p>\n<p>&mdash; Blackonly1903 (@Blackonly1903) <a href=\"https:\/\/twitter.com\/Blackonly1903\/status\/1771301164354593071?ref_src=twsrc%5Etfw\">March 22, 2024<\/a><\/p><\/blockquote>\n<p><script async src=\"https:\/\/platform.twitter.com\/widgets.js\" charset=\"utf-8\"><\/script><\/p>\n<p>Ukrainan puolustusministeri\u00f6n edustajan mukaan Ven\u00e4j\u00e4n salaisilla \u200b\u200bpalveluilla voi olla osuus tapahtuneen hy\u00f6kk\u00e4yksen hy\u00f6kk\u00e4yksen suunnittelussa. -T\u00e4m\u00e4 sanottiin ennen ISIS:n ilmoittautumista syylliseksi. Ukrainan presidentin neuvonantaja <strong>Mykhailo Podolyak<\/strong> kiisti my\u00f6s Ukrainaan kohdistuvat ep\u00e4ilyt.<\/p>\n<p>Edellisi\u00e4 islamistien terroritekoja Ven\u00e4j\u00e4ll\u00e4 olivat <strong>tsetseeni-extremistien<\/strong> hy\u00f6kk\u00e4ys teatteriin Moskovassa vuonna 2002, ja <strong>Beslan<\/strong>in koulukaappaus. -Molemmat p\u00e4\u00e4ttyiv\u00e4t verisesti.<\/p>\n<blockquote class=\"twitter-tweet\" data-width=\"550\" data-dnt=\"true\">\n<p lang=\"ru\" dir=\"ltr\">\u0412 Krocus City Hall \u043d\u0435\u0438\u0437\u0432\u0435\u0441\u0442\u043d\u044b\u0439 \u043e\u0442\u043a\u0440\u044b\u043b \u0441\u0442\u0440\u0435\u043b\u044c\u0431\u0443 \u0438\u0437 \u0430\u0432\u0442\u043e\u043c\u0430\u0442\u0438\u0447\u0435\u0441\u043a\u043e\u0433\u043e \u043e\u0440\u0443\u0436\u0438\u044f \u043f\u0435\u0440\u0435\u0434 \u0432\u044b\u0441\u0442\u0443\u043f\u043b\u0435\u043d\u0438\u0435\u043c \u0433\u0440\u0443\u043f\u043f\u044b \u00ab\u041f\u0438\u043a\u043d\u0438\u043a\u00bb. \u0415\u0441\u0442\u044c \u043f\u043e\u0433\u0438\u0431\u0448\u0438\u0435 \u0438 \u0440\u0430\u043d\u0435\u043d\u044b\u0435. <a href=\"https:\/\/t.co\/69LWiCW6ik\">pic.twitter.com\/69LWiCW6ik<\/a><\/p>\n<p>&mdash; Serg W (@SA61W) <a href=\"https:\/\/twitter.com\/SA61W\/status\/1771227341043212776?ref_src=twsrc%5Etfw\">March 22, 2024<\/a><\/p><\/blockquote>\n<p><script async src=\"https:\/\/platform.twitter.com\/widgets.js\" charset=\"utf-8\"><\/script><\/p>\n<h3>Moskovan&#8221;terrori-iskussa mielenkiintoisia piirteit\u00e4:<\/h3>\n<p>Ven\u00e4l\u00e4inen tubettaja, <strong>Konstantin Samoilov<\/strong>, esitt\u00e4\u00e4 tuoreeltaan kriittisi\u00e4 kysymyksi\u00e4: Crocus City Hall on suurten keikkojen tapahtumapaikka, jossa vierailee my\u00f6s maailmant\u00e4hti\u00e4. Paikan turvallisuusj\u00e4rjestelyt ovatkin olleet hyvin hoidettuja, -eik\u00e4 nykyinen kriittinen tilanne Ven\u00e4j\u00e4ll\u00e4 tue niihen l\u00f6ysent\u00e4mist\u00e4. Kuitenkin:<\/p>\n<ul>\n<li>Crocus City Hallissa on kaikkina muina maailman p\u00e4ivin\u00e4 vartijat, jotka tarkistavat kaikkien kassit kiellettyjen esineiden varalta, ja konserttisaliin on ment\u00e4v\u00e4 <strong>metallinilmaisimien<\/strong> kautta.<\/li>\n<li>T\u00e4n\u00e4\u00e4n perjantaina (22.03.) vartijat eiv\u00e4t tarkistaneet ket\u00e4\u00e4n, v\u00e4itt\u00e4\u00e4 Samoilov.\u00a0 Metallinilmaisinkaan ei toiminut.<\/li>\n<li><strong>Rosguardia<\/strong> (mellakkapoliisi), ilmestyi paikalle vasta puoli tuntia sen ammuskelun alkamisen j\u00e4lkeen. alkanut.<\/li>\n<li>Nopein virallinen taho kommentoimaan iskua, oli <em>Ulkoministeri\u00f6<\/em>. <img loading=\"lazy\" decoding=\"async\" class=\"alignnone size-full wp-image-144\" src=\"https:\/\/www.uutispeili.fi\/wp-content\/uploads\/2023\/11\/di.gold_.gif\" alt=\"\" width=\"11\" height=\"11\" \/><\/li>\n<\/ul>\n<p>Luettavaa:<\/p>\n<ul>\n<li><a href=\"https:\/\/english.alarabiya.net\/News\/world\/2024\/03\/22\/Shooting-and-blast-reported-at-concert-hall-near-Moscow\">Al-Arabiya<\/a> 22.03. 2024,<\/li>\n<\/ul>\n<p>Samoilovin videol\u00e4hetys 22.03. 20214:<\/p>\n<p><iframe loading=\"lazy\" title=\"ACTS OF TERROR IN MOSCOW NOW | Too Many Questions To The Authorities\" src=\"https:\/\/www.youtube.com\/embed\/59RyfEBKbjw\" width=\"640\" height=\"360\" frameborder=\"0\" allowfullscreen=\"allowfullscreen\"><\/iframe><\/p>\n","protected":false},"excerpt":{"rendered":"<p>Terroristij\u00e4rjest\u00f6 &#8221;islamilainen valtio&#8221; IS (ISIS, Da&#8217;esh) on ilmoittautunut Ven\u00e4j\u00e4ll\u00e4 t\u00e4n\u00e4\u00e4n perjantaina tapahtuneen terroriteon syylliseksi. Tapaus on jo toinen islamistiterroristien hy\u00f6kk\u00e4ys musiikkitapahtumaan viimeisten kuuden kuukauden aikana. &#8221;ISIS&#8221; on ilmoittautunut t\u00e4n\u00e4\u00e4n Krasnogorskissa, Moskovan l\u00e4hell\u00e4, tehdyn terroristihy\u00f6kk\u00e4yksen tekij\u00e4ksi, kertoo lehti.\u00a0\u00a0Crocus City Hall -konserttikeskukseen hy\u00f6kk\u00e4si ainakin kolme sarjatuliaseilla ja mahdollisesti r\u00e4j\u00e4hteill\u00e4 aseistautunutta henkil\u00f6\u00e4, jotka alkoivat ennen b\u00e4ndin esiintymist\u00e4 ampua [&hellip;]<\/p>\n","protected":false},"author":3,"featured_media":1566,"comment_status":"open","ping_status":"open","sticky":false,"template":"","format":"standard","meta":{"footnotes":""},"categories":[7],"tags":[],"_links":{"self":[{"href":"https:\/\/www.uutispeili.fi\/index.php\/wp-json\/wp\/v2\/posts\/1565"}],"collection":[{"href":"https:\/\/www.uutispeili.fi\/index.php\/wp-json\/wp\/v2\/posts"}],"about":[{"href":"https:\/\/www.uutispeili.fi\/index.php\/wp-json\/wp\/v2\/types\/post"}],"author":[{"embeddable":true,"href":"https:\/\/www.uutispeili.fi\/index.php\/wp-json\/wp\/v2\/users\/3"}],"replies":[{"embeddable":true,"href":"https:\/\/www.uutispeili.fi\/index.php\/wp-json\/wp\/v2\/comments?post=1565"}],"version-history":[{"count":4,"href":"https:\/\/www.uutispeili.fi\/index.php\/wp-json\/wp\/v2\/posts\/1565\/revisions"}],"predecessor-version":[{"id":1593,"href":"https:\/\/www.uutispeili.fi\/index.php\/wp-json\/wp\/v2\/posts\/1565\/revisions\/1593"}],"wp:featuredmedia":[{"embeddable":true,"href":"https:\/\/www.uutispeili.fi\/index.php\/wp-json\/wp\/v2\/media\/1566"}],"wp:attachment":[{"href":"https:\/\/www.uutispeili.fi\/index.php\/wp-json\/wp\/v2\/media?parent=1565"}],"wp:term":[{"taxonomy":"category","embeddable":true,"href":"https:\/\/www.uutispeili.fi\/index.php\/wp-json\/wp\/v2\/categories?post=1565"},{"taxonomy":"post_tag","embeddable":true,"href":"https:\/\/www.uutispeili.fi\/index.php\/wp-json\/wp\/v2\/tags?post=1565"}],"curies":[{"name":"wp","href":"https:\/\/api.w.org\/{rel}","templated":true}]}}