{"id":14677,"date":"2026-09-04T16:38:02","date_gmt":"2026-09-04T13:38:02","guid":{"rendered":"https:\/\/www.uutispeili.fi\/?p=14677"},"modified":"2026-09-04T16:38:04","modified_gmt":"2026-09-04T13:38:04","slug":"suuri-valiokunta-sai-ennakkoselvityksen-ministeri-essayahilta-ja-kuuli-asiantuntijoita-tulevasta-monivuotisesta-rahoituskehyksesta","status":"publish","type":"post","link":"https:\/\/www.uutispeili.fi\/index.php\/2026\/09\/04\/suuri-valiokunta-sai-ennakkoselvityksen-ministeri-essayahilta-ja-kuuli-asiantuntijoita-tulevasta-monivuotisesta-rahoituskehyksesta\/","title":{"rendered":"Suuri valiokunta sai ennakkoselvityksen ministeri Essayahilta ja kuuli asiantuntijoita tulevasta monivuotisesta rahoituskehyksest\u00e4"},"content":{"rendered":"<p><strong>Syksyn toisessa kokouksessaan perjantaina 4.9. eduskunnan suuri valiokunta jatkoi asiantuntijakuulemisia liittyen <em>Euroopan komission ehdotukseksi EU:n vuosien 2028\u20132034 monivuotiseksi rahoituskehykseksi<\/em> (MFF).<\/strong><\/p>\n<p>(Arkistokuva: Sari Essayah, kuval\u00e4hde: Eduskunta.)<\/p>\n<p class=\"v1Leipis\">Eduskunnan suuri valiokunta sai kokouksessaan perjantaina 4. syyskuuta ennakkoselvityksen tulevasta ep\u00e4virallisesta <strong>EU-maiden maatalousministerikokouksesta<\/strong>. Selvityksen 6.\u20138. syyskuuta Irlannin <strong>Dublin<\/strong>issa j\u00e4rjestett\u00e4v\u00e4st\u00e4 kokouksesta valiokunnalle antoi maa- ja mets\u00e4talousministeri <strong>Sari Essayah<\/strong> (Kristillisdemokraatit.).<\/p>\n<h2 class=\"v1Leipis\">Maatalousministerikokouksessa k\u00e4siteltiin mm.\u00a0 kotiel\u00e4intuotantoa<\/h2>\n<p class=\"v1Leipis\">Ep\u00e4virallisen ministerikokouksen asialistalla ovat ministeri Sari Essayahin mukaan <strong>EU-komission<\/strong> tiedonannot kotiel\u00e4intuotantoa koskevasta strategiasta ja proteiinisuunnitelmasta, erityisesti ministerit tulevat keskustelemaan tutkimuksesta ja innovaatioista sek\u00e4 siit\u00e4, miten niit\u00e4 voidaan hy\u00f6dynt\u00e4\u00e4.<\/p>\n<p>Suuren valiokunnan j\u00e4seni\u00e4 kiinnostivat tulevan kokouksen asialistalla olevan proteiinisuunnitelman lis\u00e4ksi maatalouden ajankohtaiset kysymykset laajemminkin. Ministerilt\u00e4 valiokunnan j\u00e4senet kysyiv\u00e4t muun muassa <em><strong>sikaruttorokotteen<\/strong><\/em> kehitysaikataulusta ja jakelusta, el\u00e4inten hyvinvoinnin edist\u00e4misest\u00e4 EU-maissa sek\u00e4 <em><strong>brasilialaisen naudanlihan<\/strong><\/em> tuontirajoituksista. My\u00f6s <strong><em>turkistarhauksen<\/em><\/strong> kielt\u00e4v\u00e4n kansalaisaloitteen eteneminen EU-komissiossa kiinnosti kansanedustajia.<\/p>\n<h2 class=\"v1Leipis\"><span class=\"v1Otsikko2Char\">Suuren valiokunnan p\u00e4\u00e4t\u00f6sasiana eurooppalainen junaliikenne<\/span><\/h2>\n<p class=\"v1Leipis\">Suuren valiokunnan kokouksen p\u00e4\u00e4t\u00f6sasia koski EU:n rautatieliikenteen lipunmyynti\u00e4 ja matkustajien oikeuksia koskevia asetusehdotuksia.<\/p>\n<p>Suuri valiokunta yhtyi <strong>liikenne- ja viestint\u00e4valiokunnan<\/strong> kannanoton mukaisesti <strong>valtioneuvoston<\/strong> my\u00f6nteiseen kantaan asetusehdotuksiin, joiden tavoitteena on helpottaa junalippujen hankintaa ja vahvistaa matkustajien oikeuksia.<\/p>\n<h2 class=\"v1Leipis\"><span class=\"v1Otsikko2Char\">Kuulemiset EU:n monivuotisesta rahoituskehyksest\u00e4 jatkuivat<\/span><\/h2>\n<p class=\"v1Leipis\">Lis\u00e4ksi suuri valiokunta kuuli perjantain kokouksessaan asiantuntijoita <strong>valtioneuvoston kansliasta<\/strong>, <strong>valtiovarainministeri\u00f6st\u00e4<\/strong> sek\u00e4 <strong>maa- ja mets\u00e4talousministeri\u00f6st\u00e4<\/strong> EU:n vuosien 2028\u20132034 monivuotiseksi rahoituskehykseksi (MFF). Eduskunnan k\u00e4sittelyss\u00e4 on valtioneuvoston kirjelm\u00e4, jossa tarkennetaan valtioneuvoston kantoja erityisesti kehyksen kokonaistason, rahoituksen kohdentamisen, unionin omien varojen ja maatalouden rahoituksen osalta. <img loading=\"lazy\" decoding=\"async\" class=\"alignnone size-full wp-image-144\" src=\"https:\/\/www.uutispeili.fi\/wp-content\/uploads\/2023\/11\/di.gold_.gif\" alt=\"\" width=\"11\" height=\"11\" \/><\/p>\n<p>Luettavaa:<\/p>\n<ul>\n<li class=\"v1Leipis\"><a href=\"https:\/\/verkkolahetys.eduskunta.fi\/fi\/esittelyvideot\/suv4frwjp399h\" target=\"_blank\" rel=\"noopener noreferrer\">Mik\u00e4 on eduskunnan suuri valiokunta?<\/a><\/li>\n<li class=\"v1Leipis\"><a href=\"https:\/\/www.eduskunta.fi\/kansanedustajat-ja-toimielimet\/valiokunnat\/suuri-valiokunta\/valiokuntatyo\" target=\"_blank\" rel=\"noopener noreferrer\">Suuren valiokunnan kokousten p\u00f6yt\u00e4kirjat valiokunnan sivulla<\/a><u><br \/>\n<\/u><\/li>\n<li class=\"v1Leipis\"><a href=\"https:\/\/www.consilium.europa.eu\/fi\/meetings\/calendar\/?daterange=future\" target=\"_blank\" rel=\"noopener noreferrer\">EU:n neuvoston kokouskalenteri (consilium.europa.eu)<\/a><b><\/b><\/li>\n<\/ul>\n","protected":false},"excerpt":{"rendered":"<p>Syksyn toisessa kokouksessaan perjantaina 4.9. eduskunnan suuri valiokunta jatkoi asiantuntijakuulemisia liittyen Euroopan komission ehdotukseksi EU:n vuosien 2028\u20132034 monivuotiseksi rahoituskehykseksi (MFF). (Arkistokuva: Sari Essayah, kuval\u00e4hde: Eduskunta.) Eduskunnan suuri valiokunta sai kokouksessaan perjantaina 4. syyskuuta ennakkoselvityksen tulevasta ep\u00e4virallisesta EU-maiden maatalousministerikokouksesta. Selvityksen 6.\u20138. syyskuuta Irlannin Dublinissa j\u00e4rjestett\u00e4v\u00e4st\u00e4 kokouksesta valiokunnalle antoi maa- ja mets\u00e4talousministeri Sari Essayah (Kristillisdemokraatit.). Maatalousministerikokouksessa k\u00e4siteltiin [&hellip;]<\/p>\n","protected":false},"author":3,"featured_media":4818,"comment_status":"open","ping_status":"open","sticky":false,"template":"","format":"standard","meta":{"footnotes":""},"categories":[43],"tags":[],"_links":{"self":[{"href":"https:\/\/www.uutispeili.fi\/index.php\/wp-json\/wp\/v2\/posts\/14677"}],"collection":[{"href":"https:\/\/www.uutispeili.fi\/index.php\/wp-json\/wp\/v2\/posts"}],"about":[{"href":"https:\/\/www.uutispeili.fi\/index.php\/wp-json\/wp\/v2\/types\/post"}],"author":[{"embeddable":true,"href":"https:\/\/www.uutispeili.fi\/index.php\/wp-json\/wp\/v2\/users\/3"}],"replies":[{"embeddable":true,"href":"https:\/\/www.uutispeili.fi\/index.php\/wp-json\/wp\/v2\/comments?post=14677"}],"version-history":[{"count":1,"href":"https:\/\/www.uutispeili.fi\/index.php\/wp-json\/wp\/v2\/posts\/14677\/revisions"}],"predecessor-version":[{"id":14678,"href":"https:\/\/www.uutispeili.fi\/index.php\/wp-json\/wp\/v2\/posts\/14677\/revisions\/14678"}],"wp:featuredmedia":[{"embeddable":true,"href":"https:\/\/www.uutispeili.fi\/index.php\/wp-json\/wp\/v2\/media\/4818"}],"wp:attachment":[{"href":"https:\/\/www.uutispeili.fi\/index.php\/wp-json\/wp\/v2\/media?parent=14677"}],"wp:term":[{"taxonomy":"category","embeddable":true,"href":"https:\/\/www.uutispeili.fi\/index.php\/wp-json\/wp\/v2\/categories?post=14677"},{"taxonomy":"post_tag","embeddable":true,"href":"https:\/\/www.uutispeili.fi\/index.php\/wp-json\/wp\/v2\/tags?post=14677"}],"curies":[{"name":"wp","href":"https:\/\/api.w.org\/{rel}","templated":true}]}}