{"id":14666,"date":"2026-09-03T18:22:55","date_gmt":"2026-09-03T15:22:55","guid":{"rendered":"https:\/\/www.uutispeili.fi\/?p=14666"},"modified":"2026-09-03T18:27:53","modified_gmt":"2026-09-03T15:27:53","slug":"nain-on-aina-ollut-ja-nain-on-aina-oleva-sinuhe-egyptilainen","status":"publish","type":"post","link":"https:\/\/www.uutispeili.fi\/index.php\/2026\/09\/03\/nain-on-aina-ollut-ja-nain-on-aina-oleva-sinuhe-egyptilainen\/","title":{"rendered":"&#8221;N\u00e4in on aina ollut, ja n\u00e4in on aina oleva&#8221;,  -Sinuhe Egyptil\u00e4inen"},"content":{"rendered":"<p><strong>Eduskunnan syyskausi alkoi niin kuin eilen olisi ollut edellinen, -eli jankati jankati- tosin sill\u00e4 erolla, ett\u00e4 demarit olivat kovasti &#8221;<em>huolissaan<\/em>&#8221; valtion velkaantumisesta.<\/strong><\/p>\n<p>(Kuva 03.09.2026: Sofia Virta, kuval\u00e4hde: Edskunta.)<\/p>\n<p>Siis demarit jotka ovat maaiilman sivu verottaneet raskaasti ja ihan oikeasti, ei vain <strong>Vasemmistoliiton<\/strong> &#8221;<em>hurlum hei<\/em>&#8221; -puheilla, niin kuin demarit vastasivat Vasemmistoliiton per\u00e4ti 9 000 000 000 euron -siis yhdeks\u00e4n miljardin- veronkorotus vaateisiin. T\u00e4m\u00e4 siksi, koska <strong>SDP<\/strong> -jos hallitukseen p\u00e4\u00e4sev\u00e4t- lis\u00e4isi veroja &#8221;<em>vain<\/em>&#8221; viidell\u00e4 miljardilla..<\/p>\n<p>No, joka tapauksessa oppositiota -my\u00f6s <strong>Keskusta<\/strong>a- paheksutti edelleen valtion velan kasvu.<\/p>\n<p>Hallitus vastasi, ett\u00e4 kohti valoa kuljetaan, koska Suomen talouden kasvu on nyt Euroopan nopeinta. Meill\u00e4 on ankara ty\u00f6tt\u00f6myys, eik\u00e4 se todenn\u00e4k\u00f6isesti kohene merkitt\u00e4v\u00e4sti, vaikka talous kasvaa, koska <em>teko\u00e4ly-AI<\/em> tulee ja vie, -ei ty\u00f6t\u00e4 vaan- ty\u00f6paikat.<\/p>\n<h2>Juupas eip\u00e4s<\/h2>\n<p>Etenkin <strong>Vihre\u00e4t<\/strong> ja muu vasemmisto paheksui sosiaali- ja terveysministeri <strong>Wille Rydman<\/strong>in l\u00e4pi ajamia j\u00e4rjest\u00f6avustusten leikkauksia. Vihreiden puheenjohtaja <strong>Sofia Virta<\/strong> profetoi, kuinka n\u00e4m\u00e4 leikkaukset ovat <em>&#8221;uhka demokratialle<\/em>&#8221;. T\u00e4h\u00e4n on tietenkin todettava, ett\u00e4 eiv\u00e4t ole: Eiv\u00e4t j\u00e4rjest\u00f6jen pienenev\u00e4t avustukset est\u00e4 vaaleja, eiv\u00e4t ehdolle asettumista, eiv\u00e4tk\u00e4 \u00e4\u00e4nest\u00e4mist\u00e4.<\/p>\n<p>Kysymys on pitk\u00e4lti siit\u00e4, ett\u00e4 sikarikkaat -jopa kymmenien miljoonien s\u00e4\u00e4ti\u00f6varallisuutta omaavat- j\u00e4rjest\u00f6t, kuten vaikkapa <strong>Marttaliitto<\/strong>, eiv\u00e4t kaadu jos niiden avustuksia leikataan muutamalla kymmenell\u00e4 tuhannella, mutta niiden olisi pudotettava johtajiensa jopa liki 20 000 euron kuukausipalkkoja.<\/p>\n<blockquote><p>Vaikuttaa silt\u00e4, ett\u00e4 mieluummin j\u00e4rjest\u00f6-satraapit ajavat yhdistyksen nurin, kuin luopuvat lihavista palkoistaan ja muista eduistaan: <strong>Hyv\u00e4veli\/hyv\u00e4sisko-verkostot<\/strong> j\u00e4rjest\u00e4v\u00e4t heille jotain konsulttihomma tai vastaavia puuhasteluja.<\/p><\/blockquote>\n<p>MInisteri Rydman puhui moneen otteeseen siit\u00e4, ett\u00e4 samalla osa-alueella toimivat yhdistykset\/ j\u00e4rjest\u00f6t voisivat yhdisty\u00e4, ja olla n\u00e4in entist\u00e4 tehokkaampia. T\u00e4h\u00e4n opposition edustajat eiv\u00e4t ottaneet kantaa. Kummallista, koska t\u00e4m\u00e4n olisi luullut olevan ensimm\u00e4inen asia, jota olisi ruvettu pohtimaan, kun tiedot leikkauksista tulivat.<\/p>\n<p>Eli mieluummin &#8221;<em>kaadutaan &#8211; muiden- saappaat jalassa&#8221;<\/em> kuin, ett\u00e4 kenenk\u00e4\u00e4n tarvitsee kaatua.<\/p>\n<p>Jos viel\u00e4 kev\u00e4tistuntokauden tunnelmiin vertaa &#8221;<em>vanhoollansa menn\u00e4h\u00e4n<\/em>&#8221;, mutta jo kire\u00e4mm\u00e4ll\u00e4 \u00e4\u00e4nens\u00e4vyill\u00e4, -vaalien l\u00e4heisyydest\u00e4 johtuen.<\/p>\n<h2>Entinen p\u00e4\u00e4ministeri palaa eduskuntaan<\/h2>\n<p>SDP:n kansanedustaja <strong>Mia-Petra Kumpula-Natri<\/strong>lle my\u00f6nnettiin vapautus kansanedustajan toimesta 1. Lokakuuta alkaen. H\u00e4net on nimitetty <strong>Teknologia Teollisuuden<\/strong> johtajaksi. Natrin tilalle eduskuntaan nousee SDP:n puheenjohtajanakin toiminut <strong>Antti Rinne<\/strong>.<\/p>\n<p>Seppo Huhta<\/p>\n","protected":false},"excerpt":{"rendered":"<p>Eduskunnan syyskausi alkoi niin kuin eilen olisi ollut edellinen, -eli jankati jankati- tosin sill\u00e4 erolla, ett\u00e4 demarit olivat kovasti &#8221;huolissaan&#8221; valtion velkaantumisesta. (Kuva 03.09.2026: Sofia Virta, kuval\u00e4hde: Edskunta.) Siis demarit jotka ovat maaiilman sivu verottaneet raskaasti ja ihan oikeasti, ei vain Vasemmistoliiton &#8221;hurlum hei&#8221; -puheilla, niin kuin demarit vastasivat Vasemmistoliiton per\u00e4ti 9 000 000 000 [&hellip;]<\/p>\n","protected":false},"author":5,"featured_media":14667,"comment_status":"open","ping_status":"open","sticky":false,"template":"","format":"standard","meta":{"footnotes":""},"categories":[49,25],"tags":[],"_links":{"self":[{"href":"https:\/\/www.uutispeili.fi\/index.php\/wp-json\/wp\/v2\/posts\/14666"}],"collection":[{"href":"https:\/\/www.uutispeili.fi\/index.php\/wp-json\/wp\/v2\/posts"}],"about":[{"href":"https:\/\/www.uutispeili.fi\/index.php\/wp-json\/wp\/v2\/types\/post"}],"author":[{"embeddable":true,"href":"https:\/\/www.uutispeili.fi\/index.php\/wp-json\/wp\/v2\/users\/5"}],"replies":[{"embeddable":true,"href":"https:\/\/www.uutispeili.fi\/index.php\/wp-json\/wp\/v2\/comments?post=14666"}],"version-history":[{"count":2,"href":"https:\/\/www.uutispeili.fi\/index.php\/wp-json\/wp\/v2\/posts\/14666\/revisions"}],"predecessor-version":[{"id":14669,"href":"https:\/\/www.uutispeili.fi\/index.php\/wp-json\/wp\/v2\/posts\/14666\/revisions\/14669"}],"wp:featuredmedia":[{"embeddable":true,"href":"https:\/\/www.uutispeili.fi\/index.php\/wp-json\/wp\/v2\/media\/14667"}],"wp:attachment":[{"href":"https:\/\/www.uutispeili.fi\/index.php\/wp-json\/wp\/v2\/media?parent=14666"}],"wp:term":[{"taxonomy":"category","embeddable":true,"href":"https:\/\/www.uutispeili.fi\/index.php\/wp-json\/wp\/v2\/categories?post=14666"},{"taxonomy":"post_tag","embeddable":true,"href":"https:\/\/www.uutispeili.fi\/index.php\/wp-json\/wp\/v2\/tags?post=14666"}],"curies":[{"name":"wp","href":"https:\/\/api.w.org\/{rel}","templated":true}]}}