{"id":14652,"date":"2026-09-03T16:55:41","date_gmt":"2026-09-03T13:55:41","guid":{"rendered":"https:\/\/www.uutispeili.fi\/?p=14652"},"modified":"2026-09-03T16:56:20","modified_gmt":"2026-09-03T13:56:20","slug":"eduskunnan-tarkastusvaliokunta-haluaa-kaventaa-hoitoon-paasyn-eroja","status":"publish","type":"post","link":"https:\/\/www.uutispeili.fi\/index.php\/2026\/09\/03\/eduskunnan-tarkastusvaliokunta-haluaa-kaventaa-hoitoon-paasyn-eroja\/","title":{"rendered":"Eduskunnan tarkastusvaliokunta haluaa kaventaa hoitoon p\u00e4\u00e4syn eroja"},"content":{"rendered":"<p><strong>Eduskunnan tarkastusaliokunnan mietint\u00f6 terveydenhuollon toimivuudesta on valmistunut 3. syyskuuta.<\/strong><\/p>\n<p>(Arkistokuva.)<\/p>\n<h2>Eriarvoisuus hoitoon p\u00e4\u00e4syss\u00e4 keskeinen ongelma<\/h2>\n<p>Keskeisen\u00e4 ongelmana nousee esille eriarvoisuus hoitoon p\u00e4\u00e4syss\u00e4 alueellisesti sek\u00e4 v\u00e4est\u00f6ryhmien v\u00e4lill\u00e4.\u00a0 Valiokunta pit\u00e4\u00e4 <strong><em>omal\u00e4\u00e4k\u00e4rimallia<\/em><\/strong> keinona parantaa perustason avosairaanhoidon saatavuutta, jatkuvuutta ja yhdenvertaisuutta. \u00a0Valiokunnan mietint\u00f6\u00f6n sis\u00e4ltyy yhteens\u00e4 yhdeks\u00e4n lausumaehdotusta.<\/p>\n<h2>Erikoissairaanhoidon kustannusten kasvun hillitseminen tavoitteena<\/h2>\n<p>Valiokunnan l\u00e4ht\u00f6kohdat terveydenhuollon tarkastelussa ovat olleet tavoitteet perustason vahvistamisesta ja erikoissairaanhoidon kustannusten kasvun hillitsemisest\u00e4.<\/p>\n<blockquote><p>T\u00e4m\u00e4n vuoksi valiokunta tarkastelee julkisten varojen k\u00e4yt\u00f6n tehokkuutta sek\u00e4 Suomen monikanavaisen palveluj\u00e4rjestelm\u00e4n tarkoituksenmukaisuutta ja j\u00e4rjestelm\u00e4n kehitt\u00e4mistarpeita.<\/p><\/blockquote>\n<p>Valiokunta toteaa, ett\u00e4 Suomeen on muodostunut kansainv\u00e4lisess\u00e4 vertailussa poikkeava <strong><em>nelj\u00e4lle eri sektorille jakautunut<\/em><\/strong> perustason avosairaanhoidon palveluj\u00e4rjestelm\u00e4, joka aiheuttaa ongelmia sek\u00e4 yksil\u00f6tasolla ett\u00e4 j\u00e4rjestelm\u00e4tasolla.<\/p>\n<p>Yksil\u00f6tasolla j\u00e4rjestelm\u00e4n hajanaisuus voi aiheuttaa <strong><em>p\u00e4\u00e4llekk\u00e4isi\u00e4 tutkimuksia ja hoitoa<\/em><\/strong>, hoidon jatkuvuus k\u00e4rsii, syntyy tiedon liikkumisen ongelmia ja potilaan kokonaistilanteen hahmottaminen voi vaikeutua. J\u00e4rjestelm\u00e4tasolla henkil\u00f6st\u00f6resurssit eiv\u00e4t aina kohdennu tarpeen mukaisesti.<\/p>\n<h2>Ruuhka perusterveydenhuollossa vaikeuttaa kroonisten sairauksien hallintaa<\/h2>\n<blockquote><p>Palvelujen heikko saatavuus julkisessa perusterveydenhuollossa ruuhkauttaa p\u00e4ivystyspalveluja, vaikeuttaa kroonisten sairauksien hallintaa ja voi kasvattaa erikoissairaanhoidon kuormitusta ja kustannuksia.<\/p><\/blockquote>\n<p>T\u00e4m\u00e4n vuoksi valiokunta pit\u00e4\u00e4 v\u00e4ltt\u00e4m\u00e4tt\u00f6m\u00e4n\u00e4 vahvistaa perusterveydenhuollon palvelukyky\u00e4 ja seurata n\u00e4iden toimien vaikutuksia erikoissairaanhoidon palvelutarpeeseen ja kustannuskehitykseen. Lis\u00e4ksi valiokunta edellytt\u00e4\u00e4, ett\u00e4 hallitus arvioi terveyspalvelujen alueellista ja v\u00e4est\u00f6ryhmien v\u00e4list\u00e4 yhdenvertaisuutta sek\u00e4 toteuttaa tarvittavat toimet hoitoon p\u00e4\u00e4syn erojen kaventamiseksi.<\/p>\n<blockquote><p>Valiokunta pit\u00e4\u00e4 omal\u00e4\u00e4k\u00e4rimallia keskeisen\u00e4 keinona parantaa perustason avosairaanhoidon saatavuutta, jatkuvuutta ja yhdenvertaisuutta.<\/p><\/blockquote>\n<p><strong>Hyvinvointialueet<\/strong> ovat t\u00e4h\u00e4n asti edenneet vaihtelevasti mallin k\u00e4ytt\u00f6\u00f6notossa. Valiokunta katsoo, ett\u00e4 hallituksen tulee k\u00e4ynnist\u00e4\u00e4 viipym\u00e4tt\u00e4 selvitys siit\u00e4, millaista normiohjausta ja kehitt\u00e4mistukea tarvitaan omal\u00e4\u00e4k\u00e4reihin perustuvan toimintamallin kansalliseksi toteuttamiseksi sek\u00e4 perusterveydenhuollon hoitoon p\u00e4\u00e4syn nopeuttamiseksi.<\/p>\n<h2>Ty\u00f6terveyshuollon rooli ja ydinteht\u00e4v\u00e4 kaipaa selkeytt\u00e4mist\u00e4<\/h2>\n<p>L\u00e4hes kaksi miljoonaa suomalaista on <strong>ty\u00f6terveyshuollon<\/strong> sairaanhoitopalvelujen piiriss\u00e4 ja siten ty\u00f6terveyshuolto on olennainen osa suomalaista terveydenhuoltoj\u00e4rjestelm\u00e4\u00e4. Valiokunta pit\u00e4\u00e4 t\u00e4rke\u00e4n\u00e4 selkeytt\u00e4\u00e4 ty\u00f6terveyshuollon roolia ja ydinteht\u00e4v\u00e4\u00e4.<\/p>\n<p>Lakis\u00e4\u00e4teisen ehk\u00e4isev\u00e4n ty\u00f6terveyshuollon ja vapaaehtoisen ty\u00f6terveyshuollon eli sairaanhoitopalvelujen v\u00e4linen raja on h\u00e4m\u00e4rtynyt. Ty\u00f6nantajan saamien Kela-korvausten kannalta on merkityst\u00e4, mihin korvausluokkaan k\u00e4ynti kirjataan.<\/p>\n<blockquote><p>Valiokunta edellytt\u00e4\u00e4, ett\u00e4 hallitus selvitt\u00e4\u00e4 lakis\u00e4\u00e4teisen ty\u00f6terveyshuollon ja vapaaehtoisen ty\u00f6terveyshuollon sairaanhoitopalvelujen v\u00e4lisen rajan ja korvausperusteiden selkeytt\u00e4mist\u00e4 sek\u00e4 Kela-korvausten saamiseen vaikuttavien kirjaamisk\u00e4yt\u00e4nt\u00f6jen yhten\u00e4ist\u00e4mist\u00e4.<\/p><\/blockquote>\n<h2>Perustason avosairaanhoitoa tulee kehitt\u00e4\u00e4 jatkossa kokonaisuutena<\/h2>\n<p>Valiokunta painottaa, ett\u00e4 jatkossa on v\u00e4ltt\u00e4m\u00e4t\u00f6nt\u00e4 tarkastella ja kehitt\u00e4\u00e4 perustason avosairaanhoitoa kokonaisuutena, jonka kehitt\u00e4misess\u00e4 ja ohjauksessa otetaan huomioon resurssien vaikuttava, tehokas ja oikeudenmukainen kohdentuminen eri sektoreiden v\u00e4lill\u00e4.<\/p>\n<p>T\u00e4m\u00e4 edellytt\u00e4\u00e4 tiedonkeruun ja seurantaj\u00e4rjestelmien kehitt\u00e4mist\u00e4 sek\u00e4 digitalisaation ja teko\u00e4lyn mahdollisuuksien hy\u00f6dynt\u00e4mist\u00e4. Lis\u00e4ksi valiokunta ehdottaa julkisten varojen ja henkil\u00f6st\u00f6resurssien rajallisuuden vuoksi, ett\u00e4 hallitus selvitt\u00e4\u00e4, millaista terveydenhuollon palveluvalikoimaa julkisin varoin on mahdollista yll\u00e4pit\u00e4\u00e4. <img loading=\"lazy\" decoding=\"async\" class=\"alignnone size-full wp-image-144\" src=\"https:\/\/www.uutispeili.fi\/wp-content\/uploads\/2023\/11\/di.gold_.gif\" alt=\"\" width=\"11\" height=\"11\" \/><\/p>\n<p>(Uutipeili ei ole muokannut artikkelin sis\u00e4lt\u00f6\u00e4.)<\/p>\n<p>Luettavaa:<\/p>\n<ul>\n<li>Valiokunnan mietint\u00f6 TrVM \u00a09\/2026 <u><a href=\"https:\/\/www.eduskunta.fi\/valtiopaivaasiakirjat\/TrVM+9\/2026\">https:\/\/www.eduskunta.fi\/valtiopaivaasiakirjat\/TrVM+9\/2026<\/a><\/u><\/li>\n<li>Tutkimusraporttiin <strong><a href=\"https:\/\/www.eduskunta.fi\/api\/assets\/globalassets\/tiedostot\/pdf-tiedostot\/trv-julkaisut\/perustason-avosairaanhoidon-rakenteet-resurssit-ja-rahoitus.pdf\">Perustason avosairaanhoidon rakenteet, resurssit ja rahoitus.<\/a><\/strong><\/li>\n<\/ul>\n","protected":false},"excerpt":{"rendered":"<p>Eduskunnan tarkastusaliokunnan mietint\u00f6 terveydenhuollon toimivuudesta on valmistunut 3. syyskuuta. (Arkistokuva.) Eriarvoisuus hoitoon p\u00e4\u00e4syss\u00e4 keskeinen ongelma Keskeisen\u00e4 ongelmana nousee esille eriarvoisuus hoitoon p\u00e4\u00e4syss\u00e4 alueellisesti sek\u00e4 v\u00e4est\u00f6ryhmien v\u00e4lill\u00e4.\u00a0 Valiokunta pit\u00e4\u00e4 omal\u00e4\u00e4k\u00e4rimallia keinona parantaa perustason avosairaanhoidon saatavuutta, jatkuvuutta ja yhdenvertaisuutta. \u00a0Valiokunnan mietint\u00f6\u00f6n sis\u00e4ltyy yhteens\u00e4 yhdeks\u00e4n lausumaehdotusta. Erikoissairaanhoidon kustannusten kasvun hillitseminen tavoitteena Valiokunnan l\u00e4ht\u00f6kohdat terveydenhuollon tarkastelussa ovat olleet tavoitteet [&hellip;]<\/p>\n","protected":false},"author":3,"featured_media":14655,"comment_status":"open","ping_status":"open","sticky":false,"template":"","format":"standard","meta":{"footnotes":""},"categories":[43],"tags":[],"_links":{"self":[{"href":"https:\/\/www.uutispeili.fi\/index.php\/wp-json\/wp\/v2\/posts\/14652"}],"collection":[{"href":"https:\/\/www.uutispeili.fi\/index.php\/wp-json\/wp\/v2\/posts"}],"about":[{"href":"https:\/\/www.uutispeili.fi\/index.php\/wp-json\/wp\/v2\/types\/post"}],"author":[{"embeddable":true,"href":"https:\/\/www.uutispeili.fi\/index.php\/wp-json\/wp\/v2\/users\/3"}],"replies":[{"embeddable":true,"href":"https:\/\/www.uutispeili.fi\/index.php\/wp-json\/wp\/v2\/comments?post=14652"}],"version-history":[{"count":2,"href":"https:\/\/www.uutispeili.fi\/index.php\/wp-json\/wp\/v2\/posts\/14652\/revisions"}],"predecessor-version":[{"id":14654,"href":"https:\/\/www.uutispeili.fi\/index.php\/wp-json\/wp\/v2\/posts\/14652\/revisions\/14654"}],"wp:featuredmedia":[{"embeddable":true,"href":"https:\/\/www.uutispeili.fi\/index.php\/wp-json\/wp\/v2\/media\/14655"}],"wp:attachment":[{"href":"https:\/\/www.uutispeili.fi\/index.php\/wp-json\/wp\/v2\/media?parent=14652"}],"wp:term":[{"taxonomy":"category","embeddable":true,"href":"https:\/\/www.uutispeili.fi\/index.php\/wp-json\/wp\/v2\/categories?post=14652"},{"taxonomy":"post_tag","embeddable":true,"href":"https:\/\/www.uutispeili.fi\/index.php\/wp-json\/wp\/v2\/tags?post=14652"}],"curies":[{"name":"wp","href":"https:\/\/api.w.org\/{rel}","templated":true}]}}