{"id":14638,"date":"2026-09-02T14:16:44","date_gmt":"2026-09-02T11:16:44","guid":{"rendered":"https:\/\/www.uutispeili.fi\/?p=14638"},"modified":"2026-09-02T14:16:45","modified_gmt":"2026-09-02T11:16:45","slug":"toimenpidealoite-kasvojen-peittaminen-kiellettava-oikeussalissa-irvokasta-oikeuden-halventamista","status":"publish","type":"post","link":"https:\/\/www.uutispeili.fi\/index.php\/2026\/09\/02\/toimenpidealoite-kasvojen-peittaminen-kiellettava-oikeussalissa-irvokasta-oikeuden-halventamista\/","title":{"rendered":"Toimenpidealoite: Kasvojen peitt\u00e4minen kiellett\u00e4v\u00e4 oikeussalissa, &#8221;Irvokasta oikeuden halventamista&#8221;"},"content":{"rendered":"<p><strong>Poliisitaustainen kansanedustaja Merja Rasinkangas (Perussumalaiset) on j\u00e4tt\u00e4nyt eduskunnalle toimenpidealoitteen, jossa h\u00e4n vaatii kielt\u00e4m\u00e4\u00e4n kasvojen peitt\u00e4misen oikeussalissa.<\/strong><\/p>\n<p>(Arkistokuva: Merja Rasinkangas, kuval\u00e4hde: Eduskunta.)<\/p>\n<p><strong>Merja Rasinkangas<\/strong> kiinnitt\u00e4\u00e4 huomiota k\u00e4yt\u00e4nt\u00f6\u00f6n, jossa syylliseksi ep\u00e4ilty saa peitt\u00e4\u00e4 kasvonsa kuvaajien ollessa paikalla. Menettely on h\u00e4nen mukaansa yleinen erityisesti mediassa laajasti seuratuissa rikosasioissa. Kuvaajat saavat yleens\u00e4 lyhyen ajan kuvata salia ennen istunnon alkua, jolloin ep\u00e4illyt voivat peitt\u00e4\u00e4 kasvonsa hupulla, huivilla tai muulla tavalla.<\/p>\n<blockquote><p>Pid\u00e4n t\u00e4t\u00e4 menettely\u00e4 irvokkaana oikeuden halventamisena niiss\u00e4 tapauksissa, kun oikeudenk\u00e4ynti on julkinen tilaisuus, jossa k\u00e4sitell\u00e4\u00e4n vakavia tekoja ja jossa sek\u00e4 tuomioistuimen arvovalta ett\u00e4 kansalaisten luottamus oikeuslaitokseen ovat keskeisi\u00e4, Rasinkangas kirjoittaa aloitteessaan.<\/p><\/blockquote>\n<p>H\u00e4nen mukaansa kasvojen peitt\u00e4minen juuri kuvaajien l\u00e4sn\u00e4ollessa luo vaikutelman, ett\u00e4 ep\u00e4ilty voi valikoida, milloin h\u00e4n esiintyy tunnistettavana.<\/p>\n<blockquote><p>Mik\u00e4li henkil\u00f6 on todenn\u00e4k\u00f6isin syin ep\u00e4iltyn\u00e4, ollut tutkintavankeudessakin, sek\u00e4 kyennyt tekem\u00e4\u00e4n raakoja tai ylip\u00e4\u00e4t\u00e4\u00e4n vakavia rikoksia, h\u00e4nen tulee kyet\u00e4 my\u00f6s n\u00e4ytt\u00e4m\u00e4\u00e4n kasvonsa oikeuden edess\u00e4. Kasvojen peitt\u00e4minen palvelee vain syylliseksi ep\u00e4illyn halua v\u00e4ltt\u00e4\u00e4 julkisuutta, Rasinkangas sanoo.<\/p><\/blockquote>\n<p>Rasinkankaan mukaan t\u00e4m\u00e4 ei ole sopusoinnussa sen periaatteen kanssa, ett\u00e4 oikeudenk\u00e4ynti on l\u00e4ht\u00f6kohtaisesti julkinen ja ett\u00e4 syylliseksi ep\u00e4ilty esiintyy siin\u00e4 omana itsen\u00e4\u00e4n.<\/p>\n<p>Rasinkangas vaatii, ett\u00e4 lakiin kirjataan l\u00e4ht\u00f6kohta, jonka mukaan kasvojen peitt\u00e4minen oikeussalissa ei ole sallittua. Aloitteessaan Rasinkangas ehdottaa, ett\u00e4 hallitus ryhtyy toimenpiteisiin kasvojen peitt\u00e4misen kielt\u00e4miseksi oikeussalissa. <img loading=\"lazy\" decoding=\"async\" class=\"alignnone size-full wp-image-144\" src=\"https:\/\/www.uutispeili.fi\/wp-content\/uploads\/2023\/11\/di.gold_.gif\" alt=\"\" width=\"11\" height=\"11\" \/><\/p>\n<p>(Uutispeili ei ole muokannut artikkelin sis\u00e4lt\u00f6\u00e4.)<\/p>\n","protected":false},"excerpt":{"rendered":"<p>Poliisitaustainen kansanedustaja Merja Rasinkangas (Perussumalaiset) on j\u00e4tt\u00e4nyt eduskunnalle toimenpidealoitteen, jossa h\u00e4n vaatii kielt\u00e4m\u00e4\u00e4n kasvojen peitt\u00e4misen oikeussalissa. (Arkistokuva: Merja Rasinkangas, kuval\u00e4hde: Eduskunta.) Merja Rasinkangas kiinnitt\u00e4\u00e4 huomiota k\u00e4yt\u00e4nt\u00f6\u00f6n, jossa syylliseksi ep\u00e4ilty saa peitt\u00e4\u00e4 kasvonsa kuvaajien ollessa paikalla. Menettely on h\u00e4nen mukaansa yleinen erityisesti mediassa laajasti seuratuissa rikosasioissa. Kuvaajat saavat yleens\u00e4 lyhyen ajan kuvata salia ennen istunnon alkua, [&hellip;]<\/p>\n","protected":false},"author":3,"featured_media":11231,"comment_status":"open","ping_status":"open","sticky":false,"template":"","format":"standard","meta":{"footnotes":""},"categories":[43],"tags":[],"_links":{"self":[{"href":"https:\/\/www.uutispeili.fi\/index.php\/wp-json\/wp\/v2\/posts\/14638"}],"collection":[{"href":"https:\/\/www.uutispeili.fi\/index.php\/wp-json\/wp\/v2\/posts"}],"about":[{"href":"https:\/\/www.uutispeili.fi\/index.php\/wp-json\/wp\/v2\/types\/post"}],"author":[{"embeddable":true,"href":"https:\/\/www.uutispeili.fi\/index.php\/wp-json\/wp\/v2\/users\/3"}],"replies":[{"embeddable":true,"href":"https:\/\/www.uutispeili.fi\/index.php\/wp-json\/wp\/v2\/comments?post=14638"}],"version-history":[{"count":1,"href":"https:\/\/www.uutispeili.fi\/index.php\/wp-json\/wp\/v2\/posts\/14638\/revisions"}],"predecessor-version":[{"id":14639,"href":"https:\/\/www.uutispeili.fi\/index.php\/wp-json\/wp\/v2\/posts\/14638\/revisions\/14639"}],"wp:featuredmedia":[{"embeddable":true,"href":"https:\/\/www.uutispeili.fi\/index.php\/wp-json\/wp\/v2\/media\/11231"}],"wp:attachment":[{"href":"https:\/\/www.uutispeili.fi\/index.php\/wp-json\/wp\/v2\/media?parent=14638"}],"wp:term":[{"taxonomy":"category","embeddable":true,"href":"https:\/\/www.uutispeili.fi\/index.php\/wp-json\/wp\/v2\/categories?post=14638"},{"taxonomy":"post_tag","embeddable":true,"href":"https:\/\/www.uutispeili.fi\/index.php\/wp-json\/wp\/v2\/tags?post=14638"}],"curies":[{"name":"wp","href":"https:\/\/api.w.org\/{rel}","templated":true}]}}