{"id":14630,"date":"2026-09-02T00:53:21","date_gmt":"2026-09-01T21:53:21","guid":{"rendered":"https:\/\/www.uutispeili.fi\/?p=14630"},"modified":"2026-09-02T00:57:16","modified_gmt":"2026-09-01T21:57:16","slug":"syyrian-al-qaeda-hallinto-poistaa-kurdinkielta-opetuskielena","status":"publish","type":"post","link":"https:\/\/www.uutispeili.fi\/index.php\/2026\/09\/02\/syyrian-al-qaeda-hallinto-poistaa-kurdinkielta-opetuskielena\/","title":{"rendered":"Syyrian al-Qaeda-hallinto poistaa kurdinkielt\u00e4 opetuskielen\u00e4"},"content":{"rendered":"<p><strong>Kurdinkieliset opiskelijat, heid\u00e4n vanhempansa ja opettajat kokoontuivat maanantaina (31.08.) Koillis-Syyrian Rojavan alueellamielenilmaisuihin Damaskoksen hallituksen kielipolitiikkaa vastaan.<\/strong><\/p>\n<p>(Kuvan aineisto: R\u00fcdaw 31.08. 2026.)<\/p>\n<p>Syyrian hallitus on p\u00e4\u00e4tt\u00e4nyt lopettaa kokonaan kurdien keskiasteen kouluopetuksen.<\/p>\n<p><strong>Rosev Ali<\/strong>, kymmenesluokkalainen opiskelija, joka on opiskellut vuosikymmenen kurdinkieell\u00e4, osallistui mielenilmaisuun elokuun lopulla Damaskoksen opetusministeri\u00f6n p\u00e4\u00e4t\u00f6st\u00e4 vastaan <strong>Amuda<\/strong>ssa l\u00e4hell\u00e4 <strong>Qamishli<\/strong>n kurdikaupunkia.<\/p>\n<p>Hallituksen p\u00e4\u00e4t\u00f6s tekee kurdikielest\u00e4 kolme kertaa viikossa opiskeltavan pakollisen aineen mutta lopettaa t\u00e4yden kurdinkielisen keskiasteen opetuksen <strong>Rojava<\/strong>ssa (Syyrian kurdsinkielisell\u00e4 alueella).<\/p>\n<blockquote><p>&#8221;Jos minun pit\u00e4isi palata takaisin ja alkaa oppia arabiaa tyhj\u00e4st\u00e4, se olisi uskomattoman vaikeaa &#8211; enk\u00e4 ole yksin. Kaikki yst\u00e4v\u00e4ni k\u00e4yv\u00e4t l\u00e4pi samaa asiaa, h\u00e4n sanoi <strong>Rudaw<\/strong>&#8217;lle.<\/p><\/blockquote>\n<p>Rosev Ali kehotti my\u00f6s kurdijohtoista <strong>Koillis-Syyrian demokraattista autonomista hallintoa<\/strong> (DAANES), joka hallinnoi Rojavaa, olemaan tosuostumatta p\u00e4\u00e4t\u00f6kseen.<\/p>\n<blockquote><p>&#8221;Tied\u00e4mme, ett\u00e4 uhrauksia on teht\u00e4v\u00e4 &#8211; mutta pyyd\u00e4mme vain yht\u00e4 asiaa: \u00c4lk\u00e4\u00e4 antako kurdikielemme olla yksi uhrattavista asioista&#8221;, Rosev Ali sanoi, osoittaen sanansa kurdien poliittisille johtajille..<\/p><\/blockquote>\n<p>Useimpia oppiaiheita Rojavan kouluissa on opetettu kurdinkielell\u00e4 viimeiset 15 vuotta, sen j\u00e4lkeen kun\u00a0 joulukuussa 2024 syrj\u00e4ytetyn Syyrian diktaattorin <strong>Bashar al-Assad<\/strong>in joukot vet\u00e4ytyiv\u00e4t Koillis-Syyrian erillisalueelta (v.2012)..<\/p>\n<p>Sen lis\u00e4ksi ett\u00e4 kurdinkieli on pakollinen aihe, jota opetetaan kolme kertaa nviikossa, opetusministeri\u00f6n asetus antaa Rojavan opiskelijoille mahdollisuuden opiskella yhteiskuntaoppia, historiaa, maantiedett\u00e4 ja infilosofiaa joko kurdiksi tai arabiaksi tulevan lukuvuoden aikana &#8221;<em>siirtym\u00e4kaudella<\/em>&#8221;, -ilman, ett\u00e4 t\u00e4llainen s\u00e4\u00e4nn\u00f6s on taattu sen j\u00e4lkeen.<\/p>\n<p><strong>Arshak Baravi<\/strong> on koulun ohjaaja, joka on opettanut kurdeja\u00a0 vuodesta 1986, jolloin h\u00e4n teki sen salassa. H\u00e4net pid\u00e4tettiin useita kertoja my\u00f6hemmin kaatuneen <em>Ba&#8217;ath<\/em>-hallinnon (Assadien dynastian) toimestar, koska h\u00e4n opetti &#8221;<em>vieraalla kielell\u00e4<\/em>&#8221;.<\/p>\n<p>Baravi sanoi Rudaw&#8217;lle, ett\u00e4 uuden Damaskoksen hallituksen p\u00e4\u00e4t\u00f6s oli &#8221;<em>v\u00e4\u00e4r\u00e4<\/em>&#8221;.<\/p>\n<blockquote><p>&#8221;Kun he puhuvat integraatiosta, se mit\u00e4 he todella tarkoittavat, on pakotettu assimilaatio &#8211; he kielt\u00e4ytyv\u00e4t kohtelemasta meit\u00e4 etnisen\u00e4 yhteis\u00f6n\u00e4, veljin\u00e4&#8221;, Baravi sanoi, ja kehotti, ett\u00e4 he &#8221;hyv\u00e4ksyv\u00e4t kielemme, eiv\u00e4tk\u00e4 ole sen vihollisia.&#8221;<\/p><\/blockquote>\n<p>Syyrian opetusministeri\u00f6n mukaan sen p\u00e4\u00e4t\u00f6s johtuu tammikuun (2026) presidentti <strong>Ahmad al-Shara&#8217;a<\/strong>an m\u00e4\u00e4r\u00e4yksest\u00e4, joka tunnustaa kurdit &#8221;<em>kansalliseksi kieleksi<\/em>&#8221;.<\/p>\n<p>Luettavaa:<\/p>\n<ul>\n<li><a href=\"https:\/\/rudaw.net\/english\/categories\/syria\/1079079\" target=\"_blank\" rel=\"noopener\">R\u00fcdaw<\/a> 3i.08. 2026.<\/li>\n<\/ul>\n<h2>Muita uutisia:<\/h2>\n<p>27.08. 2026:<\/p>\n<blockquote class=\"wp-embedded-content\" data-secret=\"INdpMLmmZf\"><p><a href=\"https:\/\/www.uutispeili.fi\/index.php\/2026\/08\/27\/syyrian-kurdien-naisten-suojeluyksikkojen-ypj-liittamisesta-syyrian-sisaministerion-alaisuuteen-keskusteltiin-positiivisessa-ja-rakentavassa-ilmapiirissa\/\">Syyrian kurdien &#8217;naisten suojeluyksikk\u00f6jen&#8217; (YPJ) liitt\u00e4misest\u00e4 Syyrian sis\u00e4ministeri\u00f6n alaisuuteen keskusteltiin &#8221;positiivisessa ja rakentavassa ilmapiiriss\u00e4&#8221;<\/a><\/p><\/blockquote>\n<p><iframe class=\"wp-embedded-content\" sandbox=\"allow-scripts\" security=\"restricted\" style=\"position: absolute; clip: rect(1px, 1px, 1px, 1px);\" title=\"&#8221;Syyrian kurdien &#8217;naisten suojeluyksikk\u00f6jen&#8217; (YPJ) liitt\u00e4misest\u00e4 Syyrian sis\u00e4ministeri\u00f6n alaisuuteen keskusteltiin &#8221;positiivisessa ja rakentavassa ilmapiiriss\u00e4&#8221;&#8221; &#8212; \" src=\"https:\/\/www.uutispeili.fi\/index.php\/2026\/08\/27\/syyrian-kurdien-naisten-suojeluyksikkojen-ypj-liittamisesta-syyrian-sisaministerion-alaisuuteen-keskusteltiin-positiivisessa-ja-rakentavassa-ilmapiirissa\/embed\/#?secret=tzbQmtAbxw#?secret=INdpMLmmZf\" data-secret=\"INdpMLmmZf\" width=\"600\" height=\"338\" frameborder=\"0\" marginwidth=\"0\" marginheight=\"0\" scrolling=\"no\"><\/iframe><\/p>\n<p>21.01. 2026:<\/p>\n<blockquote class=\"wp-embedded-content\" data-secret=\"471tsSOs4j\"><p><a href=\"https:\/\/www.uutispeili.fi\/index.php\/2026\/01\/21\/yhdysvallat-palannut-lokakuun-2019-politiikkaan-syyriassa\/\">Yhdysvallat palannut lokakuun 2019 politiikkaan Syyriassa<\/a><\/p><\/blockquote>\n<p><iframe class=\"wp-embedded-content\" sandbox=\"allow-scripts\" security=\"restricted\" style=\"position: absolute; clip: rect(1px, 1px, 1px, 1px);\" title=\"&#8221;Yhdysvallat palannut lokakuun 2019 politiikkaan Syyriassa&#8221; &#8212; \" src=\"https:\/\/www.uutispeili.fi\/index.php\/2026\/01\/21\/yhdysvallat-palannut-lokakuun-2019-politiikkaan-syyriassa\/embed\/#?secret=rpTPCJmcaw#?secret=471tsSOs4j\" data-secret=\"471tsSOs4j\" width=\"600\" height=\"338\" frameborder=\"0\" marginwidth=\"0\" marginheight=\"0\" scrolling=\"no\"><\/iframe><\/p>\n<p>13.01. 2026:<\/p>\n<blockquote class=\"wp-embedded-content\" data-secret=\"ZbjygwqiVP\"><p><a href=\"https:\/\/www.uutispeili.fi\/index.php\/2026\/01\/13\/samaan-aikaan-syyriassa-etninen-puhdistus-riehuu-aleppon-kurdi-kaupunginosissa\/\">Samaan aikaan Syyriassa: Etninen puhdistus riehuu Aleppon kurdi-kaupunginosissa<\/a><\/p><\/blockquote>\n<p><iframe class=\"wp-embedded-content\" sandbox=\"allow-scripts\" security=\"restricted\" style=\"position: absolute; clip: rect(1px, 1px, 1px, 1px);\" title=\"&#8221;Samaan aikaan Syyriassa: Etninen puhdistus riehuu Aleppon kurdi-kaupunginosissa&#8221; &#8212; \" src=\"https:\/\/www.uutispeili.fi\/index.php\/2026\/01\/13\/samaan-aikaan-syyriassa-etninen-puhdistus-riehuu-aleppon-kurdi-kaupunginosissa\/embed\/#?secret=JExYW8JnOj#?secret=ZbjygwqiVP\" data-secret=\"ZbjygwqiVP\" width=\"600\" height=\"338\" frameborder=\"0\" marginwidth=\"0\" marginheight=\"0\" scrolling=\"no\"><\/iframe><\/p>\n<p>22.09. 20<strong>25<\/strong>:<\/p>\n<blockquote class=\"wp-embedded-content\" data-secret=\"a0GaC3MGEm\"><p><a href=\"https:\/\/www.uutispeili.fi\/index.php\/2025\/09\/22\/syyrian-al-qaeda-johtaja-new-yorkissa-kristittyjen-asuinalueet-palavat-syyriassa\/\">Syyrian al-Qaeda-johtaja New Yorkissa, kristittyjen asuinalueet palavat Syyriassa<\/a><\/p><\/blockquote>\n<p><iframe class=\"wp-embedded-content\" sandbox=\"allow-scripts\" security=\"restricted\" style=\"position: absolute; clip: rect(1px, 1px, 1px, 1px);\" title=\"&#8221;Syyrian al-Qaeda-johtaja New Yorkissa, kristittyjen asuinalueet palavat Syyriassa&#8221; &#8212; \" src=\"https:\/\/www.uutispeili.fi\/index.php\/2025\/09\/22\/syyrian-al-qaeda-johtaja-new-yorkissa-kristittyjen-asuinalueet-palavat-syyriassa\/embed\/#?secret=A2jkHBACLg#?secret=a0GaC3MGEm\" data-secret=\"a0GaC3MGEm\" width=\"600\" height=\"338\" frameborder=\"0\" marginwidth=\"0\" marginheight=\"0\" scrolling=\"no\"><\/iframe><\/p>\n<p>08.01. 2026:<\/p>\n<blockquote class=\"wp-embedded-content\" data-secret=\"OdPbSqBdAy\"><p><a href=\"https:\/\/www.uutispeili.fi\/index.php\/2026\/01\/08\/taistelut-jatkuvat-aleppossa-damaskoksen-hts-hallitus-aloittanut-kurdi-kaupunginosien-vaeston-siirrot\/\">Taistelut jatkuvat Aleppossa, Damaskoksen HTS-hallitus aloittanut kurdi-kaupunginosien v\u00e4est\u00f6n siirrot<\/a><\/p><\/blockquote>\n<p><iframe class=\"wp-embedded-content\" sandbox=\"allow-scripts\" security=\"restricted\" style=\"position: absolute; clip: rect(1px, 1px, 1px, 1px);\" title=\"&#8221;Taistelut jatkuvat Aleppossa, Damaskoksen HTS-hallitus aloittanut kurdi-kaupunginosien v\u00e4est\u00f6n siirrot&#8221; &#8212; \" src=\"https:\/\/www.uutispeili.fi\/index.php\/2026\/01\/08\/taistelut-jatkuvat-aleppossa-damaskoksen-hts-hallitus-aloittanut-kurdi-kaupunginosien-vaeston-siirrot\/embed\/#?secret=YNni4T0fXF#?secret=OdPbSqBdAy\" data-secret=\"OdPbSqBdAy\" width=\"600\" height=\"338\" frameborder=\"0\" marginwidth=\"0\" marginheight=\"0\" scrolling=\"no\"><\/iframe><\/p>\n<p>07.01. 2026:<\/p>\n<blockquote class=\"wp-embedded-content\" data-secret=\"gBPDpg3VEm\"><p><a href=\"https:\/\/www.uutispeili.fi\/index.php\/2026\/01\/07\/syyrian-hallituksen-joukot-ja-kurdit-ottaneet-yhteen-aleppossa-kurdikomentaja-varoittaa-etnisista-yhteenotoista\/\">Syyrian hallituksen joukot ja kurdit ottaneet yhteen Aleppossa, kurdikomentaja varoittaa etnisist\u00e4 puhdistuksista<\/a><\/p><\/blockquote>\n<p><iframe class=\"wp-embedded-content\" sandbox=\"allow-scripts\" security=\"restricted\" style=\"position: absolute; clip: rect(1px, 1px, 1px, 1px);\" title=\"&#8221;Syyrian hallituksen joukot ja kurdit ottaneet yhteen Aleppossa, kurdikomentaja varoittaa etnisist\u00e4 puhdistuksista&#8221; &#8212; \" src=\"https:\/\/www.uutispeili.fi\/index.php\/2026\/01\/07\/syyrian-hallituksen-joukot-ja-kurdit-ottaneet-yhteen-aleppossa-kurdikomentaja-varoittaa-etnisista-yhteenotoista\/embed\/#?secret=2H3zcsOJ6k#?secret=gBPDpg3VEm\" data-secret=\"gBPDpg3VEm\" width=\"600\" height=\"338\" frameborder=\"0\" marginwidth=\"0\" marginheight=\"0\" scrolling=\"no\"><\/iframe><\/p>\n<p>01.02. 20<strong>25<\/strong>:<\/p>\n<blockquote class=\"wp-embedded-content\" data-secret=\"lxotlctxbm\"><p><a href=\"https:\/\/www.uutispeili.fi\/index.php\/2025\/02\/01\/kurdi-poliitikon-murhaaja-syyrian-hallitukseen\/\">Kurdi-poliitikon murhaaja Syyrian hallitukseen<\/a><\/p><\/blockquote>\n<p><iframe class=\"wp-embedded-content\" sandbox=\"allow-scripts\" security=\"restricted\" style=\"position: absolute; clip: rect(1px, 1px, 1px, 1px);\" title=\"&#8221;Kurdi-poliitikon murhaaja Syyrian hallitukseen&#8221; &#8212; \" src=\"https:\/\/www.uutispeili.fi\/index.php\/2025\/02\/01\/kurdi-poliitikon-murhaaja-syyrian-hallitukseen\/embed\/#?secret=jynmy7Gr1z#?secret=lxotlctxbm\" data-secret=\"lxotlctxbm\" width=\"600\" height=\"338\" frameborder=\"0\" marginwidth=\"0\" marginheight=\"0\" scrolling=\"no\"><\/iframe><\/p>\n<p>15.01. 20<strong>25<\/strong>:<\/p>\n<blockquote class=\"wp-embedded-content\" data-secret=\"LfBwddipUl\"><p><a href=\"https:\/\/www.uutispeili.fi\/index.php\/2025\/01\/15\/erdogan-piti-tanaan-puheen-uhoaa-yha-syyrian-kurdi-joukkojen-tuhoamista\/\">Erdogan piti t\u00e4n\u00e4\u00e4n puheen: Uhoaa yh\u00e4 Syyrian kurdi-joukkojen tuhoamista<\/a><\/p><\/blockquote>\n<p><iframe class=\"wp-embedded-content\" sandbox=\"allow-scripts\" security=\"restricted\" style=\"position: absolute; clip: rect(1px, 1px, 1px, 1px);\" title=\"&#8221;Erdogan piti t\u00e4n\u00e4\u00e4n puheen: Uhoaa yh\u00e4 Syyrian kurdi-joukkojen tuhoamista&#8221; &#8212; \" src=\"https:\/\/www.uutispeili.fi\/index.php\/2025\/01\/15\/erdogan-piti-tanaan-puheen-uhoaa-yha-syyrian-kurdi-joukkojen-tuhoamista\/embed\/#?secret=qVakX38oqJ#?secret=LfBwddipUl\" data-secret=\"LfBwddipUl\" width=\"600\" height=\"338\" frameborder=\"0\" marginwidth=\"0\" marginheight=\"0\" scrolling=\"no\"><\/iframe><\/p>\n<p>22.01. 2026:<\/p>\n<blockquote class=\"wp-embedded-content\" data-secret=\"Gp7EKfhl3L\"><p><a href=\"https:\/\/www.uutispeili.fi\/index.php\/2026\/01\/22\/trump-vaihtoi-yhdysvaltain-terrorismin-vastaisen-liittolaisen-syyriassa-sdfn-arvatkaapa-kehen\/\">Trump vaihtoi Yhdysvaltain terrorismin-vastaisen liittolaisen Syyriassa -SDF:n- &#8230;arvatkaapa kehen<\/a><\/p><\/blockquote>\n<p><iframe class=\"wp-embedded-content\" sandbox=\"allow-scripts\" security=\"restricted\" style=\"position: absolute; clip: rect(1px, 1px, 1px, 1px);\" title=\"&#8221;Trump vaihtoi Yhdysvaltain terrorismin-vastaisen liittolaisen Syyriassa -SDF:n- &#8230;arvatkaapa kehen&#8221; &#8212; \" src=\"https:\/\/www.uutispeili.fi\/index.php\/2026\/01\/22\/trump-vaihtoi-yhdysvaltain-terrorismin-vastaisen-liittolaisen-syyriassa-sdfn-arvatkaapa-kehen\/embed\/#?secret=uGzIq5R4dp#?secret=Gp7EKfhl3L\" data-secret=\"Gp7EKfhl3L\" width=\"600\" height=\"338\" frameborder=\"0\" marginwidth=\"0\" marginheight=\"0\" scrolling=\"no\"><\/iframe><\/p>\n<p>10.11. 20<strong>25<\/strong>:<\/p>\n<blockquote class=\"wp-embedded-content\" data-secret=\"WeJMjlU1qc\"><p><a href=\"https:\/\/www.uutispeili.fi\/index.php\/2025\/11\/10\/al-sharaa-washingtonissa\/\">Al-Shara&#8217;a Washingtonissa<\/a><\/p><\/blockquote>\n<p><iframe class=\"wp-embedded-content\" sandbox=\"allow-scripts\" security=\"restricted\" style=\"position: absolute; clip: rect(1px, 1px, 1px, 1px);\" title=\"&#8221;Al-Shara&#8217;a Washingtonissa&#8221; &#8212; \" src=\"https:\/\/www.uutispeili.fi\/index.php\/2025\/11\/10\/al-sharaa-washingtonissa\/embed\/#?secret=ZNRcp5lAQ3#?secret=WeJMjlU1qc\" data-secret=\"WeJMjlU1qc\" width=\"600\" height=\"338\" frameborder=\"0\" marginwidth=\"0\" marginheight=\"0\" scrolling=\"no\"><\/iframe><\/p>\n","protected":false},"excerpt":{"rendered":"<p>Kurdinkieliset opiskelijat, heid\u00e4n vanhempansa ja opettajat kokoontuivat maanantaina (31.08.) Koillis-Syyrian Rojavan alueellamielenilmaisuihin Damaskoksen hallituksen kielipolitiikkaa vastaan. (Kuvan aineisto: R\u00fcdaw 31.08. 2026.) Syyrian hallitus on p\u00e4\u00e4tt\u00e4nyt lopettaa kokonaan kurdien keskiasteen kouluopetuksen. Rosev Ali, kymmenesluokkalainen opiskelija, joka on opiskellut vuosikymmenen kurdinkieell\u00e4, osallistui mielenilmaisuun elokuun lopulla Damaskoksen opetusministeri\u00f6n p\u00e4\u00e4t\u00f6st\u00e4 vastaan Amudassa l\u00e4hell\u00e4 Qamishlin kurdikaupunkia. Hallituksen p\u00e4\u00e4t\u00f6s tekee kurdikielest\u00e4 [&hellip;]<\/p>\n","protected":false},"author":3,"featured_media":14632,"comment_status":"open","ping_status":"open","sticky":false,"template":"","format":"standard","meta":{"footnotes":""},"categories":[122],"tags":[],"_links":{"self":[{"href":"https:\/\/www.uutispeili.fi\/index.php\/wp-json\/wp\/v2\/posts\/14630"}],"collection":[{"href":"https:\/\/www.uutispeili.fi\/index.php\/wp-json\/wp\/v2\/posts"}],"about":[{"href":"https:\/\/www.uutispeili.fi\/index.php\/wp-json\/wp\/v2\/types\/post"}],"author":[{"embeddable":true,"href":"https:\/\/www.uutispeili.fi\/index.php\/wp-json\/wp\/v2\/users\/3"}],"replies":[{"embeddable":true,"href":"https:\/\/www.uutispeili.fi\/index.php\/wp-json\/wp\/v2\/comments?post=14630"}],"version-history":[{"count":3,"href":"https:\/\/www.uutispeili.fi\/index.php\/wp-json\/wp\/v2\/posts\/14630\/revisions"}],"predecessor-version":[{"id":14634,"href":"https:\/\/www.uutispeili.fi\/index.php\/wp-json\/wp\/v2\/posts\/14630\/revisions\/14634"}],"wp:featuredmedia":[{"embeddable":true,"href":"https:\/\/www.uutispeili.fi\/index.php\/wp-json\/wp\/v2\/media\/14632"}],"wp:attachment":[{"href":"https:\/\/www.uutispeili.fi\/index.php\/wp-json\/wp\/v2\/media?parent=14630"}],"wp:term":[{"taxonomy":"category","embeddable":true,"href":"https:\/\/www.uutispeili.fi\/index.php\/wp-json\/wp\/v2\/categories?post=14630"},{"taxonomy":"post_tag","embeddable":true,"href":"https:\/\/www.uutispeili.fi\/index.php\/wp-json\/wp\/v2\/tags?post=14630"}],"curies":[{"name":"wp","href":"https:\/\/api.w.org\/{rel}","templated":true}]}}