{"id":14624,"date":"2026-09-01T21:34:42","date_gmt":"2026-09-01T18:34:42","guid":{"rendered":"https:\/\/www.uutispeili.fi\/?p=14624"},"modified":"2026-09-01T23:50:40","modified_gmt":"2026-09-01T20:50:40","slug":"saksa-sulki-venajan-konsulaation-bonnissa-rajahde-drooni-oli-vahan-liikaa","status":"publish","type":"post","link":"https:\/\/www.uutispeili.fi\/index.php\/2026\/09\/01\/saksa-sulki-venajan-konsulaation-bonnissa-rajahde-drooni-oli-vahan-liikaa\/","title":{"rendered":"Saksa sulki Ven\u00e4j\u00e4n konsulaatin Bonnissa, -r\u00e4j\u00e4hde-drooni oli v\u00e4h\u00e4n liikaa"},"content":{"rendered":"<p><strong>Saksa pit\u00e4\u00e4 Ven\u00e4j\u00e4\u00e4 syyllisen\u00e4 elokuussa Leipzigiss\u00e4 ja Brandenburgissa tapahtuneisiin tuhot\u00e4ihin, ja reagoi sulkemalla Ven\u00e4j\u00e4n konsulaatin Bonnissa,<\/strong><\/p>\n<p><strong>Leipzig<\/strong>iss\u00e4 r\u00e4j\u00e4hteit\u00e4 sis\u00e4lt\u00e4nyt lennokki melkein osui Ukrainaan tarkoitettuja ammuksia kuljettavaan rahtikoneeseen, <strong>Brandenburg<\/strong>issa sabotaasiksi ep\u00e4ilty tapaus vahingoitti s\u00e4hk\u00f6njakelun infrastruktuuria.<br \/>\nSaksa syytti tiistaina (01.09.) virallisesti Ven\u00e4j\u00e4\u00e4 r\u00e4j\u00e4hde-droni-iskusta Leipzigin lentokent\u00e4ll\u00e4, ja ilmoitti Ven\u00e4j\u00e4n konsulaatin sulkemisesta <strong>Bonn<\/strong>issa, ja ven\u00e4l\u00e4isen kulttuurikeskuksen sulkemisesta Berliiniss\u00e4.<\/p>\n<p>Saksan sis\u00e4ministeri <strong>Alexander Dobrindt<\/strong> k\u00e4ytti elokuun 4. p\u00e4iv\u00e4n tapauksista sanontaa &#8217;<em>Ven\u00e4j\u00e4n hybridioperaatio<\/em>&#8217;.<\/p>\n<blockquote><p>Saksan hallitus oli &#8221;tullut siihen johtop\u00e4\u00e4t\u00f6kseen, ett\u00e4 Ven\u00e4j\u00e4 on vastuussa hybridihy\u00f6kk\u00e4yksest\u00e4&#8221;, sanoi ministeri.<\/p><\/blockquote>\n<p>Saksan ulkoministeri <strong>Johann Wadephul<\/strong> ilmoitti, ett\u00e4 Ven\u00e4j\u00e4n konsulaatti Bonnissa, ja ven\u00e4l\u00e4inen kulttuurikeskus Berliiniss\u00e4 m\u00e4\u00e4r\u00e4t\u00e4\u00e4n suljettavaksi 18. syyskuuta alkaen.<\/p>\n<p>R\u00e4j\u00e4hdelennokki l\u00f6ydettiin l\u00e4hell\u00e4 ukrainalaista <strong>Antonov<\/strong>-rahtikonetta Leipzigin lentokent\u00e4ll\u00e4 noin kuukausi sitten. Koneen lasti oli sotilaallinen. R\u00e4j\u00e4hdelennokki oli &#8217;<em>j\u00e4\u00e4nyt suutariksi<\/em>&#8217; jonkin teknisen vian takia, ep\u00e4ilev\u00e4t Saksan viranomaiset.<\/p>\n<p>R\u00e4j\u00e4hdel\u00f6yt\u00f6 aiheutti lentojen peruuttamisia ja uudelleenohjaamista muille kentille. <strong>Hanover<\/strong>iin uudelleenohjattu DHL-kone ilmoitti havainnostaan, ett\u00e4 toinen drooni osui noin 400 metrin p\u00e4\u00e4h\u00e4n Leipzigin lentokent\u00e4lt\u00e4.<\/p>\n<p>Samana p\u00e4iv\u00e4n\u00e4 viranomaiset aloittivat erillisen tutkinnan ep\u00e4illyst\u00e4 s\u00e4hk\u00f6infrastruktuurin sabotaasista\u00a0 <strong>Stonlow-Preilack<\/strong>issa l\u00e4hell\u00e4 J\u00e4nschwalden hiilivoimalaa Brandenburgissa. -Ven\u00e4j\u00e4\u00e4n ei virallisesti kohdistu ep\u00e4ily\u00e4 t\u00e4st\u00e4 tapauksesta. Voimala on kapasiteetiltaan noin 1 500 megawattia ja on Saksan nelj\u00e4nneksi suurin hiilivoimala.<\/p>\n<p>Poliisit h\u00e4lytettiin J\u00e4nschwaldeen noin kello 8 aamulla. He l\u00f6ysiv\u00e4t paikalta improvisoituja r\u00e4j\u00e4hteit\u00e4, kotitekoisia raketteja ja ainakin yhden r\u00e4j\u00e4ht\u00e4m\u00e4tt\u00f6m\u00e4n pyroteknisen laitteen. S\u00e4hk\u00f6linjojen vaurioituminen aiheutti lyhyen katkoksen energianjakelussa.<\/p>\n<blockquote><p>Brandenburgin iskun tekij\u00f6ist\u00e4 ei ole tietoja, mutta ajoitus Leipzigin tapahtuman kanssa ei vaikuyta sattumalta.<\/p><\/blockquote>\n<p>Saksassa -kuten Suomessakin. my\u00f6s <strong>\u00e4\u00e4rivasemmistolaiset<\/strong> ovat vahingoittaneet mm. Berliinin s\u00e4hk\u00f6verkkoa. <img loading=\"lazy\" decoding=\"async\" class=\"alignnone size-full wp-image-144\" src=\"https:\/\/www.uutispeili.fi\/wp-content\/uploads\/2023\/11\/di.gold_.gif\" alt=\"\" width=\"11\" height=\"11\" \/><\/p>\n<p>Luettavaa:<\/p>\n<ul>\n<li><a href=\"https:\/\/www.ynetnews.com\/article\/ry7w1deomx?utm_source=taboola&amp;utm_medium=editorial-push\" target=\"_blank\" rel=\"noopener\"><strong>YNet New<\/strong><\/a>s 01.09. 2026,<\/li>\n<li><a href=\"https:\/\/www.aljazeera.com\/news\/2026\/9\/1\/germany-accuses-russia-of-drone-attack-on-leipzig-airport\" target=\"_blank\" rel=\"noopener\"><strong>Al-Jazeera<\/strong> <\/a>01.09. 2026,<\/li>\n<\/ul>\n<blockquote class=\"twitter-tweet\">\n<p dir=\"ltr\" lang=\"en\">It is now confirmed: Russia attacked Germany with drones and intended to kill countless Germans.<\/p>\n<p>Russian intelligence is believed to be behind the explosive-laden drone discovered at Leipzig Airport just under a month ago.<\/p>\n<p>How many people could have died in Leipzig as a result\u2026 <a href=\"https:\/\/t.co\/5yyNRXBGrH\">pic.twitter.com\/5yyNRXBGrH<\/a><\/p>\n<p>\u2014 J\u00fcrgen Nauditt \ud83c\udde9\ud83c\uddea\ud83c\uddfa\ud83c\udde6 (@jurgen_nauditt) <a href=\"https:\/\/x.com\/jurgen_nauditt\/status\/2094757118507131141?ref_src=twsrc%5Etfw\">September 1, 2026<\/a><\/p><\/blockquote>\n<p><script async src=\"https:\/\/platform.x.com\/widgets.js\" charset=\"utf-8\"><\/script><\/p>\n<h2>Muita uutisia:<\/h2>\n<p>01.09. 2026:<\/p>\n<blockquote class=\"wp-embedded-content\" data-secret=\"ptFkFSkZHo\"><p><a href=\"https:\/\/www.uutispeili.fi\/index.php\/2026\/09\/01\/demokratia-ja-hybridiuhat-nousivat-esiin-itameren-parlamentaarikkokonferenssissa\/\">Demokratia ja hybridiuhat nousivat esiin It\u00e4meren parlamentaarikkokonferenssissa<\/a><\/p><\/blockquote>\n<p><iframe class=\"wp-embedded-content\" sandbox=\"allow-scripts\" security=\"restricted\" style=\"position: absolute; clip: rect(1px, 1px, 1px, 1px);\" title=\"&#8221;Demokratia ja hybridiuhat nousivat esiin It\u00e4meren parlamentaarikkokonferenssissa&#8221; &#8212; \" src=\"https:\/\/www.uutispeili.fi\/index.php\/2026\/09\/01\/demokratia-ja-hybridiuhat-nousivat-esiin-itameren-parlamentaarikkokonferenssissa\/embed\/#?secret=N6kO3GIRmU#?secret=ptFkFSkZHo\" data-secret=\"ptFkFSkZHo\" width=\"600\" height=\"338\" frameborder=\"0\" marginwidth=\"0\" marginheight=\"0\" scrolling=\"no\"><\/iframe><\/p>\n<p>06.05. 2026:<\/p>\n<blockquote class=\"wp-embedded-content\" data-secret=\"KcGVTwisb1\"><p><a href=\"https:\/\/www.uutispeili.fi\/index.php\/2026\/05\/06\/maria-asunta-hybridiase\/\">Maria Asunta: Hybridiase<\/a><\/p><\/blockquote>\n<p><iframe class=\"wp-embedded-content\" sandbox=\"allow-scripts\" security=\"restricted\" style=\"position: absolute; clip: rect(1px, 1px, 1px, 1px);\" title=\"&#8221;Maria Asunta: Hybridiase&#8221; &#8212; \" src=\"https:\/\/www.uutispeili.fi\/index.php\/2026\/05\/06\/maria-asunta-hybridiase\/embed\/#?secret=taQPwUp6vo#?secret=KcGVTwisb1\" data-secret=\"KcGVTwisb1\" width=\"600\" height=\"338\" frameborder=\"0\" marginwidth=\"0\" marginheight=\"0\" scrolling=\"no\"><\/iframe><\/p>\n<p>05.05. 2026:<\/p>\n<blockquote class=\"wp-embedded-content\" data-secret=\"rLLa6s2H1T\"><p><a href=\"https:\/\/www.uutispeili.fi\/index.php\/2026\/05\/05\/puhemies-halla-aho-eu-parlamenttien-puhemiesten-konferenssissa-turvallisuus-demokraattinen-kriisinkestavyys-ja-hybridiuhkiin-varautuminen-esilla\/\">Puhemies Halla-aho EU-parlamenttien puhemiesten konferenssissa: turvallisuus, demokraattinen kriisinkest\u00e4vyys ja hybridiuhkiin varautuminen esill\u00e4<\/a><\/p><\/blockquote>\n<p><iframe class=\"wp-embedded-content\" sandbox=\"allow-scripts\" security=\"restricted\" style=\"position: absolute; clip: rect(1px, 1px, 1px, 1px);\" title=\"&#8221;Puhemies Halla-aho EU-parlamenttien puhemiesten konferenssissa: turvallisuus, demokraattinen kriisinkest\u00e4vyys ja hybridiuhkiin varautuminen esill\u00e4&#8221; &#8212; \" src=\"https:\/\/www.uutispeili.fi\/index.php\/2026\/05\/05\/puhemies-halla-aho-eu-parlamenttien-puhemiesten-konferenssissa-turvallisuus-demokraattinen-kriisinkestavyys-ja-hybridiuhkiin-varautuminen-esilla\/embed\/#?secret=yVMvBWVrZU#?secret=rLLa6s2H1T\" data-secret=\"rLLa6s2H1T\" width=\"600\" height=\"338\" frameborder=\"0\" marginwidth=\"0\" marginheight=\"0\" scrolling=\"no\"><\/iframe><\/p>\n<p>08.01. 2026:<\/p>\n<blockquote class=\"wp-embedded-content\" data-secret=\"LNFIWotzbt\"><p><a href=\"https:\/\/www.uutispeili.fi\/index.php\/2026\/01\/08\/helsingista-toimiva-hybridiuhkien-torjuntakeskus-on-siis-tehnyt-hyvaa-tyota-trump-veti-yhdysvallat-pois\/\">Helsingist\u00e4 toimiva hybridiuhkien torjuntakeskus on siis tehnyt hyv\u00e4\u00e4 ty\u00f6t\u00e4: Trump veti Yhdysvallat pois<\/a><\/p><\/blockquote>\n<p><iframe class=\"wp-embedded-content\" sandbox=\"allow-scripts\" security=\"restricted\" style=\"position: absolute; clip: rect(1px, 1px, 1px, 1px);\" title=\"&#8221;Helsingist\u00e4 toimiva hybridiuhkien torjuntakeskus on siis tehnyt hyv\u00e4\u00e4 ty\u00f6t\u00e4: Trump veti Yhdysvallat pois&#8221; &#8212; \" src=\"https:\/\/www.uutispeili.fi\/index.php\/2026\/01\/08\/helsingista-toimiva-hybridiuhkien-torjuntakeskus-on-siis-tehnyt-hyvaa-tyota-trump-veti-yhdysvallat-pois\/embed\/#?secret=ogcaekll3F#?secret=LNFIWotzbt\" data-secret=\"LNFIWotzbt\" width=\"600\" height=\"338\" frameborder=\"0\" marginwidth=\"0\" marginheight=\"0\" scrolling=\"no\"><\/iframe><\/p>\n<p>05.07. 2026:<\/p>\n<blockquote class=\"wp-embedded-content\" data-secret=\"ztT7IPqwW7\"><p><a href=\"https:\/\/www.uutispeili.fi\/index.php\/2026\/07\/05\/tekijaansa-etsiva-terrori-kenen-keinovalikoimassa\/\">Tekij\u00e4\u00e4ns\u00e4 etsiv\u00e4 terrori, -kenen keinovalikoimassa<\/a><\/p><\/blockquote>\n<p><iframe class=\"wp-embedded-content\" sandbox=\"allow-scripts\" security=\"restricted\" style=\"position: absolute; clip: rect(1px, 1px, 1px, 1px);\" title=\"&#8221;Tekij\u00e4\u00e4ns\u00e4 etsiv\u00e4 terrori, -kenen keinovalikoimassa&#8221; &#8212; \" src=\"https:\/\/www.uutispeili.fi\/index.php\/2026\/07\/05\/tekijaansa-etsiva-terrori-kenen-keinovalikoimassa\/embed\/#?secret=bPFomnKxcn#?secret=ztT7IPqwW7\" data-secret=\"ztT7IPqwW7\" width=\"600\" height=\"338\" frameborder=\"0\" marginwidth=\"0\" marginheight=\"0\" scrolling=\"no\"><\/iframe><\/p>\n<p>24.05. 20<strong>25<\/strong>:<\/p>\n<blockquote class=\"wp-embedded-content\" data-secret=\"MvIK66Odwn\"><p><a href=\"https:\/\/www.uutispeili.fi\/index.php\/2025\/05\/24\/oletko-petettyjen-porukassa\/\">Oletko petettyjen porukassa? (P\u00c4IVITETTY)<\/a><\/p><\/blockquote>\n<p><iframe class=\"wp-embedded-content\" sandbox=\"allow-scripts\" security=\"restricted\" style=\"position: absolute; clip: rect(1px, 1px, 1px, 1px);\" title=\"&#8221;Oletko petettyjen porukassa? (P\u00c4IVITETTY)&#8221; &#8212; \" src=\"https:\/\/www.uutispeili.fi\/index.php\/2025\/05\/24\/oletko-petettyjen-porukassa\/embed\/#?secret=tLZBQ9ap36#?secret=MvIK66Odwn\" data-secret=\"MvIK66Odwn\" width=\"600\" height=\"338\" frameborder=\"0\" marginwidth=\"0\" marginheight=\"0\" scrolling=\"no\"><\/iframe><\/p>\n<p>15.07. 2026:<\/p>\n<blockquote class=\"wp-embedded-content\" data-secret=\"KyP3YedYUU\"><p><a href=\"https:\/\/www.uutispeili.fi\/index.php\/2026\/07\/15\/tiedustelutieto-venajalta-kineettisia-operaatioita-baltiaa-ja-puolaa-vastaan\/\">Tiedustelutieto: Ven\u00e4j\u00e4lt\u00e4 &#8221;kineettisi\u00e4 operaatioita&#8221; Baltiaa ja Puolaa vastaan<\/a><\/p><\/blockquote>\n<p><iframe class=\"wp-embedded-content\" sandbox=\"allow-scripts\" security=\"restricted\" style=\"position: absolute; clip: rect(1px, 1px, 1px, 1px);\" title=\"&#8221;Tiedustelutieto: Ven\u00e4j\u00e4lt\u00e4 &#8221;kineettisi\u00e4 operaatioita&#8221; Baltiaa ja Puolaa vastaan&#8221; &#8212; \" src=\"https:\/\/www.uutispeili.fi\/index.php\/2026\/07\/15\/tiedustelutieto-venajalta-kineettisia-operaatioita-baltiaa-ja-puolaa-vastaan\/embed\/#?secret=WFg2Iu4wBH#?secret=KyP3YedYUU\" data-secret=\"KyP3YedYUU\" width=\"600\" height=\"338\" frameborder=\"0\" marginwidth=\"0\" marginheight=\"0\" scrolling=\"no\"><\/iframe><\/p>\n<p>12.12. 2025:<\/p>\n<blockquote class=\"wp-embedded-content\" data-secret=\"hPX2t7cSQo\"><p><a href=\"https:\/\/www.uutispeili.fi\/index.php\/2025\/12\/12\/piilovaikuttajat-valtiollisesti-keskeisten-henkiloiden-kimpussa-osa-2\/\">Piilovaikuttajat valtiollisesti keskeisten henkil\u00f6iden kimpussa, osa 2<\/a><\/p><\/blockquote>\n<p><iframe class=\"wp-embedded-content\" sandbox=\"allow-scripts\" security=\"restricted\" style=\"position: absolute; clip: rect(1px, 1px, 1px, 1px);\" title=\"&#8221;Piilovaikuttajat valtiollisesti keskeisten henkil\u00f6iden kimpussa, osa 2&#8221; &#8212; \" src=\"https:\/\/www.uutispeili.fi\/index.php\/2025\/12\/12\/piilovaikuttajat-valtiollisesti-keskeisten-henkiloiden-kimpussa-osa-2\/embed\/#?secret=qPdbnLMPUN#?secret=hPX2t7cSQo\" data-secret=\"hPX2t7cSQo\" width=\"600\" height=\"338\" frameborder=\"0\" marginwidth=\"0\" marginheight=\"0\" scrolling=\"no\"><\/iframe><\/p>\n","protected":false},"excerpt":{"rendered":"<p>Saksa pit\u00e4\u00e4 Ven\u00e4j\u00e4\u00e4 syyllisen\u00e4 elokuussa Leipzigiss\u00e4 ja Brandenburgissa tapahtuneisiin tuhot\u00e4ihin, ja reagoi sulkemalla Ven\u00e4j\u00e4n konsulaatin Bonnissa, Leipzigiss\u00e4 r\u00e4j\u00e4hteit\u00e4 sis\u00e4lt\u00e4nyt lennokki melkein osui Ukrainaan tarkoitettuja ammuksia kuljettavaan rahtikoneeseen, Brandenburgissa sabotaasiksi ep\u00e4ilty tapaus vahingoitti s\u00e4hk\u00f6njakelun infrastruktuuria. Saksa syytti tiistaina (01.09.) virallisesti Ven\u00e4j\u00e4\u00e4 r\u00e4j\u00e4hde-droni-iskusta Leipzigin lentokent\u00e4ll\u00e4, ja ilmoitti Ven\u00e4j\u00e4n konsulaatin sulkemisesta Bonnissa, ja ven\u00e4l\u00e4isen kulttuurikeskuksen sulkemisesta Berliiniss\u00e4. Saksan [&hellip;]<\/p>\n","protected":false},"author":3,"featured_media":14628,"comment_status":"open","ping_status":"open","sticky":false,"template":"","format":"standard","meta":{"footnotes":""},"categories":[79,134,80,74],"tags":[],"_links":{"self":[{"href":"https:\/\/www.uutispeili.fi\/index.php\/wp-json\/wp\/v2\/posts\/14624"}],"collection":[{"href":"https:\/\/www.uutispeili.fi\/index.php\/wp-json\/wp\/v2\/posts"}],"about":[{"href":"https:\/\/www.uutispeili.fi\/index.php\/wp-json\/wp\/v2\/types\/post"}],"author":[{"embeddable":true,"href":"https:\/\/www.uutispeili.fi\/index.php\/wp-json\/wp\/v2\/users\/3"}],"replies":[{"embeddable":true,"href":"https:\/\/www.uutispeili.fi\/index.php\/wp-json\/wp\/v2\/comments?post=14624"}],"version-history":[{"count":3,"href":"https:\/\/www.uutispeili.fi\/index.php\/wp-json\/wp\/v2\/posts\/14624\/revisions"}],"predecessor-version":[{"id":14629,"href":"https:\/\/www.uutispeili.fi\/index.php\/wp-json\/wp\/v2\/posts\/14624\/revisions\/14629"}],"wp:featuredmedia":[{"embeddable":true,"href":"https:\/\/www.uutispeili.fi\/index.php\/wp-json\/wp\/v2\/media\/14628"}],"wp:attachment":[{"href":"https:\/\/www.uutispeili.fi\/index.php\/wp-json\/wp\/v2\/media?parent=14624"}],"wp:term":[{"taxonomy":"category","embeddable":true,"href":"https:\/\/www.uutispeili.fi\/index.php\/wp-json\/wp\/v2\/categories?post=14624"},{"taxonomy":"post_tag","embeddable":true,"href":"https:\/\/www.uutispeili.fi\/index.php\/wp-json\/wp\/v2\/tags?post=14624"}],"curies":[{"name":"wp","href":"https:\/\/api.w.org\/{rel}","templated":true}]}}