{"id":14612,"date":"2026-09-01T15:56:17","date_gmt":"2026-09-01T12:56:17","guid":{"rendered":"https:\/\/www.uutispeili.fi\/?p=14612"},"modified":"2026-09-01T15:56:19","modified_gmt":"2026-09-01T12:56:19","slug":"eduskunnan-hallintovaliokunta-tutustui-itarajan-valvontaan","status":"publish","type":"post","link":"https:\/\/www.uutispeili.fi\/index.php\/2026\/09\/01\/eduskunnan-hallintovaliokunta-tutustui-itarajan-valvontaan\/","title":{"rendered":"Eduskunnan hallintovaliokunta tutustui it\u00e4rajan valvontaan"},"content":{"rendered":"<p class=\"v1Leipis\"><strong>Eduskunnan hallintovaliokunta vieraili Suomen it\u00e4rajalla maanantaina ja tiistaina (31.8.\u20131.9.). Valiokunta vieraili Rajavartiolaitoksessa ja tutustui Kaakkois-Suomessa it\u00e4rajan valvontaan.<\/strong><\/p>\n<p>(Arkistokuva: Raja.)<\/p>\n<blockquote>\n<p class=\"v1Leipis\">Valiokunta osallistui muun muassa rajapartiointiin maastorajalla sek\u00e4 perehtyi rajaturvallisuuden nykytilaan ja <strong>Rajavartiolaitoksen<\/strong> toimintavalmiuteen, varautumiseen sek\u00e4 koulutukseen.<\/p>\n<\/blockquote>\n<p class=\"v1Leipis\">Matkalle osallistuivat valiokunnan puheenjohtaja <strong>Mauri Peltokangas<\/strong> (Perussuomalaiset), varapuheenjohtaja <strong>Pihla Keto-Huovinen<\/strong> (Kokoomus), sek\u00e4 valiokunnan j\u00e4senet <strong>Petri Honkonen<\/strong> (Keskusta), <strong>Christoffer Ingo<\/strong> (RKP), <strong>Mari Kaunistola<\/strong> (Kokoomus), <strong>Anna Kontula<\/strong> (Vasemmistoliitto), <strong>Rami Lehtinen<\/strong> (perussuomalaiset), <strong>Mira Nieminen<\/strong> (perussuomalaiset), <strong>Joakim Vigelius<\/strong> (perussuomalaiset), <strong>Juha Viitala<\/strong> (SDP) ja <strong>Paula Werning<\/strong> (SDP). <img loading=\"lazy\" decoding=\"async\" class=\"alignnone size-full wp-image-144\" src=\"https:\/\/www.uutispeili.fi\/wp-content\/uploads\/2023\/11\/di.gold_.gif\" alt=\"\" width=\"11\" height=\"11\" \/><\/p>\n<p>(Uutispeili ei ole muokannut artikkelin sis\u00e4lt\u00f6\u00e4.)<\/p>\n<p>Bonuksena. <strong>Uuno Kailas<\/strong>:<\/p>\n<blockquote>\n<h3>&#8221;Rajalla&#8221;<\/h3>\n<p>&#8221;Raja railona aukeaa.<br \/>\nEdess\u00e4 Aasia, It\u00e4.<br \/>\nTakana L\u00e4ntt\u00e4 ja Eurooppaa;<br \/>\nvarjelen, vartija, sit\u00e4.<br \/>\nTakana kaunis is\u00e4nmaa<br \/>\nkaupungein ja kylin.<br \/>\nSinua poikas puolustaa,<br \/>\nmaani, aarteista ylin.<\/p>\n<p>\u00d6inen, ulvova tuuli tuo<br \/>\nrajan takaa lunta. &#8230; &#8221;<\/p><\/blockquote>\n<p><strong>Veikko Sinisalo<\/strong> tulkitsee: &#8221;<em>Raja railona aukeaa ..<\/em>.&#8221; (Lukija voi lausua Veikon mukana!)<\/p>\n<p><iframe loading=\"lazy\" title=\"Raja railona aukeaa \/ Sillanp\u00e4\u00e4n marssilaulu\" src=\"https:\/\/www.youtube.com\/embed\/IgEyaVZ3bqk\" width=\"992\" height=\"623\" frameborder=\"0\" allowfullscreen=\"allowfullscreen\"><\/iframe><\/p>\n","protected":false},"excerpt":{"rendered":"<p>Eduskunnan hallintovaliokunta vieraili Suomen it\u00e4rajalla maanantaina ja tiistaina (31.8.\u20131.9.). Valiokunta vieraili Rajavartiolaitoksessa ja tutustui Kaakkois-Suomessa it\u00e4rajan valvontaan. (Arkistokuva: Raja.) Valiokunta osallistui muun muassa rajapartiointiin maastorajalla sek\u00e4 perehtyi rajaturvallisuuden nykytilaan ja Rajavartiolaitoksen toimintavalmiuteen, varautumiseen sek\u00e4 koulutukseen. Matkalle osallistuivat valiokunnan puheenjohtaja Mauri Peltokangas (Perussuomalaiset), varapuheenjohtaja Pihla Keto-Huovinen (Kokoomus), sek\u00e4 valiokunnan j\u00e4senet Petri Honkonen (Keskusta), Christoffer Ingo (RKP), [&hellip;]<\/p>\n","protected":false},"author":3,"featured_media":2310,"comment_status":"open","ping_status":"open","sticky":false,"template":"","format":"standard","meta":{"footnotes":""},"categories":[43],"tags":[],"_links":{"self":[{"href":"https:\/\/www.uutispeili.fi\/index.php\/wp-json\/wp\/v2\/posts\/14612"}],"collection":[{"href":"https:\/\/www.uutispeili.fi\/index.php\/wp-json\/wp\/v2\/posts"}],"about":[{"href":"https:\/\/www.uutispeili.fi\/index.php\/wp-json\/wp\/v2\/types\/post"}],"author":[{"embeddable":true,"href":"https:\/\/www.uutispeili.fi\/index.php\/wp-json\/wp\/v2\/users\/3"}],"replies":[{"embeddable":true,"href":"https:\/\/www.uutispeili.fi\/index.php\/wp-json\/wp\/v2\/comments?post=14612"}],"version-history":[{"count":4,"href":"https:\/\/www.uutispeili.fi\/index.php\/wp-json\/wp\/v2\/posts\/14612\/revisions"}],"predecessor-version":[{"id":14618,"href":"https:\/\/www.uutispeili.fi\/index.php\/wp-json\/wp\/v2\/posts\/14612\/revisions\/14618"}],"wp:featuredmedia":[{"embeddable":true,"href":"https:\/\/www.uutispeili.fi\/index.php\/wp-json\/wp\/v2\/media\/2310"}],"wp:attachment":[{"href":"https:\/\/www.uutispeili.fi\/index.php\/wp-json\/wp\/v2\/media?parent=14612"}],"wp:term":[{"taxonomy":"category","embeddable":true,"href":"https:\/\/www.uutispeili.fi\/index.php\/wp-json\/wp\/v2\/categories?post=14612"},{"taxonomy":"post_tag","embeddable":true,"href":"https:\/\/www.uutispeili.fi\/index.php\/wp-json\/wp\/v2\/tags?post=14612"}],"curies":[{"name":"wp","href":"https:\/\/api.w.org\/{rel}","templated":true}]}}