{"id":14610,"date":"2026-09-01T15:19:50","date_gmt":"2026-09-01T12:19:50","guid":{"rendered":"https:\/\/www.uutispeili.fi\/?p=14610"},"modified":"2026-09-01T15:19:52","modified_gmt":"2026-09-01T12:19:52","slug":"kansanedustaja-eloranta-itameren-suojelu-ei-saa-jaada-muiden-kriisien-varjoon","status":"publish","type":"post","link":"https:\/\/www.uutispeili.fi\/index.php\/2026\/09\/01\/kansanedustaja-eloranta-itameren-suojelu-ei-saa-jaada-muiden-kriisien-varjoon\/","title":{"rendered":"Kansanedustaja Eloranta: It\u00e4meren suojelu ei saa j\u00e4\u00e4d\u00e4 muiden kriisien varjoon"},"content":{"rendered":"<p class=\"v1Ingressi\"><strong>It\u00e4meren parlamentaarikkokonferenssin\u00a0teemana oli &#8221;<em>Youth.Set.Sail. \u2013 For a Thriving Baltic Sea Region<\/em>&#8221;, ja keskusteluissa painottuivat nuorten osallistuminen, demokratian vahvistaminen, alueellinen turvallisuus sek\u00e4 It\u00e4meren alueen kest\u00e4v\u00e4 tulevaisuus.<\/strong><\/p>\n<p>(Arkistokuva: Eeva-Johanna Eloranta, kuval\u00e4hde: Eduskunta.)<\/p>\n<h2><em>&#8217;It\u00e4meren rehev\u00f6itymisen yksi suurimmista haasteista&#8217;<\/em><\/h2>\n<p class=\"v1Leipis\">Suomen valtuuskunnan puheenjohtaja <strong>It\u00e4meren parlamentaarikkokonferenssin 35. vuosikokouksessa<\/strong> (30.08.-01.09. 2026), kansanedustaja <strong>Eeva-Johanna Eloranta<\/strong> (SDP) nosti esiin erityisesti It\u00e4meren ymp\u00e4rist\u00f6n tilan. H\u00e4n muistutti It\u00e4meren rehev\u00f6itymisen olevan edelleen yksi It\u00e4meren suurimmista haasteista.<\/p>\n<p class=\"v1Leipis\">&#8221;<em>It\u00e4meren hyv\u00e4 ekologinen tila on keskeinen paitsi ymp\u00e4rist\u00f6n my\u00f6s talouden, huoltovarmuuden, elinkeinojen, kansanterveyden ja alueellisen resilienssin n\u00e4k\u00f6kulmasta. Onkin huolestuttavaa, ett\u00e4 It\u00e4merell\u00e4 on edelleen useita voimakkaasti rehev\u00f6ityneit\u00e4 hotspot-alueita. Niiden joukossa on my\u00f6s oma Saaristomeremme<\/em>.&#8221;<\/p>\n<blockquote>\n<p class=\"v1Leipis\">&#8221;It\u00e4meren suojelu edellytt\u00e4\u00e4 aiempaa tiiviimp\u00e4\u00e4 alueellista yhteisty\u00f6t\u00e4, kest\u00e4vien maatalousk\u00e4yt\u00e4nt\u00f6jen vahvistamista, tehokkaita j\u00e4tevesiratkaisuja sek\u00e4 uusia keinoja ravinnevalumien v\u00e4hent\u00e4miseksi. Tulee muistaa, ett\u00e4 ymp\u00e4rist\u00f6turvallisuus on erottamaton osa laajempaa turvallisuutta muuttuvassa toimintaymp\u00e4rist\u00f6ss\u00e4&#8221;, Eloranta korosti.<\/p>\n<\/blockquote>\n<h2>P\u00e4\u00e4t\u00f6slauselma painottaa turvallisuutta ja ymp\u00e4rist\u00f6\u00e4<\/h2>\n<p class=\"v1Leipis\">Konferenssin yksimielisesti hyv\u00e4ksym\u00e4ss\u00e4 p\u00e4\u00e4t\u00f6slauselmassa korostetaan It\u00e4meren alueen maiden yhteist\u00e4 vastuuta demokratian ja turvallisuuden vahvistamiseksi sek\u00e4 ymp\u00e4rist\u00f6n suojelemiseksi.<\/p>\n<p class=\"v1Leipis\">P\u00e4\u00e4t\u00f6slauselma painottaa edelleen my\u00f6s <strong>Ukrainan<\/strong> tukemista, hybridiuhkiin, kybervaikuttamiseen ja disinformaatioon varautumista sek\u00e4 alueellisen yhteisty\u00f6n vahvistamista kriittisen infrastruktuurin suojelemiseksi.<\/p>\n<blockquote>\n<p class=\"v1Leipis\">&#8221;Olen tyytyv\u00e4inen , ett\u00e4 ymp\u00e4rist\u00f6n osalta p\u00e4\u00e4t\u00f6slauselma my\u00f6s kehottaa It\u00e4meren maiden hallituksia vauhdittamaan HELCOMin It\u00e4meren toimintaohjelman toimeenpanoa. Erityist\u00e4 huomiota kiinnitet\u00e4\u00e4n rehev\u00f6itymisen v\u00e4hent\u00e4miseen, veden laadun parantamiseen, merellisen luonnon monimuotoisuuden turvaamiseen sek\u00e4 PFAS-yhdisteiden seurantaan ja raportointiin koko It\u00e4meren alueella&#8221;, Eloranta sanoo.<\/p>\n<\/blockquote>\n<h2>Nuorten roolia halutaan vahvistaa<\/h2>\n<p class=\"v1Leipis\">Eloranta toimi konferenssin ensimm\u00e4isen istunnon yhteispuheenjohtajana, kun k\u00e4siteltiin nuorten osallisuutta ja heid\u00e4n rooliaan It\u00e4meren alueen tulevaisuuden rakentajina.<\/p>\n<blockquote>\n<p class=\"v1Leipis\">&#8221;Nuorten osallistuminen muodostui konferenssin keskeiseksi teemaksi. P\u00e4\u00e4t\u00f6slauselmassa kehotetaan vahvistamaan nuorten vaikutusmahdollisuuksia, demokratiakasvatusta ja sukupolvien v\u00e4list\u00e4 vuoropuhelua sek\u00e4 kehitt\u00e4m\u00e4\u00e4n nuorille suunnattuja varautumis- ja turvallisuusohjelmia osana yhteiskuntien kriisinkest\u00e4vyytt\u00e4. T\u00e4h\u00e4n tavoitteeseen on helppoa yhty\u00e4&#8221;, Eloranta toteaa.<\/p>\n<\/blockquote>\n<p class=\"v1Leipis\">It\u00e4meren parlamentaarikkokonferenssi BSPC (Baltic Sea Parliamentary Conference) kokoaa vuosittain yhteen It\u00e4meren alueen parlamenttien edustajia edist\u00e4m\u00e4\u00e4n alueellista yhteisty\u00f6t\u00e4, turvallisuutta, kest\u00e4v\u00e4\u00e4 kehityst\u00e4 ja demokraattisia arvoja.<\/p>\n<p class=\"v1Leipis\">Suomen valtuuskunnasta konferenssiin osallistuivat Elorannan lis\u00e4ksi kansanedustajat <strong>Pauli Aalto-Set\u00e4l\u00e4<\/strong> (Kokoomus) ja <strong>Saku Nikkanen<\/strong> (SDP).<\/p>\n<p class=\"v1Leipis\">Eduskunnasta mukana olivat my\u00f6s Pohjoismaiden neuvoston presidentti <strong>Ville V\u00e4yrynen<\/strong> (Kokoomus), varapresidentti <strong>Kim Berg<\/strong> (SDP) sek\u00e4 Pohjoismaiden neuvoston puheenjohtajiston It\u00e4meri-raportoija <strong>Jouni<\/strong> <strong>Ovaska<\/strong> (Keskusta).\u00a0<img loading=\"lazy\" decoding=\"async\" class=\"alignnone size-full wp-image-144\" src=\"https:\/\/www.uutispeili.fi\/wp-content\/uploads\/2023\/11\/di.gold_.gif\" alt=\"\" width=\"11\" height=\"11\" \/><\/p>\n<p>(Uutispeili ei ole muokannut artikkelin sislt\u00f6\u00e4.)<\/p>\n<p>Luettavaa:<\/p>\n<ul>\n<li><a href=\"https:\/\/www.eduskunta.fi\/kansanedustajat-ja-toimielimet\/kansainvalinen-toiminta\/valtuuskunnat\/itameren-parlamentaarikkokonferenssin-suomen-valtuuskunta\" target=\"_blank\" rel=\"noopener noreferrer\">It\u00e4meren parlamentaarikkokonferenssin Suomen valtuuskunta eduskunnan verkkosivuilla<\/a><\/li>\n<li><a href=\"https:\/\/www.bspc.net\/\" target=\"_blank\" rel=\"noopener noreferrer\">It\u00e4meren parlamentaarikkokonferenssin verkkosivu<\/a><\/li>\n<\/ul>\n<p class=\"v1Leipis\">\n<p class=\"v1Leipis\">\n<p class=\"v1Leipis\">\n","protected":false},"excerpt":{"rendered":"<p>It\u00e4meren parlamentaarikkokonferenssin\u00a0teemana oli &#8221;Youth.Set.Sail. \u2013 For a Thriving Baltic Sea Region&#8221;, ja keskusteluissa painottuivat nuorten osallistuminen, demokratian vahvistaminen, alueellinen turvallisuus sek\u00e4 It\u00e4meren alueen kest\u00e4v\u00e4 tulevaisuus. (Arkistokuva: Eeva-Johanna Eloranta, kuval\u00e4hde: Eduskunta.) &#8217;It\u00e4meren rehev\u00f6itymisen yksi suurimmista haasteista&#8217; Suomen valtuuskunnan puheenjohtaja It\u00e4meren parlamentaarikkokonferenssin 35. vuosikokouksessa (30.08.-01.09. 2026), kansanedustaja Eeva-Johanna Eloranta (SDP) nosti esiin erityisesti It\u00e4meren ymp\u00e4rist\u00f6n tilan. H\u00e4n [&hellip;]<\/p>\n","protected":false},"author":3,"featured_media":9573,"comment_status":"open","ping_status":"open","sticky":false,"template":"","format":"standard","meta":{"footnotes":""},"categories":[43],"tags":[],"_links":{"self":[{"href":"https:\/\/www.uutispeili.fi\/index.php\/wp-json\/wp\/v2\/posts\/14610"}],"collection":[{"href":"https:\/\/www.uutispeili.fi\/index.php\/wp-json\/wp\/v2\/posts"}],"about":[{"href":"https:\/\/www.uutispeili.fi\/index.php\/wp-json\/wp\/v2\/types\/post"}],"author":[{"embeddable":true,"href":"https:\/\/www.uutispeili.fi\/index.php\/wp-json\/wp\/v2\/users\/3"}],"replies":[{"embeddable":true,"href":"https:\/\/www.uutispeili.fi\/index.php\/wp-json\/wp\/v2\/comments?post=14610"}],"version-history":[{"count":1,"href":"https:\/\/www.uutispeili.fi\/index.php\/wp-json\/wp\/v2\/posts\/14610\/revisions"}],"predecessor-version":[{"id":14611,"href":"https:\/\/www.uutispeili.fi\/index.php\/wp-json\/wp\/v2\/posts\/14610\/revisions\/14611"}],"wp:featuredmedia":[{"embeddable":true,"href":"https:\/\/www.uutispeili.fi\/index.php\/wp-json\/wp\/v2\/media\/9573"}],"wp:attachment":[{"href":"https:\/\/www.uutispeili.fi\/index.php\/wp-json\/wp\/v2\/media?parent=14610"}],"wp:term":[{"taxonomy":"category","embeddable":true,"href":"https:\/\/www.uutispeili.fi\/index.php\/wp-json\/wp\/v2\/categories?post=14610"},{"taxonomy":"post_tag","embeddable":true,"href":"https:\/\/www.uutispeili.fi\/index.php\/wp-json\/wp\/v2\/tags?post=14610"}],"curies":[{"name":"wp","href":"https:\/\/api.w.org\/{rel}","templated":true}]}}