{"id":14606,"date":"2026-09-01T14:48:29","date_gmt":"2026-09-01T11:48:29","guid":{"rendered":"https:\/\/www.uutispeili.fi\/?p=14606"},"modified":"2026-09-01T14:48:33","modified_gmt":"2026-09-01T11:48:33","slug":"demokratia-ja-hybridiuhat-nousivat-esiin-itameren-parlamentaarikkokonferenssissa","status":"publish","type":"post","link":"https:\/\/www.uutispeili.fi\/index.php\/2026\/09\/01\/demokratia-ja-hybridiuhat-nousivat-esiin-itameren-parlamentaarikkokonferenssissa\/","title":{"rendered":"Demokratia ja hybridiuhat nousivat esiin It\u00e4meren parlamentaarikkokonferenssissa"},"content":{"rendered":"<p><strong>Suomalaiset kansanedustajat esittiv\u00e4t uusia avauksia kriittisen infrastruktuurin suojaamiseksi ja verkossa tapahtuvan vaikuttamisen torjumiseksi It\u00e4meren parlamentaarikkokonferenssissa Saksan Lyypekiss\u00e4 30.8.\u20131.9.<\/strong><\/p>\n<p>(Arkistokuva: Saku Nikkanen, kuval\u00e4hde: Eduskunta,.)<\/p>\n<p>Konferenssissa k\u00e4siteltiin It\u00e4meren alueen turvallisuutta, demokratian vahvistamista, nuorten osallistumista sek\u00e4 alueen muuttunutta geopoliittista tilannetta.<\/p>\n<p>Teemoja korostettiin my\u00f6s konferenssin hyv\u00e4ksym\u00e4ss\u00e4 p\u00e4\u00e4t\u00f6slauselmassa, jossa painotetaan kriittisen infrastruktuurin suojelua, kyber- ja informaatioturvallisuutta sek\u00e4 tiivimp\u00e4\u00e4 yhteisty\u00f6t\u00e4 hybridiuhkien torjumiseksi.<\/p>\n<figure id=\"attachment_11084\" aria-describedby=\"caption-attachment-11084\" style=\"width: 800px\" class=\"wp-caption aligncenter\"><img loading=\"lazy\" decoding=\"async\" class=\"wp-image-11084 size-full\" src=\"https:\/\/www.uutispeili.fi\/wp-content\/uploads\/2026\/02\/pauli.aalto-setala1902-800500.png\" alt=\"\" width=\"800\" height=\"500\" srcset=\"https:\/\/www.uutispeili.fi\/wp-content\/uploads\/2026\/02\/pauli.aalto-setala1902-800500.png 800w, https:\/\/www.uutispeili.fi\/wp-content\/uploads\/2026\/02\/pauli.aalto-setala1902-800500-300x188.png 300w, https:\/\/www.uutispeili.fi\/wp-content\/uploads\/2026\/02\/pauli.aalto-setala1902-800500-768x480.png 768w\" sizes=\"(max-width: 800px) 100vw, 800px\" \/><figcaption id=\"caption-attachment-11084\" class=\"wp-caption-text\">(Arkistokuva: Pauli Aalto-Set\u00e4l\u00e4, kuval\u00e4hde: Eduskunta.)<\/figcaption><\/figure>\n<h2>Aalto-Set\u00e4l\u00e4: Yhteinen ennakkovaroitusj\u00e4rjestelm\u00e4 It\u00e4merelle<\/h2>\n<p>Kansanedustaja <strong>Pauli Aalto-Set\u00e4l\u00e4<\/strong> (Kokoomus) nosti puheenvuorossaan esiin It\u00e4meren turvallisuusymp\u00e4rist\u00f6n muutoksen ja kriittisen infrastruktuurin merkityksen, kun turvallisuusuhat kohdistuvat yh\u00e4 useammin yhteiskuntien elint\u00e4rkeisiin toimintoihin, kuten energia-, tietoliikenne- ja logistiikkayhteyksiin.<\/p>\n<p>Aalto-Set\u00e4l\u00e4 ehdotti yhteisen It\u00e4meren korkean riskin seuranta- ja ennakkovaroitusj\u00e4rjestelm\u00e4n perustamista. J\u00e4rjestelm\u00e4 yhdist\u00e4isi esimerkiksi <strong>SafeSeaNet-<\/strong>, <strong>Thetis-<\/strong>, <strong>AIS-<\/strong> ja satelliittitietoja poikkeavan k\u00e4ytt\u00e4ytymisen tunnistamiseksi.<\/p>\n<blockquote><p>&#8221;Jokaiselle \u00f6ljytankkerille teht\u00e4isiin dynaaminen riskiluokitus, jolloin mahdollisista riskeist\u00e4 saataisiin ennakkovaroitus ajoissa. Suomella on t\u00e4ss\u00e4 luonteva aloitteentekij\u00e4n rooli&#8221;, Aalto-Set\u00e4l\u00e4 ehdotti.<\/p><\/blockquote>\n<h2>Nikkanen: &#8217;Somen valeprofiilit uhka demokraattiselle keskustelulle&#8217;<\/h2>\n<p>Kansanedustaja <strong>Saku Nikkanen<\/strong> (SDP) varoitti puheenvuorossaan, ett\u00e4 somen valeprofiilit ovat kasvava uhka demokraattiselle keskustelulle ja kansalaisten luottamukselle.<\/p>\n<p>Ratkaisuksi h\u00e4n esitti, ett\u00e4 sosiaalisen median henkil\u00f6kohtaisten k\u00e4ytt\u00e4j\u00e4tilien luomiseen vaadittaisiin <strong><em>vahva s\u00e4hk\u00f6inen tunnistautuminen<\/em><\/strong>. K\u00e4ytt\u00e4j\u00e4 voisi silti esiinty\u00e4 nimimerkill\u00e4, mutta somealusta tiet\u00e4isi tilin omistajan olevan oikea ihminen.<\/p>\n<blockquote><p>&#8221;Vahva tunnistautuminen vaikeuttaisi bottiarmeijoiden toimintaa ja suojelisi lapsia ja nuoria verkossa toimivilta seksuaalirikollisilta. Kansalaisten tulee my\u00f6s voida osallistua demokraattiseen keskusteluun tiet\u00e4en, ett\u00e4 he ovat tekemisiss\u00e4 aitojen ihmisten kanssa eiv\u00e4tk\u00e4 bottien, jotka on suunniteltu manipuloimaan heit\u00e4&#8221;, Nikkanen perusteli.<\/p><\/blockquote>\n<p>Nikkanen korosti my\u00f6s eurooppalaisten ratkaisujen merkityst\u00e4 ja n\u00e4ki <strong><em>EU:n digitaalisen identiteetin<\/em><\/strong> kehitt\u00e4misen eli <strong><em>digilompakon<\/em><\/strong> tarjoavan uusia mahdollisuuksia turvallisemman verkkoymp\u00e4rist\u00f6n rakentamiseen.<\/p>\n<h2>Pohjoismaiden neuvoston presidentti korosti alueellista yhteisty\u00f6t\u00e4<\/h2>\n<p>Suomen valtuuskuntaan kuului Aalto-Set\u00e4l\u00e4n ja Nikkasen lis\u00e4ksi kansanedustaja <strong>Eeva-Johannan Eloranta<\/strong> (valtuuskunnan puheenjohtaja, SDP). Eduskunnasta mukana ovat my\u00f6s <strong>Pohjoismaiden neuvoston<\/strong> presidentti <strong>Ville V\u00e4yrynen<\/strong> (Kokoomus), varapresidentti <strong>Kim Berg<\/strong> (SDP) sek\u00e4 Pohjoismaiden neuvoston puheenjohtajiston It\u00e4meri-raportoija <strong>Jouni Ovaska<\/strong> (Keskusta).<\/p>\n<p>V\u00e4yrynen korosti puheenvuorossaan Pohjoismaiden neuvoston ja It\u00e4meren parlamentaarikkokonferenssin alueellista yhteisty\u00f6t\u00e4.<\/p>\n<p>H\u00e4n kertoi lis\u00e4ksi Pohjoismaiden neuvoston Suomen ja Ahvenanmaan puheenjohtajuusohjelmasta, jossa korostetaan kokonaisturvallisuutta ja yhteiskunnan kriisinsietokyky\u00e4 sek\u00e4 kansainv\u00e4list\u00e4 yhteisty\u00f6t\u00e4 varautumisessa.<\/p>\n<p>Konferenssin p\u00e4\u00e4tteeksi It\u00e4meren parlamentaarikkokonferenssin BSPC:n (Baltic Sea Parliamentary Conference) puheenjohtajuus siirtyi Schleswig-Holsteinilta <strong>Islannille<\/strong>.<\/p>\n<p>It\u00e4meren parlamentaarikkokonferenssi kokoaa vuosittain yhteen alueen parlamenttien edustajia edist\u00e4m\u00e4\u00e4n turvallisuutta, kest\u00e4v\u00e4\u00e4 kehityst\u00e4, alueellista yhteisty\u00f6t\u00e4 ja demokraattisia arvoja. <img loading=\"lazy\" decoding=\"async\" class=\"alignnone size-full wp-image-144\" src=\"https:\/\/www.uutispeili.fi\/wp-content\/uploads\/2023\/11\/di.gold_.gif\" alt=\"\" width=\"11\" height=\"11\" \/><\/p>\n<p>(Uutispeili ei ole muokannut artikkelin sis\u00e4lt\u00f6\u00e4.)<\/p>\n<p>Luettavaa;<\/p>\n<ul>\n<li><a href=\"https:\/\/www.eduskunta.fi\/kansanedustajat-ja-toimielimet\/kansainvalinen-toiminta\/valtuuskunnat\/itameren-parlamentaarikkokonferenssin-suomen-valtuuskunta\" target=\"_blank\" rel=\"noopener noreferrer\">It\u00e4meren parlamentaarikkokonferenssin Suomen valtuuskunta eduskunnan verkkosivuilla<\/a><\/li>\n<li><a href=\"https:\/\/www.bspc.net\/working-groups\/bspc-working-group-on-strengthening-cyber-and-information-resilience-to-promote-democracy-wg-scirpd-2025-2027\/\" target=\"_blank\" rel=\"noopener noreferrer\">It\u00e4meren parlamentaarikkokonferenssin kyberturvallisuusty\u00f6ryhm\u00e4n verkkosivu<\/a><\/li>\n<li><a href=\"https:\/\/www.bspc.net\/\" target=\"_blank\" rel=\"noopener noreferrer\">It\u00e4meren parlamentaarikkokonferenssin verkkosivu<\/a><\/li>\n<\/ul>\n","protected":false},"excerpt":{"rendered":"<p>Suomalaiset kansanedustajat esittiv\u00e4t uusia avauksia kriittisen infrastruktuurin suojaamiseksi ja verkossa tapahtuvan vaikuttamisen torjumiseksi It\u00e4meren parlamentaarikkokonferenssissa Saksan Lyypekiss\u00e4 30.8.\u20131.9. (Arkistokuva: Saku Nikkanen, kuval\u00e4hde: Eduskunta,.) Konferenssissa k\u00e4siteltiin It\u00e4meren alueen turvallisuutta, demokratian vahvistamista, nuorten osallistumista sek\u00e4 alueen muuttunutta geopoliittista tilannetta. Teemoja korostettiin my\u00f6s konferenssin hyv\u00e4ksym\u00e4ss\u00e4 p\u00e4\u00e4t\u00f6slauselmassa, jossa painotetaan kriittisen infrastruktuurin suojelua, kyber- ja informaatioturvallisuutta sek\u00e4 tiivimp\u00e4\u00e4 yhteisty\u00f6t\u00e4 hybridiuhkien [&hellip;]<\/p>\n","protected":false},"author":3,"featured_media":12701,"comment_status":"open","ping_status":"open","sticky":false,"template":"","format":"standard","meta":{"footnotes":""},"categories":[43],"tags":[],"_links":{"self":[{"href":"https:\/\/www.uutispeili.fi\/index.php\/wp-json\/wp\/v2\/posts\/14606"}],"collection":[{"href":"https:\/\/www.uutispeili.fi\/index.php\/wp-json\/wp\/v2\/posts"}],"about":[{"href":"https:\/\/www.uutispeili.fi\/index.php\/wp-json\/wp\/v2\/types\/post"}],"author":[{"embeddable":true,"href":"https:\/\/www.uutispeili.fi\/index.php\/wp-json\/wp\/v2\/users\/3"}],"replies":[{"embeddable":true,"href":"https:\/\/www.uutispeili.fi\/index.php\/wp-json\/wp\/v2\/comments?post=14606"}],"version-history":[{"count":1,"href":"https:\/\/www.uutispeili.fi\/index.php\/wp-json\/wp\/v2\/posts\/14606\/revisions"}],"predecessor-version":[{"id":14607,"href":"https:\/\/www.uutispeili.fi\/index.php\/wp-json\/wp\/v2\/posts\/14606\/revisions\/14607"}],"wp:featuredmedia":[{"embeddable":true,"href":"https:\/\/www.uutispeili.fi\/index.php\/wp-json\/wp\/v2\/media\/12701"}],"wp:attachment":[{"href":"https:\/\/www.uutispeili.fi\/index.php\/wp-json\/wp\/v2\/media?parent=14606"}],"wp:term":[{"taxonomy":"category","embeddable":true,"href":"https:\/\/www.uutispeili.fi\/index.php\/wp-json\/wp\/v2\/categories?post=14606"},{"taxonomy":"post_tag","embeddable":true,"href":"https:\/\/www.uutispeili.fi\/index.php\/wp-json\/wp\/v2\/tags?post=14606"}],"curies":[{"name":"wp","href":"https:\/\/api.w.org\/{rel}","templated":true}]}}