{"id":14593,"date":"2026-09-01T03:14:17","date_gmt":"2026-09-01T00:14:17","guid":{"rendered":"https:\/\/www.uutispeili.fi\/?p=14593"},"modified":"2026-09-01T03:14:17","modified_gmt":"2026-09-01T00:14:17","slug":"iranin-kuolemantuomiot-ovat-signaali-ulkomaailmalle","status":"publish","type":"post","link":"https:\/\/www.uutispeili.fi\/index.php\/2026\/09\/01\/iranin-kuolemantuomiot-ovat-signaali-ulkomaailmalle\/","title":{"rendered":"Iranin kuolemantuomiot ovat signaali ulkomaailmalle"},"content":{"rendered":"<p><strong>Shia-islamistinen Iran jatkaa tammikuun mielenosoitusten yhteydess\u00e4 vangittujen tuomitsemista, -ja teloittamista. T\u00e4ll\u00e4 on toiminnalla halutaan kertoa meille jotakin. Tarkastelemme.<\/strong><\/p>\n<p>(Kuvan aineisto: Mm. Iran International.)<\/p>\n<p><strong>Isfahan<\/strong>in vallankumoustuomioistuin on tuominnut kymmenen mielenosoittajaa kuolemaan, ja kuusi muuta jopa 25 vuoden vankeustuomioihin tammikuun -26 maanlaajuisten mielenosoitusten vuoksi, kertoo iranilaisten aktivistien Telegram-uutiskanava.<\/p>\n<p>Iranilaisen poliittisen aktivistin Mehdi Mahmoudianin johtaman <em>Khabaranehan<\/em> mukaan Isfahanin vallankumoustuomioistuimen osasto 1 antoi ensimm\u00e4iset tuomiot kuudelletoista joulukuun lopulla 2025 alkaneiden mielenosoitusten yhteydess\u00e4 pid\u00e4tetylle henkil\u00f6lle.<\/p>\n<p>Kuolemaan tuomitut ovat <strong>Taraneh Rahimi<\/strong>, <strong>Navid Elyasi<\/strong>, <strong>Mehrdad Boeri<\/strong>, <strong>Abolfazl Dadgostar<\/strong>, <strong>Armin<\/strong> <strong>Gholami<\/strong>, <strong>Mehdi Mansouri<\/strong>, <strong>Ahmadreza Saeedi<\/strong>, <strong>Mohammadmehdi Asadi<\/strong>, <strong>Parsa Jafari<\/strong> ja <strong>Mehdi Jafari <\/strong>(Mehdi Khosravi).<\/p>\n<blockquote class=\"twitter-tweet\">\n<p dir=\"ltr\" lang=\"en\">20-year-old Taraneh Rahimi, a university student from Isfahan, was arrested for protesting against the Islamic regime of Iran in Isfahan in January 2026. She was shot in the leg and suffered severe injuries that could cost her the ability to walk. Now, she has been sentenced to\u2026 <a href=\"https:\/\/t.co\/PxFdF7ws7j\">pic.twitter.com\/PxFdF7ws7j<\/a><\/p>\n<p>\u2014 Babak Taghvaee &#8211; The Crisis Watch (@BabakTaghvaee1) <a href=\"https:\/\/x.com\/BabakTaghvaee1\/status\/2094242218043126063?ref_src=twsrc%5Etfw\">August 31, 2026<\/a><\/p><\/blockquote>\n<p><script async src=\"https:\/\/platform.x.com\/widgets.js\" charset=\"utf-8\"><\/script><\/p>\n<p><strong>Romina Rahimi<\/strong> ja <strong>Milad Boeri<\/strong> tuomittiin kumpikin 25 vuodeksi vankeuteen. <strong>Hamed Mehralian<\/strong> sai 15 vuoden tuomion. <strong>Setayesh Saedi<\/strong>, <strong>Sajjad Abedi<\/strong> ja <strong>Ali Boer<\/strong>i tuomittiin kumpikin viideksi vuodeksi, Khabaraneha raportoi.<\/p>\n<p>Tapaus on tullut tunnetuksi \u201d<em>Isfahan Shohada Square<\/em>\u201d -tapauksena, ja liittyy protesteihin Isfahanin alueella tammikuun kansannousun aikana. Khabaraneha sanoi, ett\u00e4 yksi naispuolisista syytetyist\u00e4 pahoinpideltiin vangittuna ollessaan ja teki valituksen tapauksesta, mutta ett\u00e4 tuomioistuin antoi tuomionsa tutkimatta valitusta.<\/p>\n<p>Ahmadreza Saeedi kertoi tuomareille oikeudenk\u00e4ynnin aikana, ett\u00e4 h\u00e4nt\u00e4 oli kidutettu kuulusteluissa. <em>Khabaraneha<\/em> kertoo, ett\u00e4 aiemmin on raportoitu rajoituksista, jotka koskevat esitutkinta-aineistoon tutustumisen est\u00e4misest\u00e4 asianajajilta, ja syytettyjen kiduttamisesta tunnustusten saamiseksi.<\/p>\n<p>Iranin viranomaiset ovat Isfahanissa teloittaneet viisi syytetty\u00e4 hein\u00e4kuun j\u00e4lkeen toisessa tapauksessa, joka tunnetaan nimell\u00e4 <em>Alikhani Square<\/em> -tapaus.<\/p>\n<blockquote class=\"twitter-tweet\">\n<p dir=\"ltr\" lang=\"en\">A court in Isfahan has sentenced 10 protesters to death and six others to prison terms of up to 25 years over the nationwide demonstrations in the central Iranian city, according to an activist-run Telegram news channel.<\/p>\n<p>Khabaraneha, run by Iranian political activist Mehdi\u2026 <a href=\"https:\/\/t.co\/fja9ACTqQp\">pic.twitter.com\/fja9ACTqQp<\/a><\/p>\n<p>\u2014 Iran International English (@IranIntl_En) <a href=\"https:\/\/x.com\/IranIntl_En\/status\/2094110281974559095?ref_src=twsrc%5Etfw\">August 30, 2026<\/a><\/p><\/blockquote>\n<p><script async src=\"https:\/\/platform.x.com\/widgets.js\" charset=\"utf-8\"><\/script><\/p>\n<p><strong>Ghaem Hosseini<\/strong> teloitettiin elokuussa. 20, <strong>Abolfazl Sepahi Badjani<\/strong> ja <strong>Amirhossein Safari Hosseinabadi<\/strong> 28. hein\u00e4kuuta, <strong>Golmohammad Mohammadi<\/strong> ja <strong>Erfan Esfandiari<\/strong> 19. hein\u00e4kuuta. Hein\u00e4kuun 28. p\u00e4iv\u00e4n teloitukset toteutettiin julkisesti <strong>Alikhanin aukiolla<\/strong>.<\/p>\n<p>Iranin uskonnolliskonservatiivisen presidentin, <strong>Ibrahim Raisi<\/strong>n kuoleman j\u00e4lkeen, <strong>kes\u00e4ll\u00e4 2024<\/strong>, pidetyiss\u00e4 presidentinvaaleissa vastaehdokas konservatiiveille, nykyinen presidentti <strong>Masoud<\/strong> <strong>Pezeshkian<\/strong>, kampanjoi mm. <strong><em>uskonnollisen poliisin<\/em><\/strong> toimintaa vastaan. -N\u00e4m\u00e4 vainosivat, -ja joskus tappoivat- uskonnollisen pukeutuskoodin rikkoneita naisia ja tytt\u00f6j\u00e4. Pezeshkian, joka sai \u00e4\u00e4nivy\u00f6ryn poikkeuksellisen korkean \u00e4\u00e4nestysprosentin vallitessa, oli ottanut kantaa jo tuomitsemalla <strong>Mahsi Amin<\/strong>in murhan, -johon uskonnollinen poliisi oli syyllistynyt.<\/p>\n<blockquote><p>Suhtautuminen ihmisoikeuskysymyksiin, -mm. &#8217;<strong>huivipakon<\/strong>&#8217; vastustajien kohteluun- toimii indikaattorina Iranin sis\u00e4isiin valtasuhteisiin.<\/p><\/blockquote>\n<p>Enbsimm\u00e4isen\u00e4 virkatoimenaan v.2024 valittu -reoformistina tunnettu- uusi presidentti j\u00e4tti vahvistamatta konservatiivien Iranin parlamentissa jo hyv\u00e4ksytt\u00e4m\u00e4n <strong><em>huivilain<\/em><\/strong> tiukennuksen: Laki ei tullut voimaan, kun -kuten Suomessakin- presidentin t\u00e4ytyy allekirjoittaa se.<\/p>\n<p><strong>Tammikuun 2026<\/strong> koko Irania koskettanut mielenilmaisujen ja lakkojen aalto heikensi konservatiivien vaikustusvaltaa Iranissa, -mutta my\u00f6s presidentin: <strong>Vallankumouskaartin<\/strong> ja sen naapurimaa <strong>Irak<\/strong>ista avukseen tilaamien shia-islamisti miliisien (toimivat Iranin rahalla) raaka katuv\u00e4kivalta k\u00e4rjisti tilannetta, -mik\u00e4 s\u00f6i presidentin liikkumavaraa konservatiivien ja reformistien v\u00e4liss\u00e4.<\/p>\n<p>Monien reformisteja tukevien Iranin johtajien menehdytty\u00e4 <strong>28. helmikuuta<\/strong> alkaneissa Iranin pommituksissa Presidentti Pezeshkianin tukijat my\u00f6s harvenivat pommikoneiden suorittaessa ihmismets\u00e4styst\u00e4 <strong>Teheran<\/strong>in paremman v\u00e4en kerrostalokortteleissa.<\/p>\n<p>Pezeshkian itsekin syytt\u00e4\u00e4 <strong>Israel<\/strong>ia yrityksest\u00e4 tappaa h\u00e4net kes\u00e4kuussa 2025. (Linkki alempana.)<\/p>\n<p>Helmikuun j\u00e4lkeen rohkaistunut konservatiivien kontrolloima turvakoneisto alkoi mm. vangita istuvan presidentin tukijoita.<\/p>\n<p>Iranin johtoryhm\u00e4 ei siis ole sama, kuin ennen kes\u00e4kuuta -25. Viel\u00e4 vuoden 2025 tammikuussa Iranin signaali l\u00e4nnelle oli tulkittavissa aivan muuksi, kuin viime lauantaina (30.08.), ja koko kuluvan kes\u00e4 ajan:<\/p>\n<blockquote><p>Uskonnolliskonservatismi kiristyy, tappaminen jatkuu, eik\u00e4 sovintoa ulkomaailmanssa kannasta odottaa. -Ainakaan ihan l\u00e4hi-aikoina. <img loading=\"lazy\" decoding=\"async\" class=\"alignnone size-full wp-image-144\" src=\"https:\/\/www.uutispeili.fi\/wp-content\/uploads\/2023\/11\/di.gold_.gif\" alt=\"\" width=\"11\" height=\"11\" \/><\/p><\/blockquote>\n<p>Luettavaa:<\/p>\n<ul>\n<li><a href=\"https:\/\/www.iranintl.com\/en\/202608306158\" target=\"_blank\" rel=\"noopener\"><strong>Iran International<\/strong><\/a> 30.08. 2026,<\/li>\n<\/ul>\n<h2>Muita uutisia:<\/h2>\n<p>28.06. 20<strong>24<\/strong>:<\/p>\n<blockquote class=\"wp-embedded-content\" data-secret=\"8GJmNs1c52\"><p><a href=\"https:\/\/www.uutispeili.fi\/index.php\/2024\/06\/28\/persiassa-iranissa-tapetaan-lapsia-missa-mielenosoittajat-tanaan\/\">Persiassa (Iranissa) tapetaan lapsia! -Miss\u00e4 mielenosoittajat t\u00e4n\u00e4\u00e4n?<\/a><\/p><\/blockquote>\n<p><iframe class=\"wp-embedded-content\" sandbox=\"allow-scripts\" security=\"restricted\" style=\"position: absolute; clip: rect(1px, 1px, 1px, 1px);\" title=\"&#8221;Persiassa (Iranissa) tapetaan lapsia! -Miss\u00e4 mielenosoittajat t\u00e4n\u00e4\u00e4n?&#8221; &#8212; \" src=\"https:\/\/www.uutispeili.fi\/index.php\/2024\/06\/28\/persiassa-iranissa-tapetaan-lapsia-missa-mielenosoittajat-tanaan\/embed\/#?secret=YMJlVNtdTE#?secret=8GJmNs1c52\" data-secret=\"8GJmNs1c52\" width=\"600\" height=\"338\" frameborder=\"0\" marginwidth=\"0\" marginheight=\"0\" scrolling=\"no\"><\/iframe><\/p>\n<p>07.07. 20<strong>24<\/strong>:<\/p>\n<blockquote class=\"wp-embedded-content\" data-secret=\"zVtZK3H856\"><p><a href=\"https:\/\/www.uutispeili.fi\/index.php\/2024\/07\/07\/iranin-uusi-presidentti-reformisti-vaistyyko-sodan-vaara\/\">Iranin uusi presidentti &#8217;reformisti&#8217;, v\u00e4istyyk\u00f6 sodan vaara<\/a><\/p><\/blockquote>\n<p><iframe class=\"wp-embedded-content\" sandbox=\"allow-scripts\" security=\"restricted\" style=\"position: absolute; clip: rect(1px, 1px, 1px, 1px);\" title=\"&#8221;Iranin uusi presidentti &#8217;reformisti&#8217;, v\u00e4istyyk\u00f6 sodan vaara&#8221; &#8212; \" src=\"https:\/\/www.uutispeili.fi\/index.php\/2024\/07\/07\/iranin-uusi-presidentti-reformisti-vaistyyko-sodan-vaara\/embed\/#?secret=k3XHVWdV1h#?secret=zVtZK3H856\" data-secret=\"zVtZK3H856\" width=\"600\" height=\"338\" frameborder=\"0\" marginwidth=\"0\" marginheight=\"0\" scrolling=\"no\"><\/iframe><\/p>\n<p>02.02. 2026:<\/p>\n<blockquote class=\"wp-embedded-content\" data-secret=\"De9iDImF9K\"><p><a href=\"https:\/\/www.uutispeili.fi\/index.php\/2026\/02\/02\/iran-mielenosoituksia-kidutuksia-ja-sodan-uhkaa\/\">Iran: Mielenosoituksia, kidutuksia ja sodan uhkaa<\/a><\/p><\/blockquote>\n<p><iframe class=\"wp-embedded-content\" sandbox=\"allow-scripts\" security=\"restricted\" style=\"position: absolute; clip: rect(1px, 1px, 1px, 1px);\" title=\"&#8221;Iran: Mielenosoituksia, kidutuksia ja sodan uhkaa&#8221; &#8212; \" src=\"https:\/\/www.uutispeili.fi\/index.php\/2026\/02\/02\/iran-mielenosoituksia-kidutuksia-ja-sodan-uhkaa\/embed\/#?secret=LqyNVlN1gR#?secret=De9iDImF9K\" data-secret=\"De9iDImF9K\" width=\"600\" height=\"338\" frameborder=\"0\" marginwidth=\"0\" marginheight=\"0\" scrolling=\"no\"><\/iframe><\/p>\n<p>09.02. 2026:<\/p>\n<blockquote class=\"wp-embedded-content\" data-secret=\"NyiZQLMnrQ\"><p><a href=\"https:\/\/www.uutispeili.fi\/index.php\/2026\/02\/09\/iran-ulottaa-tukahduttamistoimet-valtarakenteen-reformisteihin\/\">Iran ulottaa tukahduttamistoimet valtarakenteen reformisteihin<\/a><\/p><\/blockquote>\n<p><iframe class=\"wp-embedded-content\" sandbox=\"allow-scripts\" security=\"restricted\" style=\"position: absolute; clip: rect(1px, 1px, 1px, 1px);\" title=\"&#8221;Iran ulottaa tukahduttamistoimet valtarakenteen reformisteihin&#8221; &#8212; \" src=\"https:\/\/www.uutispeili.fi\/index.php\/2026\/02\/09\/iran-ulottaa-tukahduttamistoimet-valtarakenteen-reformisteihin\/embed\/#?secret=etwABwU5N1#?secret=NyiZQLMnrQ\" data-secret=\"NyiZQLMnrQ\" width=\"600\" height=\"338\" frameborder=\"0\" marginwidth=\"0\" marginheight=\"0\" scrolling=\"no\"><\/iframe><\/p>\n<p>07.07. 20<strong>25<\/strong>:<\/p>\n<blockquote class=\"wp-embedded-content\" data-secret=\"2GG18MEH7v\"><p><a href=\"https:\/\/www.uutispeili.fi\/index.php\/2025\/07\/07\/iranin-presidentti-vaittaa-israel-yritti-murhata-minut\/\">Iranin presidentti v\u00e4itt\u00e4\u00e4: &#8217;Israel yritti murhata minut&#8217;<\/a><\/p><\/blockquote>\n<p><iframe class=\"wp-embedded-content\" sandbox=\"allow-scripts\" security=\"restricted\" style=\"position: absolute; clip: rect(1px, 1px, 1px, 1px);\" title=\"&#8221;Iranin presidentti v\u00e4itt\u00e4\u00e4: &#8217;Israel yritti murhata minut&#8217;&#8221; &#8212; \" src=\"https:\/\/www.uutispeili.fi\/index.php\/2025\/07\/07\/iranin-presidentti-vaittaa-israel-yritti-murhata-minut\/embed\/#?secret=GrzQqlSpQr#?secret=2GG18MEH7v\" data-secret=\"2GG18MEH7v\" width=\"600\" height=\"338\" frameborder=\"0\" marginwidth=\"0\" marginheight=\"0\" scrolling=\"no\"><\/iframe><\/p>\n<p>02.06. 2026:<\/p>\n<blockquote class=\"wp-embedded-content\" data-secret=\"EqGi6rJuYJ\"><p><a href=\"https:\/\/www.uutispeili.fi\/index.php\/2026\/06\/02\/eroaako-iranin-presidentti-vallankumouskaarti-hamuaa-valtaa\/\">Eroaako Iranin presidentti? -Vallankumouskaarti hamuaa valtaa<\/a><\/p><\/blockquote>\n<p><iframe class=\"wp-embedded-content\" sandbox=\"allow-scripts\" security=\"restricted\" style=\"position: absolute; clip: rect(1px, 1px, 1px, 1px);\" title=\"&#8221;Eroaako Iranin presidentti? -Vallankumouskaarti hamuaa valtaa&#8221; &#8212; \" src=\"https:\/\/www.uutispeili.fi\/index.php\/2026\/06\/02\/eroaako-iranin-presidentti-vallankumouskaarti-hamuaa-valtaa\/embed\/#?secret=MzzzcMNW4N#?secret=EqGi6rJuYJ\" data-secret=\"EqGi6rJuYJ\" width=\"600\" height=\"338\" frameborder=\"0\" marginwidth=\"0\" marginheight=\"0\" scrolling=\"no\"><\/iframe><\/p>\n<p>20.06. 20<strong>25<\/strong>:<\/p>\n<blockquote class=\"wp-embedded-content\" data-secret=\"jPCW8SiKOa\"><p><a href=\"https:\/\/www.uutispeili.fi\/index.php\/2025\/06\/20\/vapaa-tiedonvalitys-tehoaa-iranin-hulluihin-pappeihin-paremmin-kuin-trumpin-ihmepommi-ja-netanyahun-uho\/\">Vapaa tiedonv\u00e4litys tehoaa Iranin hulluihin pappeihin paremmin, kuin Trumpin ihmepommi ja Netanyahun uho<\/a><\/p><\/blockquote>\n<p><iframe class=\"wp-embedded-content\" sandbox=\"allow-scripts\" security=\"restricted\" style=\"position: absolute; clip: rect(1px, 1px, 1px, 1px);\" title=\"&#8221;Vapaa tiedonv\u00e4litys tehoaa Iranin hulluihin pappeihin paremmin, kuin Trumpin ihmepommi ja Netanyahun uho&#8221; &#8212; \" src=\"https:\/\/www.uutispeili.fi\/index.php\/2025\/06\/20\/vapaa-tiedonvalitys-tehoaa-iranin-hulluihin-pappeihin-paremmin-kuin-trumpin-ihmepommi-ja-netanyahun-uho\/embed\/#?secret=3PF2jMPwzT#?secret=jPCW8SiKOa\" data-secret=\"jPCW8SiKOa\" width=\"600\" height=\"338\" frameborder=\"0\" marginwidth=\"0\" marginheight=\"0\" scrolling=\"no\"><\/iframe><\/p>\n","protected":false},"excerpt":{"rendered":"<p>Shia-islamistinen Iran jatkaa tammikuun mielenosoitusten yhteydess\u00e4 vangittujen tuomitsemista, -ja teloittamista. T\u00e4ll\u00e4 on toiminnalla halutaan kertoa meille jotakin. Tarkastelemme. (Kuvan aineisto: Mm. Iran International.) Isfahanin vallankumoustuomioistuin on tuominnut kymmenen mielenosoittajaa kuolemaan, ja kuusi muuta jopa 25 vuoden vankeustuomioihin tammikuun -26 maanlaajuisten mielenosoitusten vuoksi, kertoo iranilaisten aktivistien Telegram-uutiskanava. Iranilaisen poliittisen aktivistin Mehdi Mahmoudianin johtaman Khabaranehan mukaan Isfahanin [&hellip;]<\/p>\n","protected":false},"author":3,"featured_media":14597,"comment_status":"open","ping_status":"open","sticky":false,"template":"","format":"standard","meta":{"footnotes":""},"categories":[21],"tags":[],"_links":{"self":[{"href":"https:\/\/www.uutispeili.fi\/index.php\/wp-json\/wp\/v2\/posts\/14593"}],"collection":[{"href":"https:\/\/www.uutispeili.fi\/index.php\/wp-json\/wp\/v2\/posts"}],"about":[{"href":"https:\/\/www.uutispeili.fi\/index.php\/wp-json\/wp\/v2\/types\/post"}],"author":[{"embeddable":true,"href":"https:\/\/www.uutispeili.fi\/index.php\/wp-json\/wp\/v2\/users\/3"}],"replies":[{"embeddable":true,"href":"https:\/\/www.uutispeili.fi\/index.php\/wp-json\/wp\/v2\/comments?post=14593"}],"version-history":[{"count":6,"href":"https:\/\/www.uutispeili.fi\/index.php\/wp-json\/wp\/v2\/posts\/14593\/revisions"}],"predecessor-version":[{"id":14604,"href":"https:\/\/www.uutispeili.fi\/index.php\/wp-json\/wp\/v2\/posts\/14593\/revisions\/14604"}],"wp:featuredmedia":[{"embeddable":true,"href":"https:\/\/www.uutispeili.fi\/index.php\/wp-json\/wp\/v2\/media\/14597"}],"wp:attachment":[{"href":"https:\/\/www.uutispeili.fi\/index.php\/wp-json\/wp\/v2\/media?parent=14593"}],"wp:term":[{"taxonomy":"category","embeddable":true,"href":"https:\/\/www.uutispeili.fi\/index.php\/wp-json\/wp\/v2\/categories?post=14593"},{"taxonomy":"post_tag","embeddable":true,"href":"https:\/\/www.uutispeili.fi\/index.php\/wp-json\/wp\/v2\/tags?post=14593"}],"curies":[{"name":"wp","href":"https:\/\/api.w.org\/{rel}","templated":true}]}}