{"id":1417,"date":"2024-03-05T14:03:10","date_gmt":"2024-03-05T14:03:10","guid":{"rendered":"https:\/\/www.uutispeili.fi\/?p=1417"},"modified":"2024-03-05T20:08:12","modified_gmt":"2024-03-05T20:08:12","slug":"lissu-huomautti-aarioikeisto-on-venajan-puolella","status":"publish","type":"post","link":"https:\/\/www.uutispeili.fi\/index.php\/2024\/03\/05\/lissu-huomautti-aarioikeisto-on-venajan-puolella\/","title":{"rendered":"Li huomautti: \u00c4\u00e4rioikeisto on Ven\u00e4j\u00e4n puolella"},"content":{"rendered":"<p><strong>Yli puoluerajojen kunnioitettu <em>Vasemmiston<\/em> puheenjohtaja Li Andersson ilmoitti t\u00e4n\u00e4\u00e4n luopuvansa puolueensa puheenjohtajuudesta ennenaikaisesti, mutta jatkavansa politiikkaa europarlamentissa, johon h\u00e4n asettuu ehdokkaaksi. En silti l\u00e4hde rinnastamaan h\u00e4nen tekem\u00e4\u00e4ns\u00e4 valintaa muihin -melko \u00e4skeisiin- &#8217;<em>huipulta hyllylle<\/em>&#8217; -ceisseihin, enk\u00e4 etsi paralleelisuutta Vasemmiston tilanteisiin vuosituhannen ensimm\u00e4isell\u00e4 vuosikymmeni\u00e4, -jolloin silloinkin tapahtui.<\/strong><\/p>\n<p>K\u00e4yt\u00e4n tilaisuuden <em>vasemmistolaisuuden<\/em> akuuttien n\u00e4kymien, ja sis\u00e4isten tendenssien tarkasteluun.<\/p>\n<p>T\u00e4m\u00e4n kirjoittajalla oli mielenkiintoinen keskustelu er\u00e4\u00e4n paljon eturiviss\u00e4 n\u00e4kyneen taistolais-stalinistisena pidetyn sivistyneist\u00f6aktiivin kanssa vuonna 1989,\u00a0 er\u00e4\u00e4ss\u00e4 tilaisuudessa, johon oli kokoonnuttu <strong>Berliinin-muurin<\/strong> murtumisen p\u00e4hk\u00e4ilyn merkeiss\u00e4. Entinen opiskelijavallankumousmies sai kuulla: &#8221;<em>Se, ett\u00e4 olemme molemmat t\u00e4n\u00e4\u00e4n t\u00e4\u00e4ll\u00e4, -se on historian <strong>dialektiikkaa<\/strong>.<\/em>&#8221; (Keskustelu sujuikin sitten hyviss\u00e4 merkeiss\u00e4.) <em>Dialektiikka<\/em>, tuo Marxin Hegelilt\u00e4 lainaama metodinen ty\u00f6kalu, hahmottaa maailmaa vastakohtien ykseyten\u00e4 ja taisteluna.<\/p>\n<p>Asioihin perehtym\u00e4tt\u00f6m\u00e4lle ei ehk\u00e4 dialektiikka avaudu -kukin siis sivist\u00e4k\u00f6\u00f6n itse\u00e4\u00e4n kesken\u00e4\u00e4n- mutta jokin ristiriitojen ja vastakohtaparien ikuinen piruetti l\u00f6ytyy todellisuuden muutoksista ja k\u00e4\u00e4nteist\u00e4, -ja se on hyv\u00e4 tunnistaa jos politiikasta aikoo mit\u00e4\u00e4n ymm\u00e4rt\u00e4\u00e4. <em>Dialektisen metodin<\/em> tuntemus -edes kuulopuheena- s\u00e4\u00e4st\u00e4\u00e4 tarkkailijan yll\u00e4tyksilt\u00e4, jos esm. <em>\u00e4\u00e4rioikeisto<\/em> l\u00f6yt\u00e4\u00e4 <em>\u00e4\u00e4rivasemmiston<\/em> (marxilaisten fundamentalistien l. konservatiivien, -ei radikaalien) muinaiset (-se <em>70-luku<\/em>) missiot ja jopa sloganit. -Juuri n\u00e4in n\u00e4kyykin k\u00e4yneen.<\/p>\n<h3>\u00c4\u00e4rioikeisto vastustaa NATOa ja Ukrainan tukemista<\/h3>\n<p><strong>Li Andersson<\/strong> (Vas) totesi eduskunnan istunnossa keskiviikkona 21.02. 2024, <strong>Ukrainaa<\/strong> koskevassa <a href=\"https:\/\/www.eduskunta.fi\/FI\/vaski\/Poytakirja\/Documents\/PTK_9+2024.pdf\" target=\"_blank\" rel=\"noopener\">keskustelussa<\/a>:<\/p>\n<blockquote><p>&#8221;Edustaja K. jo viittasi <strong>Yhdysvaltojen<\/strong> sis\u00e4iseen tilanteeseen, mutta my\u00f6s Euroopassa n\u00e4emme kyll\u00e4 huolestuttavaa kehityst\u00e4, mit\u00e4 tulee <strong>Ukrainan<\/strong> tuen jatkumiseen. Monet<br \/>\n<strong>\u00e4\u00e4rioikealla<\/strong> olevat puolueet ovat nousseet, niin kuin Hollannin <strong>PVV<\/strong> tai Saksan <strong>AfD<\/strong>, jotka<br \/>\nmy\u00f6skin avoimesti vastustavat Ukrainan tukea, ja t\u00e4ll\u00e4 hetkell\u00e4 povataan my\u00f6s EU-vaaleissa voittoa t\u00e4m\u00e4nkaltaisille puolueille. Siksi pid\u00e4n \u00e4\u00e4rimm\u00e4isen t\u00e4rke\u00e4n\u00e4 niin Suomen<br \/>\noman EU-vaikuttamisen osana kuin kaikkien suomalaisten puolueiden EU-vaikuttamisen<br \/>\nosana, ett\u00e4 me kaikki yhdess\u00e4 my\u00f6s puhumme vahvasti t\u00e4m\u00e4n Ukrainan tuen jatkumisen<br \/>\nt\u00e4rkeyden puolesta.&#8221; (Eduskunnan p\u00f6yt\u00e4kirjan 21.02. 2024 <a href=\"https:\/\/www.eduskunta.fi\/FI\/vaski\/Poytakirja\/Documents\/PTK_9+2024.pdf\" target=\"_blank\" rel=\"noopener\">pdf<\/a>:n lehti 13, puheenvuoro klo. 14:55.)<\/p><\/blockquote>\n<p>\u00c4\u00e4rioikeiston tai \u00e4\u00e4rikonservatiivien outo <strong>Ven\u00e4j\u00e4\u00e4n<\/strong> tukeutuminen onkin ollut kaikkien tiedossa, mutta siit\u00e4 on v\u00e4hemm\u00e4n puhuttu politiikan kent\u00e4ll\u00e4. Aiheen karttamiseen voidaan sanoa olleen &#8221;<em>yleiset syyt<\/em>&#8221;, mutta emme jumittaudu t\u00e4m\u00e4n suomalaisen politiikan vanhan fraasin taakse, emmek\u00e4 s\u00e4\u00e4st\u00e4 neuroneitamme rasittumiselta ikivanhalla ja iki-pinnallisella &#8221;<em>ymp\u00e4ri k\u00e4yd\u00e4\u00e4n -yhteen tullaan<\/em>&#8221; n\u00e4enn\u00e4isselityksell\u00e4.<\/p>\n<p>\u00c4\u00e4rioikeisto -sen vastustaminen- oikeastaan kuuluukin mainita Li Anderssonin yhteydess\u00e4: H\u00e4n ehti jossakin v\u00e4liss\u00e4 profiloitua v\u00e4h\u00e4n sillai &#8217;<em>antifasismin<\/em>&#8217; suuntaan. Emme t\u00e4st\u00e4 Lissua moiti, -onhan ne rumia ja huonotapaisia. Toissa keskiviikon (21.02.) puheenvuorossaan eduskunnan <em>Isossa Salissa<\/em> Li heitti siis piikin &#8221;perivihollisensa&#8221; ja mieliharminsa suuntaan. Kuten edell\u00e4 siteerasimme, h\u00e4n moitti oikean \u00e4\u00e4rilaidan puolueita Ven\u00e4j\u00e4n kaksi vuotta sitten aloittaman hy\u00f6kk\u00e4yssodan my\u00f6t\u00e4ilemisest\u00e4, ja pinteess\u00e4 olevan Ukrainan avustamisen vastustamisesta.<\/p>\n<blockquote><p>Kuka nyt sai kotvatillikan <strong><em>dialektiikalta<\/em><\/strong>? \u00c4\u00e4rioikeisto? -70-luvun \u00e4\u00e4rivasemmisto? -vaiko joku-muu-mik\u00e4?<\/p><\/blockquote>\n<p>Viime vuosisadan taistolais-hegemonian n\u00e4hneet muistavat sen raivon, jolla silloiset <em>taistolais-stalinistit<\/em> reagoivat <strong>Ven\u00e4j\u00e4n<\/strong> silloisten hy\u00f6kk\u00e4yskohteiden symppaamiseen. Joku voi muistaa senkin, kun <strong>Breznev<\/strong>in komennettua joukkonsa <strong>Puolaa<\/strong> miehitt\u00e4m\u00e4\u00e4n (1981), ja suomalaisilla <em>kulttuuristalinisteilla<\/em> oli sopivasti heid\u00e4n obligatoorinen uskonlujitus-sessionsa, -mielenosoitusk\u00e4vely jonkin hyv\u00e4n asian puolesta tai pahaa (=&#8221;l\u00e4nsi&#8221;, USA:n imperialismi, tai <em>NATO<\/em>) vastaan. K\u00e4vell\u00e4 piti muistaakseni <strong>Postitalolta<\/strong> (Kiasmaa ei ollut viel\u00e4 keksitty) jonnekin <strong>Kaivopuiston<\/strong> suuntaan.<\/p>\n<p>Siell\u00e4 siis marssi <strong>Korkeavuorenkatua<\/strong> alasp\u00e4in koko suomalaisen <em>kulttuurieliitin<\/em> kapein k\u00e4rki -TV:st\u00e4 ja palkintopalleilta tutut nimet (-joilla aina hyv\u00e4t arvostelut HS:ss\u00e4)- per\u00e4ti er\u00e4\u00e4n tunnetun <strong>KGB<\/strong>-operatiivin (jonka Lissu my\u00f6hemmin fudasi pois Vasemmiston liepeilt\u00e4) johdolla j\u00e4lleen kerran, eik\u00e4 suinkaan elitistisen omahyv\u00e4isi\u00e4, -eih\u00e4n?<\/p>\n<p>Kas, huutokuoron repertuaaria dominoi &#8221;vanha kunnon&#8221; &#8221;<em>RAUHA, YST\u00c4VYYS, SOLIDAARISUUS!<\/em>&#8221; -Siit\u00e4h\u00e4n me dissidentit saimme tilaisuuden: Letkan h\u00e4nnille asettunut <strong>Puolan-yst\u00e4vien<\/strong> joukko yhtyi vain s\u00e4keen viimeiseen sanaan: <em>Solidaarisuus! <\/em>Tummanpuhuva ja jo virkaantunut stalinistien joukko veisasi uskollisesti -ja hammasta purren, amalgaanit kipin\u00f6iden- koko s\u00e4keist\u00f6n, joutuen vastentahtoisesti osallistumaan meid\u00e4nkin huutoomme. -Sit\u00e4 vahingonilon m\u00e4\u00e4r\u00e4\u00e4!<\/p>\n<blockquote><p>T\u00e4n\u00e4\u00e4n dialektiikka on taas k\u00e4\u00e4nnellyt asioita tavallaan. Ei p\u00e4\u00e4laelleen, vaan p\u00e4\u00e4laeltaan jaloilleen: Lissu korosti juuri Ukrainan tukemista Ven\u00e4j\u00e4\u00e4 vastaan, \u00e4\u00e4rioikeisto Suomessa ja Euroopassa on laittanut panoksensa <strong>Putinin<\/strong> v\u00e4rille ja numerolle. <em>So it goes!<\/em><\/p><\/blockquote>\n<h3>&#8221;<em>Teit hyv\u00e4\u00e4 ty\u00f6t\u00e4<\/em>&#8221;<\/h3>\n<p>&#8221;<em>Varma ei ole varma, ja mik\u00e4 on, ei pysy&#8230;<\/em>&#8221; -vai miten se menik\u00e4\u00e4n? Kaiken t\u00e4m\u00e4n keskell\u00e4 Li Andersson on n\u00e4ytt\u00e4nyt <em>kykyns\u00e4<\/em> ja periaatteellisuutensa, ja h\u00e4n oli juuri oikealla paikalla <a href=\"https:\/\/www.is.fi\/politiikka\/art-2000009425245.html\" target=\"_blank\" rel=\"noopener\">01.03. 2023<\/a>. Oikullisen dialektiikan viitan lieve saattoikin h\u00e4iv\u00e4ht\u00e4\u00e4 <em>Isossa Salissa<\/em>, jossa 184-7 -luvuilla tehtiin historiaa. -Taisivatpa nekin, joita emme sano\u00a0 &#8221;\u00e4\u00e4rip\u00e4iksi&#8221; n\u00e4ytt\u00e4yty\u00e4 omassa yhteydess\u00e4\u00e4n.<\/p>\n<p>Li Anderssonin t\u00e4n\u00e4\u00e4n kuultu p\u00e4\u00e4t\u00f6s vet\u00e4yty\u00e4 puoluejohtajuudesta, ja hakea euroedustajan paikkaa, j\u00e4tt\u00e4\u00e4 tietyn haikeuden: &#8217;<em>Politiikka on v\u00e4hemm\u00e4n kiinnostava kohde seurata, kun Lissu ei ole siell\u00e4 mukana<\/em>&#8217; (T\u00e4m\u00e4 ei ole kirjallinen lainaus.) <img loading=\"lazy\" decoding=\"async\" class=\"alignnone size-full wp-image-144\" src=\"https:\/\/www.uutispeili.fi\/wp-content\/uploads\/2023\/11\/di.gold_.gif\" alt=\"\" width=\"11\" height=\"11\" \/><\/p>\n<p>Pekka Kemppainen<\/p>\n","protected":false},"excerpt":{"rendered":"<p>Yli puoluerajojen kunnioitettu Vasemmiston puheenjohtaja Li Andersson ilmoitti t\u00e4n\u00e4\u00e4n luopuvansa puolueensa puheenjohtajuudesta ennenaikaisesti, mutta jatkavansa politiikkaa europarlamentissa, johon h\u00e4n asettuu ehdokkaaksi. En silti l\u00e4hde rinnastamaan h\u00e4nen tekem\u00e4\u00e4ns\u00e4 valintaa muihin -melko \u00e4skeisiin- &#8217;huipulta hyllylle&#8217; -ceisseihin, enk\u00e4 etsi paralleelisuutta Vasemmiston tilanteisiin vuosituhannen ensimm\u00e4isell\u00e4 vuosikymmeni\u00e4, -jolloin silloinkin tapahtui. K\u00e4yt\u00e4n tilaisuuden vasemmistolaisuuden akuuttien n\u00e4kymien, ja sis\u00e4isten tendenssien tarkasteluun. T\u00e4m\u00e4n [&hellip;]<\/p>\n","protected":false},"author":3,"featured_media":1418,"comment_status":"open","ping_status":"open","sticky":false,"template":"","format":"standard","meta":{"footnotes":""},"categories":[31,21,6],"tags":[],"_links":{"self":[{"href":"https:\/\/www.uutispeili.fi\/index.php\/wp-json\/wp\/v2\/posts\/1417"}],"collection":[{"href":"https:\/\/www.uutispeili.fi\/index.php\/wp-json\/wp\/v2\/posts"}],"about":[{"href":"https:\/\/www.uutispeili.fi\/index.php\/wp-json\/wp\/v2\/types\/post"}],"author":[{"embeddable":true,"href":"https:\/\/www.uutispeili.fi\/index.php\/wp-json\/wp\/v2\/users\/3"}],"replies":[{"embeddable":true,"href":"https:\/\/www.uutispeili.fi\/index.php\/wp-json\/wp\/v2\/comments?post=1417"}],"version-history":[{"count":2,"href":"https:\/\/www.uutispeili.fi\/index.php\/wp-json\/wp\/v2\/posts\/1417\/revisions"}],"predecessor-version":[{"id":1421,"href":"https:\/\/www.uutispeili.fi\/index.php\/wp-json\/wp\/v2\/posts\/1417\/revisions\/1421"}],"wp:featuredmedia":[{"embeddable":true,"href":"https:\/\/www.uutispeili.fi\/index.php\/wp-json\/wp\/v2\/media\/1418"}],"wp:attachment":[{"href":"https:\/\/www.uutispeili.fi\/index.php\/wp-json\/wp\/v2\/media?parent=1417"}],"wp:term":[{"taxonomy":"category","embeddable":true,"href":"https:\/\/www.uutispeili.fi\/index.php\/wp-json\/wp\/v2\/categories?post=1417"},{"taxonomy":"post_tag","embeddable":true,"href":"https:\/\/www.uutispeili.fi\/index.php\/wp-json\/wp\/v2\/tags?post=1417"}],"curies":[{"name":"wp","href":"https:\/\/api.w.org\/{rel}","templated":true}]}}