{"id":13908,"date":"2026-07-21T22:48:39","date_gmt":"2026-07-21T19:48:39","guid":{"rendered":"https:\/\/www.uutispeili.fi\/?p=13908"},"modified":"2026-07-21T22:48:40","modified_gmt":"2026-07-21T19:48:40","slug":"selva-luottamus-orpolle-ja-hallitukselle","status":"publish","type":"post","link":"https:\/\/www.uutispeili.fi\/index.php\/2026\/07\/21\/selva-luottamus-orpolle-ja-hallitukselle\/","title":{"rendered":"Selv\u00e4 luottamus Orpolle ja hallitukselle"},"content":{"rendered":"<p><strong>Eduskunnassak\u00e4ytiin tiistaina yhdeks\u00e4n tunnin luottamuslausekeskustelu Garden -areenan ymp\u00e4rill\u00e4, ja illalla kello 21 p\u00e4\u00e4stiin \u00e4\u00e4nest\u00e4m\u00e4\u00e4n.<\/strong><\/p>\n<p><strong>Demarit<\/strong> olivat esitt\u00e4neet ep\u00e4luottamusta koko hallitukselle, ja <strong>Vihre\u00e4t<\/strong> halusivat t\u00e4m\u00e4n p\u00e4\u00e4lle tuomiolle erityisesti <strong>Petteri Orpo<\/strong>n .<\/p>\n<blockquote><p>Hallitus sai luottamuksen \u00e4\u00e4nin 101 -90, ja saman luvut tulivat tauluun my\u00f6s Orpon hyv\u00e4ksi.<\/p><\/blockquote>\n<p>Eli omituinen kes\u00e4farssi, -jossa toki oli asiankin aineksia- p\u00e4\u00e4ttyi toistaiseksi.<\/p>\n<p>Varmasti h\u00e4ly Garden-halli haaveen ymp\u00e4rilt\u00e4 lopahtaa, koska valtiolta ei tukea tule, mutta seuraavaksi oppositio yritt\u00e4\u00e4 ajaa Orpin yli <strong>Uudenkaupungin autotehtaalla<\/strong>.<\/p>\n<p>Mutta tuohon &#8221;<em>takaa-ajoon<\/em>&#8221; ei p\u00e4\u00e4st\u00e4 ennen syksy\u00e4.<\/p>\n<p>Eduskunta kokoontuu seuraavan kerran 1.9.26 klo.14<\/p>\n<p>Seppo Huhta<\/p>\n","protected":false},"excerpt":{"rendered":"<p>Eduskunnassak\u00e4ytiin tiistaina yhdeks\u00e4n tunnin luottamuslausekeskustelu Garden -areenan ymp\u00e4rill\u00e4, ja illalla kello 21 p\u00e4\u00e4stiin \u00e4\u00e4nest\u00e4m\u00e4\u00e4n. Demarit olivat esitt\u00e4neet ep\u00e4luottamusta koko hallitukselle, ja Vihre\u00e4t halusivat t\u00e4m\u00e4n p\u00e4\u00e4lle tuomiolle erityisesti Petteri Orpon . Hallitus sai luottamuksen \u00e4\u00e4nin 101 -90, ja saman luvut tulivat tauluun my\u00f6s Orpon hyv\u00e4ksi. Eli omituinen kes\u00e4farssi, -jossa toki oli asiankin aineksia- p\u00e4\u00e4ttyi toistaiseksi. Varmasti [&hellip;]<\/p>\n","protected":false},"author":5,"featured_media":13909,"comment_status":"open","ping_status":"open","sticky":false,"template":"","format":"standard","meta":{"footnotes":""},"categories":[49,25],"tags":[],"_links":{"self":[{"href":"https:\/\/www.uutispeili.fi\/index.php\/wp-json\/wp\/v2\/posts\/13908"}],"collection":[{"href":"https:\/\/www.uutispeili.fi\/index.php\/wp-json\/wp\/v2\/posts"}],"about":[{"href":"https:\/\/www.uutispeili.fi\/index.php\/wp-json\/wp\/v2\/types\/post"}],"author":[{"embeddable":true,"href":"https:\/\/www.uutispeili.fi\/index.php\/wp-json\/wp\/v2\/users\/5"}],"replies":[{"embeddable":true,"href":"https:\/\/www.uutispeili.fi\/index.php\/wp-json\/wp\/v2\/comments?post=13908"}],"version-history":[{"count":1,"href":"https:\/\/www.uutispeili.fi\/index.php\/wp-json\/wp\/v2\/posts\/13908\/revisions"}],"predecessor-version":[{"id":13910,"href":"https:\/\/www.uutispeili.fi\/index.php\/wp-json\/wp\/v2\/posts\/13908\/revisions\/13910"}],"wp:featuredmedia":[{"embeddable":true,"href":"https:\/\/www.uutispeili.fi\/index.php\/wp-json\/wp\/v2\/media\/13909"}],"wp:attachment":[{"href":"https:\/\/www.uutispeili.fi\/index.php\/wp-json\/wp\/v2\/media?parent=13908"}],"wp:term":[{"taxonomy":"category","embeddable":true,"href":"https:\/\/www.uutispeili.fi\/index.php\/wp-json\/wp\/v2\/categories?post=13908"},{"taxonomy":"post_tag","embeddable":true,"href":"https:\/\/www.uutispeili.fi\/index.php\/wp-json\/wp\/v2\/tags?post=13908"}],"curies":[{"name":"wp","href":"https:\/\/api.w.org\/{rel}","templated":true}]}}