{"id":1389,"date":"2024-03-02T20:37:49","date_gmt":"2024-03-02T20:37:49","guid":{"rendered":"https:\/\/www.uutispeili.fi\/?p=1389"},"modified":"2024-03-02T20:37:50","modified_gmt":"2024-03-02T20:37:50","slug":"gaza-aselepo-neuvottelut-jatkuvat-sunnuntaina-kairossa-tai-sitten-eivat","status":"publish","type":"post","link":"https:\/\/www.uutispeili.fi\/index.php\/2024\/03\/02\/gaza-aselepo-neuvottelut-jatkuvat-sunnuntaina-kairossa-tai-sitten-eivat\/","title":{"rendered":"Gaza: Aselepo-neuvottelut jatkuvat sunnuntaina Kairossa, -tai sitten eiv\u00e4t"},"content":{"rendered":"<p><strong>Egyptil\u00e4isl\u00e4hteen mukaan Israelin ja Hamasin neuvottelijat tapaavat Kairossa sunnuntaina. Israelilais-media kertoi t\u00e4n\u00e4\u00e4n, ettei Israelin valtuuskunta saavu paikalle, ellei Gazassa yh\u00e4 elossa olevien israelilaisten panttivankien t\u00e4ydellist\u00e4 nimilistaa luovuteta sit\u00e4 ennen.<\/strong><\/p>\n<p>Viime vuoden lokakuussa <strong>Hamas<\/strong>in hy\u00f6kk\u00e4yksest\u00e4 <strong>Israel<\/strong>iin alkaneen <strong>Gaza<\/strong>n sodan pikaista p\u00e4\u00e4ttymist\u00e4, tai edes aselepoa ja vankien vaihtoa, on yritetty saada aikaan monen toimijan ponnistuksin, -toistaiseksi heikoin tuloksin. Viimeksi <strong>Yhdysvaltain<\/strong> presidentti <strong>Joe Biden<\/strong> esitti perjantaina (01.03.) tavoitteen, ett\u00e4\u00a0 tulitaukosopimus sovitaan ennen muslimien 10.03. alkavaa paastokuukautta <em>ramadania<\/em>. Samaan aikaan <strong>YK<\/strong> varoittaa humanitaarisen katastrofin mahdollisuuden Gazassa tulevan p\u00e4iv\u00e4 p\u00e4iv\u00e4lt\u00e4 todenn\u00e4k\u00f6isemm\u00e4ksi: &#8221;<em>Nelj\u00e4nnes (Gazan) v\u00e4est\u00f6st\u00e4 on askeleen p\u00e4\u00e4ss\u00e4 n\u00e4l\u00e4nh\u00e4d\u00e4st\u00e4.<\/em>&#8221;<\/p>\n<p>Saudi-lehden egyptil\u00e4isten l\u00e4hteiden mukaan Israelin ja Hamasin valtuuskuntien odotetaan saapuvan <strong>Kairoon<\/strong> sunnuntaina. Tortain v\u00e4likohtaus, jossa avustuskuljetuksen rekkojen ymp\u00e4rille tungeksivia gazalaisia sai surmansa n.100, ei hidasta neuvotteluja, kertoivat lehden tietol\u00e4hteet.<\/p>\n<p>Egyptil\u00e4iset l\u00e4hteet kertoivat lehdelle, ett\u00e4 osapuolet olivat sopineet Gazan aselevon kestosta sek\u00e4 panttivankien ja vankien vapauttamisesta. Sopimuksen loppuun saattaminen edellytt\u00e4\u00e4 edelleen sopimusta Israelin joukkojen vet\u00e4misest\u00e4 Pohjois-Gazasta, ja alueen asukkaiden paluuta.<\/p>\n<h3>Panttivankien t\u00e4ydellinen luettelo Israelin kynnyskysymys<\/h3>\n<p>Nime\u00e4m\u00e4t\u00f6n korkea israelilais-virkailijaa kertoi israelilaiselle <em>Ynet News<\/em>:lle, ettei Israel edellytt\u00e4\u00e4 saavansa vastapuolelta t\u00e4ydellisen luettelon Gazassa vangituista -elossa olevista- israelilaista panttivangeista Kairon neuvotteluihin osallistumisen ennakkoehtona: &#8221;<em>Ennen kuin selkeit\u00e4 vastauksia on annettu, valtuuskunta ei l\u00e4hde Kairoon.<\/em>&#8221;<\/p>\n<p>Palestiinalaishallituksen ulkoministeri <strong>Riyad al-Maliki<\/strong> toisti Bidenin toivomuksen, ett\u00e4 tulitauko sovittaisiin ajoissa ennen Ramadanin alkua. Malik on par&#8217;aikaa <strong>Turkissa<\/strong>, jossa h\u00e4n kommentoi neuvotteluprosessia. <img loading=\"lazy\" decoding=\"async\" class=\"alignnone size-full wp-image-144\" src=\"https:\/\/www.uutispeili.fi\/wp-content\/uploads\/2023\/11\/di.gold_.gif\" alt=\"\" width=\"11\" height=\"11\" \/><\/p>\n<p>Luettavaa:<\/p>\n<ul>\n<li><a href=\"https:\/\/english.alarabiya.net\/News\/middle-east\/2024\/03\/02\/Gaza-ceasefire-talks-to-resume-in-Cairo-on-Sunday-Egyptian-security-sources-say\" target=\"_blank\" rel=\"noopener\">Al-Arabyia<\/a> 02.03. 2024.<\/li>\n<\/ul>\n<blockquote class=\"wp-embedded-content\" data-secret=\"3GSbWumXh2\"><p><a href=\"https:\/\/www.uutispeili.fi\/index.php\/2024\/02\/25\/varovaista-optimismia-gazan-ja-israelin-aselevosta\/\">Varovaista optimismia Gazan ja Israelin aselevosta<\/a><\/p><\/blockquote>\n<p><iframe class=\"wp-embedded-content\" sandbox=\"allow-scripts\" security=\"restricted\" style=\"position: absolute; clip: rect(1px, 1px, 1px, 1px);\" title=\"&#8221;Varovaista optimismia Gazan ja Israelin aselevosta&#8221; &#8212; \" src=\"https:\/\/www.uutispeili.fi\/index.php\/2024\/02\/25\/varovaista-optimismia-gazan-ja-israelin-aselevosta\/embed\/#?secret=C2f4aMhiE9#?secret=3GSbWumXh2\" data-secret=\"3GSbWumXh2\" width=\"600\" height=\"338\" frameborder=\"0\" marginwidth=\"0\" marginheight=\"0\" scrolling=\"no\"><\/iframe><\/p>\n<blockquote class=\"wp-embedded-content\" data-secret=\"ZqeJWusSz9\"><p><a href=\"https:\/\/www.uutispeili.fi\/index.php\/2024\/02\/09\/neljan-arabimaan-ulkoministerit-riadissa-torstaina-aselepo-gazaan-ja-kahden-valtion-malli\/\">Nelj\u00e4n arabimaan ulkoministerit Riadissa torstaina: Aselepo Gazaan, ja &#8217;kahden valtion malli&#8217;<\/a><\/p><\/blockquote>\n<p><iframe class=\"wp-embedded-content\" sandbox=\"allow-scripts\" security=\"restricted\" style=\"position: absolute; clip: rect(1px, 1px, 1px, 1px);\" title=\"&#8221;Nelj\u00e4n arabimaan ulkoministerit Riadissa torstaina: Aselepo Gazaan, ja &#8217;kahden valtion malli&#8217;&#8221; &#8212; \" src=\"https:\/\/www.uutispeili.fi\/index.php\/2024\/02\/09\/neljan-arabimaan-ulkoministerit-riadissa-torstaina-aselepo-gazaan-ja-kahden-valtion-malli\/embed\/#?secret=FxlroiLktg#?secret=ZqeJWusSz9\" data-secret=\"ZqeJWusSz9\" width=\"600\" height=\"338\" frameborder=\"0\" marginwidth=\"0\" marginheight=\"0\" scrolling=\"no\"><\/iframe><\/p>\n<blockquote class=\"wp-embedded-content\" data-secret=\"kQUAsjJmtK\"><p><a href=\"https:\/\/www.uutispeili.fi\/index.php\/2024\/02\/03\/gaza-toiveet-aselevosta-heikkenevat\/\">Gaza: Toiveet aselevosta heikkenev\u00e4t<\/a><\/p><\/blockquote>\n<p><iframe class=\"wp-embedded-content\" sandbox=\"allow-scripts\" security=\"restricted\" style=\"position: absolute; clip: rect(1px, 1px, 1px, 1px);\" title=\"&#8221;Gaza: Toiveet aselevosta heikkenev\u00e4t&#8221; &#8212; \" src=\"https:\/\/www.uutispeili.fi\/index.php\/2024\/02\/03\/gaza-toiveet-aselevosta-heikkenevat\/embed\/#?secret=Md8jQuZseX#?secret=kQUAsjJmtK\" data-secret=\"kQUAsjJmtK\" width=\"600\" height=\"338\" frameborder=\"0\" marginwidth=\"0\" marginheight=\"0\" scrolling=\"no\"><\/iframe><\/p>\n<blockquote class=\"wp-embedded-content\" data-secret=\"xq6pvDwXGK\"><p><a href=\"https:\/\/www.uutispeili.fi\/index.php\/2024\/01\/31\/gazan-sota-aselepo-lahella\/\">Gazan sota: Aselepo l\u00e4hell\u00e4<\/a><\/p><\/blockquote>\n<p><iframe class=\"wp-embedded-content\" sandbox=\"allow-scripts\" security=\"restricted\" style=\"position: absolute; clip: rect(1px, 1px, 1px, 1px);\" title=\"&#8221;Gazan sota: Aselepo l\u00e4hell\u00e4&#8221; &#8212; \" src=\"https:\/\/www.uutispeili.fi\/index.php\/2024\/01\/31\/gazan-sota-aselepo-lahella\/embed\/#?secret=j0WLNauDSK#?secret=xq6pvDwXGK\" data-secret=\"xq6pvDwXGK\" width=\"600\" height=\"338\" frameborder=\"0\" marginwidth=\"0\" marginheight=\"0\" scrolling=\"no\"><\/iframe><br \/>\n.<\/p>\n","protected":false},"excerpt":{"rendered":"<p>Egyptil\u00e4isl\u00e4hteen mukaan Israelin ja Hamasin neuvottelijat tapaavat Kairossa sunnuntaina. Israelilais-media kertoi t\u00e4n\u00e4\u00e4n, ettei Israelin valtuuskunta saavu paikalle, ellei Gazassa yh\u00e4 elossa olevien israelilaisten panttivankien t\u00e4ydellist\u00e4 nimilistaa luovuteta sit\u00e4 ennen. Viime vuoden lokakuussa Hamasin hy\u00f6kk\u00e4yksest\u00e4 Israeliin alkaneen Gazan sodan pikaista p\u00e4\u00e4ttymist\u00e4, tai edes aselepoa ja vankien vaihtoa, on yritetty saada aikaan monen toimijan ponnistuksin, -toistaiseksi heikoin [&hellip;]<\/p>\n","protected":false},"author":3,"featured_media":1366,"comment_status":"open","ping_status":"open","sticky":false,"template":"","format":"standard","meta":{"footnotes":""},"categories":[7],"tags":[],"_links":{"self":[{"href":"https:\/\/www.uutispeili.fi\/index.php\/wp-json\/wp\/v2\/posts\/1389"}],"collection":[{"href":"https:\/\/www.uutispeili.fi\/index.php\/wp-json\/wp\/v2\/posts"}],"about":[{"href":"https:\/\/www.uutispeili.fi\/index.php\/wp-json\/wp\/v2\/types\/post"}],"author":[{"embeddable":true,"href":"https:\/\/www.uutispeili.fi\/index.php\/wp-json\/wp\/v2\/users\/3"}],"replies":[{"embeddable":true,"href":"https:\/\/www.uutispeili.fi\/index.php\/wp-json\/wp\/v2\/comments?post=1389"}],"version-history":[{"count":2,"href":"https:\/\/www.uutispeili.fi\/index.php\/wp-json\/wp\/v2\/posts\/1389\/revisions"}],"predecessor-version":[{"id":1391,"href":"https:\/\/www.uutispeili.fi\/index.php\/wp-json\/wp\/v2\/posts\/1389\/revisions\/1391"}],"wp:featuredmedia":[{"embeddable":true,"href":"https:\/\/www.uutispeili.fi\/index.php\/wp-json\/wp\/v2\/media\/1366"}],"wp:attachment":[{"href":"https:\/\/www.uutispeili.fi\/index.php\/wp-json\/wp\/v2\/media?parent=1389"}],"wp:term":[{"taxonomy":"category","embeddable":true,"href":"https:\/\/www.uutispeili.fi\/index.php\/wp-json\/wp\/v2\/categories?post=1389"},{"taxonomy":"post_tag","embeddable":true,"href":"https:\/\/www.uutispeili.fi\/index.php\/wp-json\/wp\/v2\/tags?post=1389"}],"curies":[{"name":"wp","href":"https:\/\/api.w.org\/{rel}","templated":true}]}}