{"id":1383,"date":"2024-02-29T14:02:34","date_gmt":"2024-02-29T14:02:34","guid":{"rendered":"https:\/\/www.uutispeili.fi\/?p=1383"},"modified":"2024-02-29T14:02:34","modified_gmt":"2024-02-29T14:02:34","slug":"geneven-sopimus-on-aikansa-elanyt","status":"publish","type":"post","link":"https:\/\/www.uutispeili.fi\/index.php\/2024\/02\/29\/geneven-sopimus-on-aikansa-elanyt\/","title":{"rendered":"Geneven sopimus on aikansa el\u00e4nyt"},"content":{"rendered":"<p><strong>Vihervasemmisto ja kaikki muslimimaat ja -j\u00e4rjest\u00f6t tulkitsevat Geneven pakolaissopimusta niin, ett\u00e4 on &#8221;<em>ihmisoikeus<\/em>&#8221; tulla Eurooppaan lopuksi ik\u00e4\u00e4, vaikka el\u00e4m\u00e4\u00e4n sosiaalituen varassa. Kyseist\u00e4 sopimusta pit\u00e4\u00e4 muuttaa perusteellisesti. Se tehtiin yli 70 vuotta sitten sen aikaisiin II-maailmansodan oloihin, ja nimenomaan juutalaisia silm\u00e4ll\u00e4 pit\u00e4en. Nyttemmin siit\u00e4 on v\u00e4\u00e4nnetty muslimien &#8221;kultapolku&#8221; Eurooppaan ja vihervasemmiston uus\u00e4\u00e4nest\u00e4jien hankintakanava.<\/strong><\/p>\n<p>(Kuvaan on k\u00e4ytetty arkistokuvaa vuodelta 1945 ja 2015, eri l\u00e4hteist\u00e4.)<\/p>\n<h3>L\u00e4hi-Id\u00e4n ja Pohjois-Afrikan <em>joutov\u00e4en<\/em> muuttoa ikuiseen t\u00e4ysihoitoon, ja <em>vihervasemmiston<\/em> \u00e4\u00e4nest\u00e4j\u00e4reservin loputonta kasvattamista<\/h3>\n<p>T\u00e4st\u00e4h\u00e4n on kysymys muuttoliikkeess\u00e4: \u00c4\u00e4rimm\u00e4isen suuri joukko tulijoista -noin 80 %:a-\u00a0 on 20-40 vuotiaita perheett\u00f6mi\u00e4 miehi\u00e4, jotka ovat p\u00e4\u00e4s\u00e4\u00e4nt\u00f6isesti luku-,kirjoitus-,kieli-,ammatti- ja valitettavan usein tapataidottomia. Joukossa on my\u00f6s sotilaskarkureita, raakoja rikoksia tehneit\u00e4 ja varkaita. He jatkavat el\u00e4m\u00e4ntapaansa t\u00e4\u00e4ll\u00e4 Suomessa.<\/p>\n<p>Osa on my\u00f6s siis <strong>Ven\u00e4j\u00e4lt\u00e4<\/strong> syksyn aikana tulleita, joilla ei ole mit\u00e4\u00e4n mill\u00e4\u00e4n tavoin edes keksitt\u00e4v\u00e4\u00e4 turvapaikan tarvetta, koska ovat asuneet Ven\u00e4j\u00e4ll\u00e4 jopa kymmenen vuotta ennen kuin ly\u00f6tiin polkupy\u00f6r\u00e4 kouraan. No, heist\u00e4 yksik\u00e4\u00e4n ei -ainakaan toistaiseksi- ole saanut turvapaikkaa, eik\u00e4 todenn\u00e4k\u00f6isesti tule saamaankaan, koska sille ei ole mit\u00e4\u00e4n perustetta. Kuten ei ole 95 prosentilla noista t\u00e4nne &#8221;<em>asylymilla<\/em>&#8221; luistelleista.<\/p>\n<h3>\u00c4\u00e4nest\u00e4ji\u00e4 vihervasemmistolle, tai sitten ei<\/h3>\n<p>Vihervasemmisto kuvittelee, ett\u00e4 lupaamalla tulijoille kaiken mahdollisen hyv\u00e4n, -vaikka he nyt eiv\u00e4t ole vallassa, he saavat lis\u00e4\u00e4 \u00e4\u00e4nest\u00e4ji\u00e4 kymmenin- tai jopa sadoin tuhansin. Mutta esimerkiksi, kun <strong>Saksassa<\/strong> jouduttiin osin uusimaan liittop\u00e4iv\u00e4vaalit, niin kuinkas k\u00e4vik\u00e4\u00e4n: <strong>CDU<\/strong> sai tehdyn tutkimuksen mukaan eniten maahanmuuttajien \u00e4\u00e4nist\u00e4, eli noin 30 prosenttia, <strong>SPD<\/strong> 22 prosenttia ja Vihre\u00e4t (<strong>Die Gr\u00fcnen<\/strong>) 18 prosenttia. Vihre\u00e4t olivat odottaneet saavansa ainakin 50 prosenttia.<\/p>\n<p>Mik\u00e4 meni pieleen? Se meni pieleen, ett\u00e4 tulijat siis ovat nuorehkoja miehi\u00e4 jotka ovat kasvaneet esim. <em>homovihaan<\/em>, naisten pit\u00e4miseen toisen luokan kansalaisina, auktoriteettien kunnioittamiseen ja <em>uskonnon<\/em> ensisijaisuuteen kaikessa siin\u00e4 mit\u00e4 el\u00e4m\u00e4ksi kutsutaan. Ainoa mik\u00e4 yhdist\u00e4\u00e4 on rahanjako, ja ett\u00e4 vastaanottava maa jakaa tulijoille rahaa.<\/p>\n<h3>Suomen on oltava rohkea<\/h3>\n<p>Mik\u00e4 tarkoittaa sit\u00e4, ett\u00e4 meid\u00e4n on nostettava kansainv\u00e4lisill\u00e4 foorumeilla, kuten <strong>YK<\/strong>:ssa, <strong>EU<\/strong>:ssa ja esimerkiksi Geneven <strong>ihmisoikeusneuvostossa<\/strong> keskusteluun Geneven auttamatta vanhentuneen sopimuksen muuttaminen. On kuitenkin odotettava, ett\u00e4 k\u00e4yd\u00e4\u00e4n ensin muutaman kuukauden p\u00e4\u00e4st\u00e4 koittavat <strong>Europarlamentin<\/strong> vaalit, jotta Euroopan poliittinen todellisuus ajantasaistuu, eli vihervasemmiston valta kapenee. On my\u00f6s -n\u00e4ill\u00e4 gallup-luvuilla- oletettavaa, ett\u00e4 <strong>Yhdysvaltain<\/strong> presidentti vaihtuu ja maahanmuuton kirist\u00e4minen saa my\u00f6s USA:ta kannatusta.<\/p>\n<h3>&#8221;<em>Afrikan on viimeinkin aika ottaa vastuu itsest\u00e4\u00e4n<\/em>&#8221;<\/h3>\n<p>T\u00e4h\u00e4n asiaan tietenkin kytkeytyy ainakin pari muuta merkitt\u00e4v\u00e4\u00e4 seikkaa: <strong>L\u00e4hi-id\u00e4n<\/strong> ja <strong>Afrikan<\/strong> maiden on kertakaikkiaan otettava itsest\u00e4\u00e4n nykyist\u00e4 olennaisesti suurempi vastuu, kuten <strong>Guinean<\/strong> presidentti <strong>Mamamdy Doumbouya<\/strong> totesi <strong>Ranskan<\/strong> presidentille <strong>Emmanuel Macronille<\/strong> viime mainitun valtiovierailulla ranskankieliseen Guineaan. Kun Macron tarjoili lis\u00e4\u00e4 kehitysapua, Doumbouya vastasi tiedotustilaisuudessa Macronille, ett\u00e4 Afrikan on viimeinkin aika ottaa vastuu itsest\u00e4\u00e4n ja Afrikan valtioiden -my\u00f6s Guinean- on lopetettava l\u00e4nsimaisen kehitysavun varaan nojaaminen. Afrikalla on kyll\u00e4 valtavat resurssit. Menestys on kiinni vain tahdosta, totesi Guinean presidentti.<\/p>\n<p>Ja totta kyll\u00e4 Afrikalla on my\u00f6s materiaalisia resursseja suuressa m\u00e4\u00e4rin: esimerkiksi maailman viljelypinta-alasta 52 %:a on Afrikassa, maailman timanttivarannoista 50 %:a on Afrikassa, maailman kultavarannoista jota kuinkin saman verran. Ja my\u00f6s <strong>Saharan<\/strong> autiomaa voitaisiin reunoiltaan aurinkopaneloida ymp\u00e4rysvaltojen yhteisty\u00f6n\u00e4, ja ehk\u00e4p\u00e4 moni muukin maailman maa voisi olla rahoittamassa, ja sitten ostamassa sielt\u00e4 s\u00e4hk\u00f6\u00e4. Kokonaan tai edes suurimmalta osin se on nykytiedon valossa mahdotonta, koska se asiantuntijoiden mukaan Saharan kattava panelointi sekoittaisi maailman ilmaston).<\/p>\n<h3>Hinduille riitt\u00e4\u00e4 Saudeissa hommia, mutta somalia ei &#8221;<em>asylum<\/em>&#8221; auta<\/h3>\n<p>Oma lukunsa sin\u00e4ns\u00e4 ovat rikkaat \u00f6ljymaat, jotka eiv\u00e4t suurin surmin halua ottaa muslimivelji\u00e4\u00e4n turvapaikanhakijoina vastaan. Perustelut esimerkiksi kaikkein rikkaimmalla, eli <strong>Saudi-Arabialla<\/strong>, ovat hyvin yksinkertaiset ja lyhyet: &#8221;<em>Heist\u00e4 ei ole mit\u00e4\u00e4n hy\u00f6ty\u00e4 ja he aiheuttavat vain ongelmia<\/em>.&#8221;<\/p>\n<p>Niinp\u00e4 YK:n ihmisoikeusneuvoston j\u00e4senmaa, jolla olisi kapasiteettia majoittaa ainakin kolme miljoonaa tulijaa, antaa t\u00f6it\u00e4 mieluummin vaikka intialaisille kuin muslimeille muista maista. <em>Punavihre\u00e4t<\/em> jotka kovin k\u00e4rkk\u00e4\u00e4sti tuomitsevat milloin mink\u00e4kin maan\/maiden politiikan ovat kuitenkin hiljaa t\u00e4st\u00e4. Miksi? -En tied\u00e4, mutta arvelen sen johtuvan siit\u00e4, ett\u00e4 nuo puolueet eiv\u00e4t periaatteessa arvostele muslimeita, eiv\u00e4tk\u00e4 muslimimaita, oli kysymys mist\u00e4 tai keist\u00e4 tahansa.<\/p>\n<h3>Maailma on her\u00e4\u00e4m\u00e4ss\u00e4<\/h3>\n<p>Poliittiset tuulet -suorastaan valtavirrat- ovat k\u00e4\u00e4ntym\u00e4ss\u00e4 siihen suuntaan, ett\u00e4 jokaisen maan, ryhm\u00e4n, yksil\u00f6nkin on otettava itsest\u00e4\u00e4n vastuuta. Mutta toisaalta t\u00e4ytyy ihmisyyden nimiss\u00e4 olla niin, ett\u00e4 jos joku\/jotkut eiv\u00e4t kerta kaikkiaan juuri nyt p\u00e4rj\u00e4\u00e4, niin sit\u00e4\/heit\u00e4 autetaan, ja auttamiseen liittyy yhdess\u00e4 autettavien kanssa rakennettava polku niin, ettei kukaan j\u00e4\u00e4 ikiajoiksi riippuvaiseksi auttajastaan\/auttajistaan.<\/p>\n<p>Muuten Suomesta l\u00f6ytyy byrokraattiseltakin kuullostava j\u00e4rjestelm\u00e4, jota voi soveltuvin osin hy\u00f6dynt\u00e4\u00e4 kansainv\u00e4lisiss\u00e4kin yhteyksiss\u00e4. Eli, kun meill\u00e4 <strong>kunta<\/strong> joutuu taloudellisiin vaikeuksiin, niin siit\u00e4 tulee &#8221;<em>kriisikunta<\/em>&#8221;. Sen j\u00e4lkeen <strong>valtiovarainministeri\u00f6<\/strong> ottaa kunnan &#8221;huostaansa&#8221;. Kunnalta ei siis voi riist\u00e4\u00e4 itsen\u00e4isyytt\u00e4, sen takaa perustuslaki. Eli, jos kunta liittyy toiseen, niin se p\u00e4\u00e4t\u00f6s on kunnan teht\u00e4v\u00e4 itse. Ministeri\u00f6 yhdess\u00e4 kunnan kanssa etsii ulosp\u00e4\u00e4syn ja &#8211;<em>a vot-<\/em> ne jotka ovat &#8221;myllyn&#8221; l\u00e4pik\u00e4yneet, eiv\u00e4t ole siihen toista kertaa -ainakaan viel\u00e4- joutuneet.<\/p>\n<p>Toinen suomalainen yksil\u00f6n kannalta koko maailmalle sopiva malli on <em>toimeentulotuki<\/em>, joka pelastaa yksil\u00f6n jos\/kun h\u00e4n on uppoamassa.<\/p>\n<p>Vastuunottaminen my\u00f6s itsest\u00e4\u00e4n on onnellisemman tulevaisuuden- ihan maailmanlaajuisesti tae- niin valtioille, kunnille kuin yksil\u00f6illekin.<\/p>\n<p>Seppo Huhta<\/p>\n","protected":false},"excerpt":{"rendered":"<p>Vihervasemmisto ja kaikki muslimimaat ja -j\u00e4rjest\u00f6t tulkitsevat Geneven pakolaissopimusta niin, ett\u00e4 on &#8221;ihmisoikeus&#8221; tulla Eurooppaan lopuksi ik\u00e4\u00e4, vaikka el\u00e4m\u00e4\u00e4n sosiaalituen varassa. Kyseist\u00e4 sopimusta pit\u00e4\u00e4 muuttaa perusteellisesti. Se tehtiin yli 70 vuotta sitten sen aikaisiin II-maailmansodan oloihin, ja nimenomaan juutalaisia silm\u00e4ll\u00e4 pit\u00e4en. Nyttemmin siit\u00e4 on v\u00e4\u00e4nnetty muslimien &#8221;kultapolku&#8221; Eurooppaan ja vihervasemmiston uus\u00e4\u00e4nest\u00e4jien hankintakanava. (Kuvaan on k\u00e4ytetty [&hellip;]<\/p>\n","protected":false},"author":5,"featured_media":1384,"comment_status":"open","ping_status":"open","sticky":false,"template":"","format":"standard","meta":{"footnotes":""},"categories":[21],"tags":[],"_links":{"self":[{"href":"https:\/\/www.uutispeili.fi\/index.php\/wp-json\/wp\/v2\/posts\/1383"}],"collection":[{"href":"https:\/\/www.uutispeili.fi\/index.php\/wp-json\/wp\/v2\/posts"}],"about":[{"href":"https:\/\/www.uutispeili.fi\/index.php\/wp-json\/wp\/v2\/types\/post"}],"author":[{"embeddable":true,"href":"https:\/\/www.uutispeili.fi\/index.php\/wp-json\/wp\/v2\/users\/5"}],"replies":[{"embeddable":true,"href":"https:\/\/www.uutispeili.fi\/index.php\/wp-json\/wp\/v2\/comments?post=1383"}],"version-history":[{"count":1,"href":"https:\/\/www.uutispeili.fi\/index.php\/wp-json\/wp\/v2\/posts\/1383\/revisions"}],"predecessor-version":[{"id":1385,"href":"https:\/\/www.uutispeili.fi\/index.php\/wp-json\/wp\/v2\/posts\/1383\/revisions\/1385"}],"wp:featuredmedia":[{"embeddable":true,"href":"https:\/\/www.uutispeili.fi\/index.php\/wp-json\/wp\/v2\/media\/1384"}],"wp:attachment":[{"href":"https:\/\/www.uutispeili.fi\/index.php\/wp-json\/wp\/v2\/media?parent=1383"}],"wp:term":[{"taxonomy":"category","embeddable":true,"href":"https:\/\/www.uutispeili.fi\/index.php\/wp-json\/wp\/v2\/categories?post=1383"},{"taxonomy":"post_tag","embeddable":true,"href":"https:\/\/www.uutispeili.fi\/index.php\/wp-json\/wp\/v2\/tags?post=1383"}],"curies":[{"name":"wp","href":"https:\/\/api.w.org\/{rel}","templated":true}]}}