{"id":13109,"date":"2026-06-03T19:04:36","date_gmt":"2026-06-03T16:04:36","guid":{"rendered":"https:\/\/www.uutispeili.fi\/?p=13109"},"modified":"2026-06-05T16:29:10","modified_gmt":"2026-06-05T13:29:10","slug":"maahanmuuttajataustainen-ei-mahtunut-piiloon-perusteettoman-rasismikortin-taakse","status":"publish","type":"post","link":"https:\/\/www.uutispeili.fi\/index.php\/2026\/06\/03\/maahanmuuttajataustainen-ei-mahtunut-piiloon-perusteettoman-rasismikortin-taakse\/","title":{"rendered":"Maahanmuuttajataustainen ei &#8221;mahtunut&#8221; piiloon perusteettoman rasismikortin taakse"},"content":{"rendered":"<p><strong>Southamptonissa Isossa Britanniassa maahanmuuttajataustainen Vierum Digwan (23 v.) murhasi 21 vuotiaan ohikulkijan Henry Novakin. Poliisin videotallenne teht\u00e4v\u00e4st\u00e4 on julkaistu.<\/strong><\/p>\n<p>(Kuvan aineisto: Visegrad24, Andy Ngo, viestipalvelu X. -Upotuskuvassa poliisi laittaa kuolevalle Novakille k\u00e4sirautoja..)<\/p>\n<p>Puukotettuaan ja kiinnij\u00e4\u00e4ty\u00e4\u00e4n <strong>Vierum Digwan<\/strong> v\u00e4itti <strong>Henry Novak<\/strong>in olleen h\u00e4nt\u00e4 kohtaan rasistinen. -Novay ei ollut puhunut murhaajalle.<\/p>\n<h2>\u201c<em>You\u2019ve been stabbed? I don\u2019t think you have, mate,<\/em>\u201d<\/h2>\n<p>Poliisi tuli paikalle, ja uskoi v\u00e4litt\u00f6m\u00e4sti murhaajaa. Haavoittuneen vertavuotavan Novakin poliisi j\u00e4tti huomiotta. Veriss\u00e4\u00e4n makaava Henry sanoi poliisille:\u00a0 &#8221;<em>Olen haavoittunut<\/em>&#8221;<\/p>\n<blockquote><p>Haalarikameran tallenteen mukaan poliisi tiuskaisi vihaisesti maassa makaavalle: &#8221;Enp\u00e4 usko.&#8221;<\/p>\n<p>\u201cYou\u2019ve been stabbed? I don\u2019t think you have, mate,\u201d the officer responded.<\/p><\/blockquote>\n<h2>Brittipoliisin ohje: <em>&#8221;Etnisi\u00e4 ryhmi\u00e4 pit\u00e4\u00e4 kohdella eri tavoin&#8221;<\/em><\/h2>\n<p>Poliisi perusteli my\u00f6hemmin ihmisarvon vastaista toimintaansa poliisin ohjeilla: Niiss\u00e4 sanotaan, ett\u00e4 etnisi\u00e4 ryhmi\u00e4 pit\u00e4\u00e4 kohdella eri tavoin. Siis Englannin poliisi tulkitsee sit\u00e4 niin, ett\u00e4 valkoinen kansalainen on mamu-per\u00e4isen kohdatessaan aina v\u00e4\u00e4r\u00e4ss\u00e4<\/p>\n<h2>Rasismi-leiman pelko ohjaa poliisin tilannearvioita<\/h2>\n<p>Poliisin pelko rasistiksi leimaantumisesta on jo t\u00e4m\u00e4n tapauksen perusteella mennyt niin pitk\u00e4lle, ett\u00e4 kuolettavat vammat saanut j\u00e4tet\u00e4\u00e4n heitteille, koska <strong><em>pelko rasistiksi leimautumisesta<\/em><\/strong> ohjaa toimintaa, vaikka kysymyksess\u00e4 olisi <strong><em>henkirikos<\/em><\/strong>. -Kunhan uhri on valkoinen.<\/p>\n<blockquote>\n<p style=\"text-align: left;\">T\u00e4ll\u00e4h\u00e4n ei ole mit\u00e4\u00e4n tekemist\u00e4 poliisin perusteht\u00e4v\u00e4n -siis oikeuden ja j\u00e4rjestyksen valvomisen- kanssa. Se on vihervasemmistolaista politiikkaa, jonka tulokset maksetaan valkoisten verell\u00e4.<\/p>\n<\/blockquote>\n<p>Kyykistely maahanmuuttajien tai maahanmuuttajataustaisten edess\u00e4 on saavuttanut mittasuhteet, joilla ei ole mit\u00e4\u00e4n tekemist\u00e4 oikeusvaltion kanssa&#8217;.<\/p>\n<h2>Kaksi vanhaa varista, tippuu kohta aidalta<\/h2>\n<p>Kysymys on ennen muuta <strong>Ty\u00f6v\u00e4enpuolueen<\/strong> ja <strong>Konservatiitivipuolueen<\/strong> yhteisest\u00e4 hankkeesta, eli hankitaan maahan mahdollisimman paljon tulijoita, ja annetaan n\u00e4ille mahdollisimman paljon etuja ilman vastuuta, -saatikka ett\u00e4 tulijat velvoitettaisiin el\u00e4m\u00e4\u00e4n maan lakien mukaan, ja kunnioittamaan toisia ihmisi\u00e4.<\/p>\n<p>Kun tuolle anarkialle annetaan valta, niin samalla toivotaan, ett\u00e4 n\u00e4m\u00e4 sitten \u00e4\u00e4nest\u00e4v\u00e4t noita kulahtaneita raakkujia.<\/p>\n<p>Politiikan kent\u00e4ll\u00e4 on nyt kuitenkin uusi vahva &#8221;<em>keskushy\u00f6kk\u00e4\u00e4j\u00e4<\/em>&#8221; eli <strong>Reformipuolue<\/strong>, jota voi kai l\u00e4hinn\u00e4 verrata Manner-Euroopan kansallismielisiin puolueisiin. Reformipuolueen puheenjohtaja <strong>Nigel Farage<\/strong> ehti jo kannustaa kansalaisia &#8221;<em>oikeutettuun suuttumukseen<\/em>&#8221;.<\/p>\n<p><strong>Parlamenttivaalit<\/strong> on Isossa-Britanniassa pidett\u00e4v\u00e4 viimeist\u00e4\u00e4n 2029, mutta juuri tuon vaalipiirin miss\u00e4 halveksittava henkirikos tehtiin, parlamentin t\u00e4ydennysvaali on kuukauden sis\u00e4ll\u00e4. Galluppien mukaan vaalipiirin paikka on menossa Ty\u00f6v\u00e4enpuolueelle. Onkin arvattavissa, ett\u00e4 t\u00e4m\u00e4n hirmuteon my\u00f6t\u00e4 tulos k\u00e4\u00e4ntyykin Reformipuolueen ehdokkaan valinnaksi.<\/p>\n<h2>Halveksittavaa kaikin puolin<\/h2>\n<p>Sen lis\u00e4ksi, ett\u00e4 Digwam teki murhan ilman mit\u00e4\u00e4n j\u00e4rkeenk\u00e4yp\u00e4\u00e4 motiivia-sellaiseksi ei kelpaa tuon idiootin keksim\u00e4 rasismi, h\u00e4nen veljens\u00e4 soitti h\u00e4t\u00e4keskukseen, ja v\u00e4itti ett\u00e4 h\u00e4nen veljens\u00e4 Vierum oli joutunut rasistisen hy\u00f6kk\u00e4yksen kohteeksi.<\/p>\n<p>&#8221;<em>Kirsikkana kakussa<\/em>&#8221; on, ett\u00e4 \u00e4iti piilotti Digvamin k\u00e4ytt\u00e4m\u00e4n murha-aseen. My\u00f6s \u00e4iti tulee saamaan rangaistuksen.<\/p>\n<p>Vierum Digwan sai 23 vuotta linnaa, josta h\u00e4nen on istuttava v\u00e4hint\u00e4\u00e4n 21 vuotta.<\/p>\n<p><strong>Suomessahan<\/strong> t\u00e4h\u00e4n verrattuna rangaistukset henkirikoksista ovat likimain vierailuk\u00e4yntej\u00e4 tiilenp\u00e4iden luvussa, koska meill\u00e4 &#8221;<em>elinkautinen<\/em>&#8221; supistuu k\u00e4yt\u00e4nn\u00f6ss\u00e4 jonnekin 12-15 vuoden v\u00e4liin.<\/p>\n<p>T\u00e4ss\u00e4 tapauksessa Englannissa ehdittiin jo vaatia kuolemanrangaistusta, josta muuten yhdess\u00e4k\u00e4\u00e4n maassa ei ole koskaan j\u00e4rjestetty kansan\u00e4\u00e4nestyst\u00e4.<\/p>\n<p>Ilmeist\u00e4, ett\u00e4 niin kuin monet Britannian poliittiset johtajat ja my\u00f6s p\u00e4\u00e4ministeri nostivat esiin sen, ett\u00e4 ei voida en\u00e4\u00e4 hyv\u00e4ksy\u00e4 lakia jossa rasismi on poliisin toimesta sallittu valkoisia brittej\u00e4 kohtaan.<\/p>\n<p>Tuntien <strong>Starmer<\/strong>in ailahtelevuuden poliittisessa toiminnassa, niin ei voida sanoa, ett\u00e4 Ty\u00f6v\u00e4enpuolue tulee tuollaisen lakiesityksen tekem\u00e4\u00e4n mutta on melkoisen varmaa, ett\u00e4 jos Konsrvatiiviset &#8221;<em>p\u00e4\u00e4sev\u00e4t vallanp\u00e4\u00e4lle<\/em>&#8221; niin laki muuttuu, Nimitt\u00e4in Konservatiivisen puolueen puheenjohtaja -itsekin mustaihoinen- <strong>Kemi Bandenoch<\/strong> vakuutti lausunnossaan, ett\u00e4 kaikkien on oltava tasa-arvoisia lain edess\u00e4.<\/p>\n<p>Tuo valkoisten polkeminen loppuu aivan varmasti, jos Reformipuolue p\u00e4\u00e4see valtaan. Sen lupasi puolueen puheenjohtaja Nigel Farage.<\/p>\n<blockquote><p><strong>K\u00e4\u00e4nteisest\u00e4 rasismista<\/strong> on ollut puhetta my\u00f6s meill\u00e4, mutta vihervasemmisto on intt\u00e4nyt, ett\u00e4 &#8221;eih\u00e4n se nyt ole mahdollista&#8221;,<\/p><\/blockquote>\n<p>N\u00e4ytt\u00e4\u00e4p\u00e4 olevan, ja oli my\u00f6s meill\u00e4 oltiin menossa siihen suuntaan, kunnes kansa antoi kenk\u00e4\u00e4 niin <strong>Marinille, Anderssonille, Ohisalolle, Saarikolle<\/strong> ja <strong>Henriksonille<\/strong>. T\u00e4m\u00e4 edellisten vaalien tulos katkaisi monta muutakin suomalaisten ylivoimaiselle enemmist\u00f6lle vierasta kehityssuntaa, mutta my\u00f6skin rasismi valheiden p\u00e4\u00e4tymisen laeiksi, ja poliisien valjastaminen Suomen somalien armeijaksi.<\/p>\n<p>Suomessa on voimassa laki, jossa tulee sama tuomio rasistiksi v\u00e4itt\u00e4misest\u00e4, kuin rasismista, ja siksi meill\u00e4 on jonkinlainen kynnys rasismikortin heilutteluun.<\/p>\n<p>Suomessa on annettu yksi tuomio asiasta ja syyllinen oli somali.<\/p>\n<p>Seppo Huhta<\/p>\n<h2>Aiheesta muissa medioissa:<\/h2>\n<p><strong>Visegrad24<\/strong> 02.06. 2026, linkiss\u00e4 video:<\/p>\n<p><a href=\"https:\/\/x.com\/visegrad24\/status\/2061573327911543106\"><img loading=\"lazy\" decoding=\"async\" class=\"aligncenter wp-image-13110 size-full\" src=\"https:\/\/www.uutispeili.fi\/wp-content\/uploads\/2026\/06\/visegrad-novak000x.png\" alt=\"\" width=\"479\" height=\"526\" srcset=\"https:\/\/www.uutispeili.fi\/wp-content\/uploads\/2026\/06\/visegrad-novak000x.png 479w, https:\/\/www.uutispeili.fi\/wp-content\/uploads\/2026\/06\/visegrad-novak000x-273x300.png 273w\" sizes=\"(max-width: 479px) 100vw, 479px\" \/><\/a><\/p>\n<blockquote><p>Viimeisin\u00e4 hetkin\u00e4\u00e4n Henry Nowak sanoi poliiseille yhdeks\u00e4n kertaa &#8221;en saa henke\u00e4&#8221; ja nelj\u00e4 kertaa, ett\u00e4 h\u00e4nt\u00e4 oli puukotettu. Vastauksena poliisi raahasi h\u00e4net soratien poikki, laittoi k\u00e4siraudat ja luki h\u00e4nelle h\u00e4nen oikeutensa. Se oli viimeinen asia, jonka Henry kuuli ennen kuolemaansa.<\/p><\/blockquote>\n<p><strong>Andy Ngo<\/strong> (blogi) 02.06. 2026, linkiss\u00e4 video:<\/p>\n<p><a href=\"https:\/\/x.com\/MrAndyNgo\/status\/2061559891949388019\"><img loading=\"lazy\" decoding=\"async\" class=\"aligncenter wp-image-13112 size-full\" src=\"https:\/\/www.uutispeili.fi\/wp-content\/uploads\/2026\/06\/novak-andy0000x.png\" alt=\"\" width=\"467\" height=\"597\" srcset=\"https:\/\/www.uutispeili.fi\/wp-content\/uploads\/2026\/06\/novak-andy0000x.png 467w, https:\/\/www.uutispeili.fi\/wp-content\/uploads\/2026\/06\/novak-andy0000x-235x300.png 235w\" sizes=\"(max-width: 467px) 100vw, 467px\" \/><\/a><\/p>\n<blockquote><p><span class=\"css-1jxf684 r-bcqeeo r-1ttztb7 r-qvutc0 r-poiln3\">\u201cYou\u2019ve been stabbed? I don\u2019t think you have, mate,\u201d the officer responded. The <\/span><\/p>\n<div class=\"css-175oi2r r-xoduu5\"><span class=\"r-18u37iz\">@HantsPolice<\/span><\/div>\n<p><span class=\"css-1jxf684 r-bcqeeo r-1ttztb7 r-qvutc0 r-poiln3\"> Body camera footage of the arrest of a dying <strong>Henry Nowak<\/strong> has been released. The university student tried desperate to tell police he had been stabbed and that he couldn\u2019t breathe. They turn him around on the ground and handcuff him until he goes limp. Nowak was killed by an Indian man who lied and said he was the victim of a racist attack, a tactic often used and encouraged by leftists to get an upper hand against others.<\/span><\/p><\/blockquote>\n<p><iframe loading=\"lazy\" title=\"UK police face backlash after disturbing vision of Henry Nowak\u2019s arrest released\" src=\"https:\/\/www.youtube.com\/embed\/9ecrzegPsyY\" width=\"859\" height=\"285\" frameborder=\"0\" allowfullscreen=\"allowfullscreen\"><\/iframe><\/p>\n<h2>P\u00e4ivitys:<\/h2>\n<div class=\"dcr-1fnjjtg\" data-gu-name=\"headline\">\n<div class=\"dcr-14emo0l\">\n<div class=\"dcr-1aqe7zu\">\n<blockquote>\n<h2 class=\"dcr-1k1a1x\"><span dir=\"auto\">Entinen poliisi piileskelee Henry Nowakin pid\u00e4tykseen virheellisesti yhdistetyn tapauksen j\u00e4lkeen<\/span><\/h2>\n<\/blockquote>\n<\/div>\n<\/div>\n<\/div>\n<blockquote>\n<p class=\"dcr-130mj7b\"><span dir=\"auto\">Entinen poliisi joutui pakenemaan turvaan sen j\u00e4lkeen, kun h\u00e4nt\u00e4 tunnistettiin v\u00e4\u00e4rin perustein -teko\u00e4lyalustoilla\u00a0osallisuudesta Vickrum Digwan pid\u00e4tykseen murhatapauksessa\u00a0<\/span><\/p>\n<p class=\"dcr-130mj7b\"><span dir=\"auto\"><strong>Christi Hill<\/strong>, joka toimi poliisikonstaapelina 12 vuotta, on kritisoinut sosiaalista mediaa ja teko\u00e4lyalustoja, mukaan lukien <strong>Elon Musk<\/strong>in <strong><em>Grok<\/em><\/strong>ia, v\u00e4\u00e4r\u00e4n v\u00e4itteen levitt\u00e4misest\u00e4, jonka mukaan h\u00e4n oli yksi poliiseista, jotka pid\u00e4ttiv\u00e4t Nowakin kuolemaisillaan Vickrum Digwan puukotettua h\u00e4nt\u00e4. <\/span>Asiasta kertoi <a href=\"https:\/\/www.theguardian.com\/uk-news\/2026\/jun\/03\/former-officer-hampshire-hiding-after-being-falsely-linked-henry-nowak-arrest\" target=\"_blank\" rel=\"noopener\"><strong>The Guardian<\/strong><\/a> 03,06. 2026.<\/p>\n<\/blockquote>\n<p>Uutisemme kautta n\u00e4ht\u00e4viss\u00e4 videoissa tai kuvissa <strong><em>ei n\u00e4ytet\u00e4<\/em> <\/strong>poliisihenkil\u00f6j\u00e4.<\/p>\n<h2>Muita uutisia:<\/h2>\n<p>13.06. 2025:<\/p>\n<blockquote class=\"wp-embedded-content\" data-secret=\"2IsCmpmNH9\"><p><a href=\"https:\/\/www.uutispeili.fi\/index.php\/2025\/06\/13\/lontoon-kings-collegen-professori-david-betz-avoimet-rajat-aiheuttavat-varmuudella-sisallissodan-brittein-saarilla\/\">Lontoon King&#8217;s Collegen professori David Betz: &#8221;Avoimet rajat aiheuttavat varmuudella sis\u00e4llissodan Brittein saarilla&#8221;<\/a><\/p><\/blockquote>\n<p><iframe class=\"wp-embedded-content\" sandbox=\"allow-scripts\" security=\"restricted\" style=\"position: absolute; clip: rect(1px, 1px, 1px, 1px);\" title=\"&#8221;Lontoon King&#8217;s Collegen professori David Betz: &#8221;Avoimet rajat aiheuttavat varmuudella sis\u00e4llissodan Brittein saarilla&#8221;&#8221; &#8212; \" src=\"https:\/\/www.uutispeili.fi\/index.php\/2025\/06\/13\/lontoon-kings-collegen-professori-david-betz-avoimet-rajat-aiheuttavat-varmuudella-sisallissodan-brittein-saarilla\/embed\/#?secret=LM5kp6maOQ#?secret=2IsCmpmNH9\" data-secret=\"2IsCmpmNH9\" width=\"600\" height=\"338\" frameborder=\"0\" marginwidth=\"0\" marginheight=\"0\" scrolling=\"no\"><\/iframe><\/p>\n<p>11.06. 2026:<\/p>\n<blockquote class=\"wp-embedded-content\" data-secret=\"TZPB1o25jd\"><p><a href=\"https:\/\/www.uutispeili.fi\/index.php\/2026\/05\/11\/eurooppalaisen-maan-vaalitulos-josta-suomen-media-ei-puhu-reformipuolue-voitti-kertakaikkisen-ylivoimaisesti-paikallisvaalit-isossa-britanniassa\/\">Eurooppalaisen maan vaalitulos josta Suomen media ei puhu: Reformipuolue voitti kertakaikkisen ylivoimaisesti paikallisvaalit Isossa Britanniassa<\/a><\/p><\/blockquote>\n<p><iframe class=\"wp-embedded-content\" sandbox=\"allow-scripts\" security=\"restricted\" style=\"position: absolute; clip: rect(1px, 1px, 1px, 1px);\" title=\"&#8221;Eurooppalaisen maan vaalitulos josta Suomen media ei puhu: Reformipuolue voitti kertakaikkisen ylivoimaisesti paikallisvaalit Isossa Britanniassa&#8221; &#8212; \" src=\"https:\/\/www.uutispeili.fi\/index.php\/2026\/05\/11\/eurooppalaisen-maan-vaalitulos-josta-suomen-media-ei-puhu-reformipuolue-voitti-kertakaikkisen-ylivoimaisesti-paikallisvaalit-isossa-britanniassa\/embed\/#?secret=G6BmVItNmL#?secret=TZPB1o25jd\" data-secret=\"TZPB1o25jd\" width=\"600\" height=\"338\" frameborder=\"0\" marginwidth=\"0\" marginheight=\"0\" scrolling=\"no\"><\/iframe><\/p>\n<p>02.10. 2025:<\/p>\n<blockquote class=\"wp-embedded-content\" data-secret=\"2cu0LvbsPz\"><p><a href=\"https:\/\/www.uutispeili.fi\/index.php\/2025\/10\/02\/terroriteko-synagogan-luona-manchesterissa-epailtya-ammuttu\/\">Terroriteko Synagogan luona Manchesterissa, ep\u00e4ilty\u00e4 ammuttu<\/a><\/p><\/blockquote>\n<p><iframe class=\"wp-embedded-content\" sandbox=\"allow-scripts\" security=\"restricted\" style=\"position: absolute; clip: rect(1px, 1px, 1px, 1px);\" title=\"&#8221;Terroriteko Synagogan luona Manchesterissa, ep\u00e4ilty\u00e4 ammuttu&#8221; &#8212; \" src=\"https:\/\/www.uutispeili.fi\/index.php\/2025\/10\/02\/terroriteko-synagogan-luona-manchesterissa-epailtya-ammuttu\/embed\/#?secret=VYVvcKX1da#?secret=2cu0LvbsPz\" data-secret=\"2cu0LvbsPz\" width=\"600\" height=\"338\" frameborder=\"0\" marginwidth=\"0\" marginheight=\"0\" scrolling=\"no\"><\/iframe><\/p>\n<p>03.07. 2025:<\/p>\n<blockquote class=\"wp-embedded-content\" data-secret=\"Sw41ZOPOGa\"><p><a href=\"https:\/\/www.uutispeili.fi\/index.php\/2025\/07\/03\/matt-goodwinin-uusimmat-shokkiluvut-ison-britannian-vaestonvaihdosta\/\">Matt Goodwinin uusimmat shokkiluvut Ison Britannian v\u00e4est\u00f6nvaihdosta<\/a><\/p><\/blockquote>\n<p><iframe class=\"wp-embedded-content\" sandbox=\"allow-scripts\" security=\"restricted\" style=\"position: absolute; clip: rect(1px, 1px, 1px, 1px);\" title=\"&#8221;Matt Goodwinin uusimmat shokkiluvut Ison Britannian v\u00e4est\u00f6nvaihdosta&#8221; &#8212; \" src=\"https:\/\/www.uutispeili.fi\/index.php\/2025\/07\/03\/matt-goodwinin-uusimmat-shokkiluvut-ison-britannian-vaestonvaihdosta\/embed\/#?secret=vDRW5PF7vg#?secret=Sw41ZOPOGa\" data-secret=\"Sw41ZOPOGa\" width=\"600\" height=\"338\" frameborder=\"0\" marginwidth=\"0\" marginheight=\"0\" scrolling=\"no\"><\/iframe><\/p>\n<p>29.06. 2025:<\/p>\n<blockquote class=\"wp-embedded-content\" data-secret=\"Xrz9Ft8wzE\"><p><a href=\"https:\/\/www.uutispeili.fi\/index.php\/2025\/06\/29\/ikonisen-festivaalin-lavalta-huudettiin-kuolemaa-juutalaisille\/\">Ikonisen festivaalin lavalta huudettiin kuolemaa juutalaisille<\/a><\/p><\/blockquote>\n<p><iframe class=\"wp-embedded-content\" sandbox=\"allow-scripts\" security=\"restricted\" style=\"position: absolute; clip: rect(1px, 1px, 1px, 1px);\" title=\"&#8221;Ikonisen festivaalin lavalta huudettiin kuolemaa juutalaisille&#8221; &#8212; \" src=\"https:\/\/www.uutispeili.fi\/index.php\/2025\/06\/29\/ikonisen-festivaalin-lavalta-huudettiin-kuolemaa-juutalaisille\/embed\/#?secret=bAXTg7s6A4#?secret=Xrz9Ft8wzE\" data-secret=\"Xrz9Ft8wzE\" width=\"600\" height=\"338\" frameborder=\"0\" marginwidth=\"0\" marginheight=\"0\" scrolling=\"no\"><\/iframe><\/p>\n","protected":false},"excerpt":{"rendered":"<p>Southamptonissa Isossa Britanniassa maahanmuuttajataustainen Vierum Digwan (23 v.) murhasi 21 vuotiaan ohikulkijan Henry Novakin. Poliisin videotallenne teht\u00e4v\u00e4st\u00e4 on julkaistu. (Kuvan aineisto: Visegrad24, Andy Ngo, viestipalvelu X. -Upotuskuvassa poliisi laittaa kuolevalle Novakille k\u00e4sirautoja..) Puukotettuaan ja kiinnij\u00e4\u00e4ty\u00e4\u00e4n Vierum Digwan v\u00e4itti Henry Novakin olleen h\u00e4nt\u00e4 kohtaan rasistinen. -Novay ei ollut puhunut murhaajalle. \u201cYou\u2019ve been stabbed? I don\u2019t think [&hellip;]<\/p>\n","protected":false},"author":5,"featured_media":13111,"comment_status":"open","ping_status":"open","sticky":false,"template":"","format":"standard","meta":{"footnotes":""},"categories":[101,61,86],"tags":[],"_links":{"self":[{"href":"https:\/\/www.uutispeili.fi\/index.php\/wp-json\/wp\/v2\/posts\/13109"}],"collection":[{"href":"https:\/\/www.uutispeili.fi\/index.php\/wp-json\/wp\/v2\/posts"}],"about":[{"href":"https:\/\/www.uutispeili.fi\/index.php\/wp-json\/wp\/v2\/types\/post"}],"author":[{"embeddable":true,"href":"https:\/\/www.uutispeili.fi\/index.php\/wp-json\/wp\/v2\/users\/5"}],"replies":[{"embeddable":true,"href":"https:\/\/www.uutispeili.fi\/index.php\/wp-json\/wp\/v2\/comments?post=13109"}],"version-history":[{"count":3,"href":"https:\/\/www.uutispeili.fi\/index.php\/wp-json\/wp\/v2\/posts\/13109\/revisions"}],"predecessor-version":[{"id":13123,"href":"https:\/\/www.uutispeili.fi\/index.php\/wp-json\/wp\/v2\/posts\/13109\/revisions\/13123"}],"wp:featuredmedia":[{"embeddable":true,"href":"https:\/\/www.uutispeili.fi\/index.php\/wp-json\/wp\/v2\/media\/13111"}],"wp:attachment":[{"href":"https:\/\/www.uutispeili.fi\/index.php\/wp-json\/wp\/v2\/media?parent=13109"}],"wp:term":[{"taxonomy":"category","embeddable":true,"href":"https:\/\/www.uutispeili.fi\/index.php\/wp-json\/wp\/v2\/categories?post=13109"},{"taxonomy":"post_tag","embeddable":true,"href":"https:\/\/www.uutispeili.fi\/index.php\/wp-json\/wp\/v2\/tags?post=13109"}],"curies":[{"name":"wp","href":"https:\/\/api.w.org\/{rel}","templated":true}]}}