{"id":13100,"date":"2026-06-03T14:19:09","date_gmt":"2026-06-03T11:19:09","guid":{"rendered":"https:\/\/www.uutispeili.fi\/?p=13100"},"modified":"2026-06-03T14:19:10","modified_gmt":"2026-06-03T11:19:10","slug":"keskustan-kansanedustaja-jouni-ovaska-50-miljoonalla-eurolla-tyollistetty-vain-150-nuorta","status":"publish","type":"post","link":"https:\/\/www.uutispeili.fi\/index.php\/2026\/06\/03\/keskustan-kansanedustaja-jouni-ovaska-50-miljoonalla-eurolla-tyollistetty-vain-150-nuorta\/","title":{"rendered":"Keskustan kansanedustaja Jouni Ovaska: &#8217;50 miljoonalla eurolla ty\u00f6llistetty vain 150 nuorta&#8217;"},"content":{"rendered":"<p><strong>Kansanedustaja Jouni Ovaska (Keskustan) pit\u00e4\u00e4 hallituksen <em>ty\u00f6llistymissetelin<\/em> heikkoa kysynt\u00e4\u00e4 osoituksena siit\u00e4, ett\u00e4 ty\u00f6llisyyspolitiikan keinot eiv\u00e4t t\u00e4ll\u00e4 hetkell\u00e4 vastaa Suomen vakavaan ty\u00f6llisyystilanteeseen.<\/strong><\/p>\n<p>(Arkistokuva: Jouni Ovaska, kuval\u00e4hde: Eduskunta.)<\/p>\n<p><strong>Ty\u00f6- ja elinkeinoministeri\u00f6n<\/strong> tietojen mukaan hallituksen <em><strong>ty\u00f6llistymissetelill\u00e4<\/strong><\/em> on t\u00e4h\u00e4n menness\u00e4 ty\u00f6llistetty vain hieman yli 150 nuorta, vaikka uudistukseen on varattu yhteens\u00e4 50 miljoonaa euroa.<\/p>\n<blockquote><p>\u2013 Hallituksen uudistus on j\u00e4\u00e4nyt pahasti piippuun. Kun k\u00e4ytt\u00f6aste j\u00e4\u00e4 n\u00e4in heikoksi, on t\u00e4ysin perusteltua kysy\u00e4, mihin tarkoitukseen jo valmiiksi tiukalla olevia veronmaksajien rahoja aiotaan k\u00e4ytt\u00e4\u00e4, Ovaska sanoo.<\/p><\/blockquote>\n<h2><em>&#8217;<\/em><b><em>V\u00e4likysymys on v\u00e4ltt\u00e4m\u00e4t\u00f6n<\/em>&#8217;<\/b><\/h2>\n<blockquote><p>&#8211; Me keskustassa haluamme kest\u00e4vi\u00e4 ratkaisuja. Siksi olemme esitt\u00e4neet nuorten takuuty\u00f6t\u00e4, joka takaisi ty\u00f6paikan jokaiselle vastavalmistuneelle. Voisitteko tarttua t\u00e4h\u00e4n, <strong>ty\u00f6ministeri Marttinen<\/strong>?<\/p><\/blockquote>\n<p>Ovaskan mukaan keskusta suhtautuu l\u00e4ht\u00f6kohtaisesti avoimin mielin uusiin ty\u00f6llisyystoimiin, mutta niiden on tuotettava tuloksia.<\/p>\n<blockquote><p>\u2013 Hallituksessa pit\u00e4isi tiedostaa, ett\u00e4 ty\u00f6llisyystilanne on heikentynyt nopeasti ja toimivilla uudistuksilla on kova kiire. Kokoomus lupasi hallituskauden alussa Suomeen 100 000 uutta ty\u00f6paikkaa. Nyt kehitys on kulkenut t\u00e4ysin p\u00e4invastaiseen suuntaan.<\/p><\/blockquote>\n<p>Ovaskan mukaan Suomen ty\u00f6llisyyskriisi ei ratkea yksitt\u00e4isill\u00e4 kokeiluilla, vaan talouskasvua tukevilla toimilla ja yritysten toimintaedellytysten vahvistamisella.<\/p>\n<h2>&#8217;<em>Pysyvi\u00e4 ty\u00f6paikkoja, ei tilastojen hetkellist\u00e4 kaunistelua&#8217;<\/em><\/h2>\n<blockquote><p>\u2013 Ty\u00f6llisyyspolitiikan tavoitteena pit\u00e4\u00e4 olla pysyvien ty\u00f6paikkojen syntyminen, ei tilastojen hetkellinen kaunistelu. Suomi tarvitsee nyt kasvua, investointeja ja luottamusta tulevaisuuteen.<\/p><\/blockquote>\n<p>Ovaska sanoo keskustan ja <strong>Liike Nyt<\/strong>in yhteisen v\u00e4likysymyksen olevan v\u00e4ltt\u00e4m\u00e4t\u00f6n nykytilanteessa. Hallitus ei ole h\u00e4nen mukaansa tarttunut ty\u00f6tt\u00f6myyskriisiin sill\u00e4 tarmolla, jota odotetaan.<\/p>\n<p>&#8211; Miksi ty\u00f6ministeri tai p\u00e4\u00e4ministeri ovat hiljaa nuorten tilanteesta? Miksei p\u00e4\u00e4ministeripuolue kykene n\u00e4ytt\u00e4m\u00e4\u00e4n johtajuutta? Olen eritt\u00e4in huolissani Suomen suunnasta. <img loading=\"lazy\" decoding=\"async\" class=\"alignnone size-full wp-image-144\" src=\"https:\/\/www.uutispeili.fi\/wp-content\/uploads\/2023\/11\/di.gold_.gif\" alt=\"\" width=\"11\" height=\"11\" \/><\/p>\n<p>(Uutispeili ei ole muokannut artikkelin sis\u00e4lt\u00f6\u00e4.)<\/p>\n","protected":false},"excerpt":{"rendered":"<p>Kansanedustaja Jouni Ovaska (Keskustan) pit\u00e4\u00e4 hallituksen ty\u00f6llistymissetelin heikkoa kysynt\u00e4\u00e4 osoituksena siit\u00e4, ett\u00e4 ty\u00f6llisyyspolitiikan keinot eiv\u00e4t t\u00e4ll\u00e4 hetkell\u00e4 vastaa Suomen vakavaan ty\u00f6llisyystilanteeseen. (Arkistokuva: Jouni Ovaska, kuval\u00e4hde: Eduskunta.) Ty\u00f6- ja elinkeinoministeri\u00f6n tietojen mukaan hallituksen ty\u00f6llistymissetelill\u00e4 on t\u00e4h\u00e4n menness\u00e4 ty\u00f6llistetty vain hieman yli 150 nuorta, vaikka uudistukseen on varattu yhteens\u00e4 50 miljoonaa euroa. \u2013 Hallituksen uudistus on j\u00e4\u00e4nyt [&hellip;]<\/p>\n","protected":false},"author":3,"featured_media":4878,"comment_status":"open","ping_status":"open","sticky":false,"template":"","format":"standard","meta":{"footnotes":""},"categories":[49,83],"tags":[],"_links":{"self":[{"href":"https:\/\/www.uutispeili.fi\/index.php\/wp-json\/wp\/v2\/posts\/13100"}],"collection":[{"href":"https:\/\/www.uutispeili.fi\/index.php\/wp-json\/wp\/v2\/posts"}],"about":[{"href":"https:\/\/www.uutispeili.fi\/index.php\/wp-json\/wp\/v2\/types\/post"}],"author":[{"embeddable":true,"href":"https:\/\/www.uutispeili.fi\/index.php\/wp-json\/wp\/v2\/users\/3"}],"replies":[{"embeddable":true,"href":"https:\/\/www.uutispeili.fi\/index.php\/wp-json\/wp\/v2\/comments?post=13100"}],"version-history":[{"count":1,"href":"https:\/\/www.uutispeili.fi\/index.php\/wp-json\/wp\/v2\/posts\/13100\/revisions"}],"predecessor-version":[{"id":13101,"href":"https:\/\/www.uutispeili.fi\/index.php\/wp-json\/wp\/v2\/posts\/13100\/revisions\/13101"}],"wp:featuredmedia":[{"embeddable":true,"href":"https:\/\/www.uutispeili.fi\/index.php\/wp-json\/wp\/v2\/media\/4878"}],"wp:attachment":[{"href":"https:\/\/www.uutispeili.fi\/index.php\/wp-json\/wp\/v2\/media?parent=13100"}],"wp:term":[{"taxonomy":"category","embeddable":true,"href":"https:\/\/www.uutispeili.fi\/index.php\/wp-json\/wp\/v2\/categories?post=13100"},{"taxonomy":"post_tag","embeddable":true,"href":"https:\/\/www.uutispeili.fi\/index.php\/wp-json\/wp\/v2\/tags?post=13100"}],"curies":[{"name":"wp","href":"https:\/\/api.w.org\/{rel}","templated":true}]}}