{"id":1308,"date":"2024-02-20T14:04:01","date_gmt":"2024-02-20T14:04:01","guid":{"rendered":"https:\/\/www.uutispeili.fi\/?p=1308"},"modified":"2024-02-20T17:01:03","modified_gmt":"2024-02-20T17:01:03","slug":"akillisen-kuoleman-syndrooma-leviaa-venajalla","status":"publish","type":"post","link":"https:\/\/www.uutispeili.fi\/index.php\/2024\/02\/20\/akillisen-kuoleman-syndrooma-leviaa-venajalla\/","title":{"rendered":"&#8221;\u00c4killisen kuoleman syndrooma&#8221; levi\u00e4\u00e4 Ven\u00e4j\u00e4ll\u00e4"},"content":{"rendered":"<p><strong>Jo ennen kuin Gulag-vankisiirtolassa \u00e4killisesti menehtynytt\u00e4 oppositiopoliitikko Navalny\u00e4 on saatu haudan lepoon, sama &#8221;tauti&#8221; jatkaa tappamistaan.<\/strong><\/p>\n<p>T\u00e4ll\u00e4 kertaa kohtalon sormi osui presidentti <strong>Vladimir Putinin<\/strong> l\u00e4heisen liittolaisen poikaan. \u00c4kkisairastumisen viesti on tyly, ja <strong>Ven\u00e4j\u00e4lle<\/strong> &#8221;<em>niin luonteenomainen<\/em>&#8221;: <em><strong>It\u00e4maisessa despotiassa<\/strong><\/em> kukaan ei ole turvassa hallitsevan johtajapaviaanin vihalta. Siis pel\u00e4tk\u00e4\u00e4, pel\u00e4tk\u00e4\u00e4 ja n\u00f6yrtyk\u00e4\u00e4.<\/p>\n<p>Kuten olemme kertoneet, Neuvostoliitto jonka perillisen\u00e4 nykyinen Ven\u00e4j\u00e4 haluaa entist\u00e4 enemm\u00e4n esiinty\u00e4, ei ollut koskaan -ehk\u00e4 pienen hetken?- &#8221;<em>sosialistinen<\/em>&#8221;, vaan tyypillinen it\u00e4mainen despotia, -sellainen jollaisena historiaan perehtyneet tuntevat <strong>Tsingis kaanin<\/strong> perillisten &#8221;<em>kultaisen ordan<\/em>&#8221;. sulttaanien <strong>Turkin<\/strong>, ja lukemattomien &#8221;<em>Hirveiden Hospodarien<\/em>&#8221; pienemm\u00e4t hirmuvaltakunnat.<\/p>\n<p>It\u00e4maisessa despotiassa henkil\u00f6ll\u00e4 voi olla rahaa, valtaa ja mainetta yllin kyllin, mutta vain johtajapaviaanin armosta t. suosiosta. Rahaa ja omaisuutta ei ker\u00e4t\u00e4 liiketoimilla, kuten ns. kapitalismissa, eik\u00e4 perim\u00e4ll\u00e4 kuten feodalismissa. Kaikki hyv\u00e4 tulee ylh\u00e4\u00e4lt\u00e4, imperaattorin suopeasta k\u00e4dest\u00e4. -Jos\/kun suopeus loppuu, katoaa my\u00f6s maallinen hyv\u00e4. Joskus henki-riepukin, -koko perheelt\u00e4 pahimmillaan.<\/p>\n<h3>Tsingis-kaanista Leniniin ja Putiniin<\/h3>\n<p>T\u00e4m\u00e4nkaltaisen yhteiskuntaj\u00e4rjestelm\u00e4n toi Ven\u00e4j\u00e4lle <strong>British Museum<\/strong>in kirjastossa ahkeraan istunut emigrantti\u00e4lykk\u00f6 <strong>Vladimir Iljitsh Uljanov<\/strong>. P\u00e4\u00e4sty\u00e4\u00e4n takaisin Ven\u00e4j\u00e4lle h\u00e4n muutti nimens\u00e4 (&#8221;Lenin&#8221;), ja kahvilaradikaali-joukkonsa kanssa laittoi maan asiat niin sekaisin, ettei Ven\u00e4j\u00e4 ole siit\u00e4 viel\u00e4k\u00e4\u00e4n toipunut.<\/p>\n<p>Emme tied\u00e4, mit\u00e4 Lenin-Uljanov luki siell\u00e4 kirjastossa Lontoossa aikaa tappaessaan, mutta jos Tsingis-kaanin muistelmat ja &#8221;testamentti&#8221; ovat s\u00e4ilyneet, -ne ovat siell\u00e4. Kas, kaanin perilliset valtasivat ja alistivat nykyisin Ven\u00e4j\u00e4ksi kutsutun alueen ruhtinaskunnat, -ja er\u00e4\u00e4n <strong>Moskova<\/strong>-provinssikaupungin suuriruhtinas korotettiin kaanin puolesta veroja ker\u00e4\u00e4v\u00e4ksi paikalliseksi kollaborat\u00f6\u00f6riksi.<\/p>\n<blockquote><p>Moskova-keskeinen Ven\u00e4j\u00e4 ei ole koskaan unohtanut silloin opittua, -vaan on siit\u00e4 alkaen soveltanut sit\u00e4 omiin kansalaisiinsa: Maximaalinen pelko pit\u00e4\u00e4 rahvaan paremmin alamaisena, kuin tyytyv\u00e4isyys oloihin ja hallitsijaan.<\/p><\/blockquote>\n<p><strong>Iivana julma<\/strong> ripustutti syrj\u00e4ytettyjen <em>pajarien<\/em> (bojar) perheiden naisv\u00e4en runnellut ruumiit entisten ylimysten kaupunkitalojen portteihin, jotta rahvas n\u00e4ki mik\u00e4 on meininki. Edell\u00e4 mainittu Lenin-Uljanov kehoitti kirjallisilla k\u00e4skyill\u00e4 <em><strong>bolshevikkeja<\/strong><\/em>: &#8221;Tappakaa <em>kulakkeja<\/em> paljon, ja niin ett\u00e4 se n\u00e4kyy!&#8221;<\/p>\n<p>Kunhan kaikki ei-kivat ven\u00e4l\u00e4iset oli tapettu, bolshevikit alkoivat tappaa toisiaan. Entiset &#8221;<em>punaiset<\/em> <em>satraapit<\/em>&#8221;, neuvostohallinnon n\u00e4kyvimm\u00e4t henkil\u00f6t, -heid\u00e4t tapettiin l\u00e4hes kaikki. Ja suuren julkisuuden my\u00f6t\u00e4. Se on se <em><strong>pelko<\/strong><\/em>, jota neuvostovalta tarvitsi k\u00e4ytt\u00f6voimanaan.<\/p>\n<h2>&#8221;Jos pelk\u00e4\u00e4mme, Neuvostoliitto tulee takaisin!<\/h2>\n<p>-Lause on moskovalaisen nuoren sivistyneen pariskunnan vastaus suomalaisen toimittajan kysymykseen elokuussa 1991. Kommunismi oli juuri romahtanut omaan mahdottomuuteensa, ja ven\u00e4l\u00e4iset hylk\u00e4siv\u00e4t neuvostovallan viimeisen &#8217;<em>bittereindereiden<\/em>&#8217; yrityksen k\u00e4\u00e4nt\u00e4\u00e4 historian v\u00e4ist\u00e4m\u00e4t\u00f6nt\u00e4 kulkua.<\/p>\n<p>2000-luvulla jokin oli muuttunut: Ven\u00e4j\u00e4n korkein johto nostalgisoi avoimesti Neuvostoliittoa, tsaarien Ven\u00e4j\u00e4n rajoja, ja imperialistista hybrist\u00e4, joka oli sekoittanut jo Iivana julmankin p\u00e4\u00e4n. -Miksei sanantien mongolivaltaa, &#8221;<em>Ordaa<\/em>&#8221;? Sielt\u00e4h\u00e4n hallinnoimisen doktriini on peritty ja hyvin omaksuttu.<\/p>\n<h3>Jokaisen alamaisen on pel\u00e4tt\u00e4v\u00e4, -muuten kaatuu systeemi!<\/h3>\n<blockquote class=\"twitter-tweet\" data-width=\"550\" data-dnt=\"true\">\n<p lang=\"ru\" dir=\"ltr\">\u0423\u043c\u0435\u0440 \u0441\u044b\u043d \u0433\u043b\u0430\u0432\u044b &quot;\u0420\u043e\u0441\u043d\u0435\u0444\u0442\u0438&quot; \u0418\u0433\u043e\u0440\u044f \u0421\u0435\u0447\u0438\u043d\u0430 \u0418\u0432\u0430\u043d. &quot;\u041c\u0435\u0434\u0438\u0430\u0437\u043e\u043d\u0430&quot; \u043f\u043e\u0434\u0442\u0432\u0435\u0440\u0434\u0438\u043b\u0430 \u044d\u0442\u043e\u0442 \u0444\u0430\u043a\u0442 \u043d\u0430 \u043e\u0441\u043d\u043e\u0432\u0435 \u0434\u0430\u043d\u043d\u044b\u0445 \u0438\u0437 \u0440\u0435\u0435\u0441\u0442\u0440\u0430 \u043d\u0430\u0441\u043b\u0435\u0434\u0441\u0442\u0432\u0435\u043d\u043d\u044b\u0445 \u0434\u0435\u043b &#8211; \u0438\u0437 \u043d\u0435\u0433\u043e \u0441\u043b\u0435\u0434\u0443\u0435\u0442, \u0447\u0442\u043e \u0418\u0432\u0430\u043d \u0421\u0435\u0447\u0438\u043d \u0443\u043c\u0435\u0440 5 \u0444\u0435\u0432\u0440\u0430\u043b\u044f. \u0415\u043c\u0443 \u0431\u044b\u043b\u043e 35 \u043b\u0435\u0442. \u0421\u043e\u0433\u043b\u0430\u0441\u043d\u043e \u0443\u0442\u0435\u0447\u043a\u0430\u043c \u0438\u0437 \u0440\u043e\u0441\u0441\u0438\u0439\u0441\u043a\u0438\u0445 \u0431\u0430\u0437 \u0434\u0430\u043d\u043d\u044b\u0445, \u0421\u0435\u0447\u0438\u043d-\u043c\u043b\u0430\u0434\u0448\u0438\u0439 \u0440\u0430\u0431\u043e\u0442\u0430\u043b \u0432 &quot;\u0420\u043e\u0441\u043d\u0435\u0444\u0442\u0438&quot;. \u0421 2014\u2026 <a href=\"https:\/\/t.co\/j0TZOG2hTD\">pic.twitter.com\/j0TZOG2hTD<\/a><\/p>\n<p>&mdash; DW \u043d\u0430 \u0440\u0443\u0441\u0441\u043a\u043e\u043c (@dw_russian) <a href=\"https:\/\/twitter.com\/dw_russian\/status\/1759812513191927964?ref_src=twsrc%5Etfw\">February 20, 2024<\/a><\/p><\/blockquote>\n<p><script async src=\"https:\/\/platform.twitter.com\/widgets.js\" charset=\"utf-8\"><\/script><\/p>\n<p>T\u00e4n\u00e4\u00e4n kuulemme <em>neuvosto<\/em>-.. -anteeksi <em>Ven\u00e4j\u00e4n<\/em>&#8211; eliittiin kuuluvan \u00f6ljykonsernin <strong>Rosneft<\/strong>in johtajan <strong>Igor Sechin<\/strong>in pojan <strong>Ivan Sechin<\/strong>in (\u0418\u0432\u0430\u043d \u0421\u0435\u0447\u0438\u043d) kuolleen, ja \u00e4killisesti. Asian ilmoitti <strong>JUKOS<\/strong>in entinen varapresidentti <strong>Leonid Nevzlin<\/strong>, perustaen tietonsa merkint\u00e4\u00e4n perint\u00f6asiarekisteriss\u00e4. Kuolema oli sattunut jo 5. helmikuuta. Kuollessaan Sechin Jr. oli vain 35-vuotias.<\/p>\n<blockquote class=\"twitter-tweet\" data-width=\"550\" data-dnt=\"true\">\n<p lang=\"ru\" dir=\"ltr\">\ud83d\udd30\u0423\u043c\u0435\u0440 \u0435\u0434\u0438\u043d\u0441\u0442\u0432\u0435\u043d\u043d\u044b\u0439 \u043d\u0430\u0441\u043b\u0435\u0434\u043d\u0438\u043a \u0433\u043b\u0430\u0432\u044b \u00ab\u0420\u043e\u0441\u043d\u0435\u0444\u0442\u0438\u00bb, 35-\u043b\u0435\u0442\u043d\u0438\u0439 \u0441\u044b\u043d \u0418\u0433\u043e\u0440\u044f \u0421\u0435\u0447\u0438\u043d\u0430 \u0418\u0432\u0430\u043d  \u0418\u0432\u0430\u043d <a href=\"https:\/\/twitter.com\/hashtag\/%D0%A1%D0%B5%D1%87%D0%B8%D0%BD?src=hash&amp;ref_src=twsrc%5Etfw\">#\u0421\u0435\u0447\u0438\u043d<\/a> \u0443\u043c\u0435\u0440 \u0435\u0449\u0435 5 \u0444\u0435\u0432\u0440\u0430\u043b\u044f \u0438 \u043e \u0435\u0433\u043e \u0441\u043c\u0435\u0440\u0442\u0438 \u0438 \u0435\u0435 \u043f\u0440\u0438\u0447\u0438\u043d\u0430\u0445 \u043f\u0443\u0431\u043b\u0438\u0447\u043d\u043e \u043d\u0435 \u0441\u043e\u043e\u0431\u0449\u0430\u043b\u043e\u0441\u044c. \u0418 \u044d\u0442\u043e \u0441\u043a\u0440\u044b\u0432\u0430\u043b\u0438, \u0430 \u0442\u0443\u0442 \u043c\u043d\u043e\u0433\u0438\u0435 \u0443\u0434\u0438\u0432\u043b\u044f\u044e\u0442\u0441\u044f \u043f\u043e\u0447\u0435\u043c\u0443 \u043d\u0435 \u0432\u0438\u0434\u0430\u044e\u0442 \u0442\u0435\u043b\u043e <a href=\"https:\/\/twitter.com\/hashtag\/%D0%9D%D0%B0%D0%B2%D0%B0%D0%BB%D1%8C%D0%BD%D0%BE%D0%B3%D0%BE?src=hash&amp;ref_src=twsrc%5Etfw\">#\u041d\u0430\u0432\u0430\u043b\u044c\u043d\u043e\u0433\u043e<\/a><br \/>&#8211; \u0421\u043a\u043e\u0440\u0435\u0435 \u0432\u0441\u0435\u0433\u043e, \u0438\u0434\u0435\u0442 \u0432\u043d\u0443\u0442\u0440\u0435\u043d\u043d\u044f\u044f\u2026 <a href=\"https:\/\/t.co\/CScPomP99r\">pic.twitter.com\/CScPomP99r<\/a><\/p>\n<p>&mdash; \u041f\u043e\u0441\u043b\u0430\u043d\u043d\u0438\u043a \u041c\u0438\u0440\u0430 (@ChroniclesofWa1) <a href=\"https:\/\/twitter.com\/ChroniclesofWa1\/status\/1759833017952903524?ref_src=twsrc%5Etfw\">February 20, 2024<\/a><\/p><\/blockquote>\n<p><script async src=\"https:\/\/platform.twitter.com\/widgets.js\" charset=\"utf-8\"><\/script><\/p>\n<blockquote><p>&#8221;Mit\u00e4 outoja yhteensattumia&#8230; T\u00e4n\u00e4\u00e4n, kun yst\u00e4v\u00e4ni ja kumppanini muistimme kuinka Kremlin sota JUKOSia vastaan \u200b\u200balkoi, &#8230; T\u00e4n\u00e4\u00e4n sain tiet\u00e4\u00e4, ett\u00e4 Igor Sechin oli juuri menett\u00e4nyt poikansa. Sama henkil\u00f6, joka sepitteli koko liioiteltua ja verist\u00e4 tapausta meit\u00e4 vastaan&#8221;, Nevzlin kirjoitti 20.02.<\/p><\/blockquote>\n<p>Kun despootit ja muut hospodarit tuntevat valtansa ep\u00e4varmaksi, he hermostuvat. Silloin alkaa p\u00e4it\u00e4 putoilla, -nyttemmin my\u00f6s lentokoneita.<\/p>\n<p>Voi Ven\u00e4j\u00e4-parkaa! <img loading=\"lazy\" decoding=\"async\" class=\"alignnone size-full wp-image-144\" src=\"https:\/\/www.uutispeili.fi\/wp-content\/uploads\/2023\/11\/di.gold_.gif\" alt=\"\" width=\"11\" height=\"11\" \/><\/p>\n<p>Luettavaa:<\/p>\n<ul>\n<li><a href=\"https:\/\/novayagazeta.eu\/articles\/2024\/02\/20\/umer-syn-igoria-sechina-mediazona-uznala-podrobnosti-perevozki-tela-navalnogo-v-salekhard-news\" target=\"_blank\" rel=\"noopener\">Novaja Gazeta<\/a> 20.02. 2024,<\/li>\n<li><a href=\"https:\/\/meduza.io\/news\/2024\/02\/20\/umer-syn-glavy-rosnefti-igorya-sechina\" target=\"_blank\" rel=\"noopener\">Medusa<\/a> 20.02. 2024,<\/li>\n<\/ul>\n<blockquote class=\"wp-embedded-content\" data-secret=\"YIcNqclHUG\"><p><a href=\"https:\/\/www.uutispeili.fi\/index.php\/2024\/02\/18\/ambulanssi-henkilo-navalnyn-ruumiissa-mustelmia-viittaavat-kouristuksiin-ennen-kuolemaa\/\">Ambulanssi-henkil\u00f6: Navalnyn ruumiissa mustelmia, -viittaavat kouristuksiin ennen kuolemaa<\/a><\/p><\/blockquote>\n<p><iframe class=\"wp-embedded-content\" sandbox=\"allow-scripts\" security=\"restricted\" style=\"position: absolute; clip: rect(1px, 1px, 1px, 1px);\" title=\"&#8221;Ambulanssi-henkil\u00f6: Navalnyn ruumiissa mustelmia, -viittaavat kouristuksiin ennen kuolemaa&#8221; &#8212; \" src=\"https:\/\/www.uutispeili.fi\/index.php\/2024\/02\/18\/ambulanssi-henkilo-navalnyn-ruumiissa-mustelmia-viittaavat-kouristuksiin-ennen-kuolemaa\/embed\/#?secret=KPuXiUmHIM#?secret=YIcNqclHUG\" data-secret=\"YIcNqclHUG\" width=\"600\" height=\"338\" frameborder=\"0\" marginwidth=\"0\" marginheight=\"0\" scrolling=\"no\"><\/iframe><\/p>\n","protected":false},"excerpt":{"rendered":"<p>Jo ennen kuin Gulag-vankisiirtolassa \u00e4killisesti menehtynytt\u00e4 oppositiopoliitikko Navalny\u00e4 on saatu haudan lepoon, sama &#8221;tauti&#8221; jatkaa tappamistaan. T\u00e4ll\u00e4 kertaa kohtalon sormi osui presidentti Vladimir Putinin l\u00e4heisen liittolaisen poikaan. \u00c4kkisairastumisen viesti on tyly, ja Ven\u00e4j\u00e4lle &#8221;niin luonteenomainen&#8221;: It\u00e4maisessa despotiassa kukaan ei ole turvassa hallitsevan johtajapaviaanin vihalta. Siis pel\u00e4tk\u00e4\u00e4, pel\u00e4tk\u00e4\u00e4 ja n\u00f6yrtyk\u00e4\u00e4. Kuten olemme kertoneet, Neuvostoliitto jonka perillisen\u00e4 [&hellip;]<\/p>\n","protected":false},"author":3,"featured_media":1311,"comment_status":"open","ping_status":"open","sticky":false,"template":"","format":"standard","meta":{"footnotes":""},"categories":[31,7],"tags":[],"_links":{"self":[{"href":"https:\/\/www.uutispeili.fi\/index.php\/wp-json\/wp\/v2\/posts\/1308"}],"collection":[{"href":"https:\/\/www.uutispeili.fi\/index.php\/wp-json\/wp\/v2\/posts"}],"about":[{"href":"https:\/\/www.uutispeili.fi\/index.php\/wp-json\/wp\/v2\/types\/post"}],"author":[{"embeddable":true,"href":"https:\/\/www.uutispeili.fi\/index.php\/wp-json\/wp\/v2\/users\/3"}],"replies":[{"embeddable":true,"href":"https:\/\/www.uutispeili.fi\/index.php\/wp-json\/wp\/v2\/comments?post=1308"}],"version-history":[{"count":3,"href":"https:\/\/www.uutispeili.fi\/index.php\/wp-json\/wp\/v2\/posts\/1308\/revisions"}],"predecessor-version":[{"id":1314,"href":"https:\/\/www.uutispeili.fi\/index.php\/wp-json\/wp\/v2\/posts\/1308\/revisions\/1314"}],"wp:featuredmedia":[{"embeddable":true,"href":"https:\/\/www.uutispeili.fi\/index.php\/wp-json\/wp\/v2\/media\/1311"}],"wp:attachment":[{"href":"https:\/\/www.uutispeili.fi\/index.php\/wp-json\/wp\/v2\/media?parent=1308"}],"wp:term":[{"taxonomy":"category","embeddable":true,"href":"https:\/\/www.uutispeili.fi\/index.php\/wp-json\/wp\/v2\/categories?post=1308"},{"taxonomy":"post_tag","embeddable":true,"href":"https:\/\/www.uutispeili.fi\/index.php\/wp-json\/wp\/v2\/tags?post=1308"}],"curies":[{"name":"wp","href":"https:\/\/api.w.org\/{rel}","templated":true}]}}