{"id":1292,"date":"2024-02-18T11:33:30","date_gmt":"2024-02-18T11:33:30","guid":{"rendered":"https:\/\/www.uutispeili.fi\/?p=1292"},"modified":"2024-02-18T11:33:30","modified_gmt":"2024-02-18T11:33:30","slug":"ambulanssi-henkilo-navalnyn-ruumiissa-mustelmia-viittaavat-kouristuksiin-ennen-kuolemaa","status":"publish","type":"post","link":"https:\/\/www.uutispeili.fi\/index.php\/2024\/02\/18\/ambulanssi-henkilo-navalnyn-ruumiissa-mustelmia-viittaavat-kouristuksiin-ennen-kuolemaa\/","title":{"rendered":"Ambulanssi-henkil\u00f6: Navalnyn ruumiissa mustelmia, -viittaavat kouristuksiin ennen kuolemaa"},"content":{"rendered":"<p><strong>Ven\u00e4l\u00e4isen oppositiopoliitikon\u00a0 Aleksei Navalnyn menehtymisest\u00e4 &#8221;<em>\u00e4killisen kuoleman oireyhtym\u00e4\u00e4n<\/em>&#8221; (virallisen selityksen sanamuoto) on annettu niukasti tietoja, -ja nekin osin ristiriitaisia. Ven\u00e4l\u00e4islehti on etsinyt lis\u00e4tietoja paikallisilta.<\/strong><\/p>\n<p>Virallisesti <strong>Aleksei Navalny<\/strong>n kuolinsyyt\u00e4 ei ole todettu, mutta sanonta &#8221;<em>\u00e4killisen kuoleman oireyhtym\u00e4<\/em>&#8221; on mainittu. <strong>Ven\u00e4j\u00e4ll\u00e4<\/strong> poliittisesti merkitt\u00e4vien henkil\u00f6iden \u00e4kkikuolemat ovat olleet tavallisia vuodesta 1917 alkaen, aina 1950-luvulle, jolloin \u00e4killisesti kuolleen diktaattori <strong>Josef Stalin<\/strong>in seuraajien valtataistelussa vahvoilla olleen turvallisuuspalvelu <strong>KGB<\/strong>:n johtajan, my\u00f6skin \u00e4killisesti kuolleen! (-<em>meille niin luonteenomaista<\/em>, sanotaan Ven\u00e4j\u00e4ll\u00e4), <strong>Lavrentij Berija<\/strong>n ruumiin ehtim\u00e4tt\u00e4 kylmet\u00e4 h\u00e4nen seuraajansa -Ven\u00e4j\u00e4lle ei-niin-tyypillinen johtokollegio- vannoi (ateisteina, ilman Raamattua), ettei 1.) edellist\u00e4 johtajaa t. poliittista kilpailijaa ei en\u00e4\u00e4 koskaan tapeta, ja 2.) etteiv\u00e4t &#8221;elimet&#8221; (=vakoilu- ja pakotus-apparaatti) saa en\u00e4\u00e4 koskaan yliotetta siviilihallinnosta (silloin viel\u00e4 puolueesta).<\/p>\n<p>&#8221;<em>Se vala on koettu puhtaana pit\u00e4\u00e4<\/em>&#8221;, ajattelivat <strong>Hrutshev<\/strong>, <strong>Mikojan<\/strong>, <strong>Voroshilov<\/strong>, <strong>Bulganin<\/strong>, <strong>Malenkov<\/strong> ja <strong>Kaganovitsh<\/strong>, -Stalinin stalinistiset perilliset. <em>Kollektiivista johtoa<\/em> yritettiin Ven\u00e4j\u00e4ll\u00e4, -ehk\u00e4 ensimm\u00e4ist\u00e4 kertaa j\u00e4lkeen <strong>Vladimir Monomakh<\/strong>in (Kiovan suuriruhtinas noin 1000 vuotta sitten). No, pian alkoi keskin\u00e4inen kampittaminen, ja ensimm\u00e4isen\u00e4 otti lukua Malenkov. -Vala piti, ja h\u00e4n j\u00e4i henkiin. Suojaty\u00f6paikkakin l\u00f6ytyi er\u00e4\u00e4n voimalaitoksen johtajana <strong>Kazakhstan<\/strong>issa.<\/p>\n<p>Seuraava pudokas -jos luonnollisesti (-t\u00e4ll\u00e4 kertaa aidosti) poistuneita ei lasketa- Nikita Hrutshev. H\u00e4nkin sai pit\u00e4\u00e4 henkiriepunsa. Nikitasta tuli el\u00e4kel\u00e4inen.<\/p>\n<p>Sitten &#8221;suuri ja mahtava&#8221; <strong>Neuvostoliitto<\/strong> otti ja romahti omaan mahdottomuuteensa. Jo vuotta ennen valtakunnan surkeaa loppua KGB:n johtajan, <strong>Krusjovi<\/strong>n, puheille olivat tulleet kaikkien nelj\u00e4n hallinnonhaaran johtajat. T\u00e4m\u00e4 oli hyvin poikkeuksellista, -tuskin koskaan aiemmin sattunutta. N\u00e4m\u00e4 nelj\u00e4 ukkoa, -joiden kautta kulkivat p\u00e4\u00e4johtajan kaikki k\u00e4skyt (ei yht\u00e4\u00e4n heid\u00e4n ohitseen), mit\u00e4 Krusjov-ressukka ei tajunnut, seisoivat siis johtajansa edess\u00e4 riviss\u00e4 kokolattiamatolla suomalaisen rakennusliikkeen <strong>Moskovan Varpusvuorille<\/strong> rakentaman hallintopalatsin johtajankerroksessa. Niin mik\u00e4 oli t\u00e4m\u00e4 t\u00e4rke\u00e4 asia?<\/p>\n<blockquote><p>&#8221;Toveri puheenjohtaja!&#8221;, aloitti porukan vanhin. &#8221;Suuri is\u00e4nmaa on menetetty. Meid\u00e4n tulee toimia niin, ett\u00e4 pelastamme <strong>elimet<\/strong> (tiedustelu- ja vakoilu-apparaatin).&#8221;<\/p><\/blockquote>\n<p>Hetki oli historiallinen, sill\u00e4 silloin ratkaistiin Neuvostoliiton kohtalo. -Ja mitattiin onko Krusjovissa miest\u00e4 tai ymm\u00e4rryst\u00e4. Eip\u00e4 niin ollutkaan, ja ressukka putosi historian roskakoriin yhdess\u00e4 kokonaisen suomalaisen poliitikko-sukupolven tunteman ja rakastaman &#8221;<em>Janatuisen<\/em>&#8221;, komsomol-poliitikko <strong>Gennadi<\/strong> <strong>Janajev<\/strong>in kanssa, mutta se on toinen tarina.<\/p>\n<p>Kun nelj\u00e4 KGB-pomoa astuivat ulos p\u00e4\u00e4johtajansa huoneesta, oli yksi tie j\u00e4ljell\u00e4: KGB valitsi puolensa: Neuvostoliitto hyl\u00e4ttiin, -menk\u00f6\u00f6n menojaan. -Ja vakoilu- ja pakotuskoneisto pelastaa vain itsens\u00e4. <em>Nitshevoo, harasoo!<\/em><\/p>\n<p>Kun Janajev kavereineen yritti pys\u00e4ytt\u00e4\u00e4 historian elokuussa 1991, heid\u00e4t hylk\u00e4si armeija, erikoisjoukko-<strong>Alfa<\/strong>, ja joku-muu-mik\u00e4? -KGB!<\/p>\n<p>KGB:ss\u00e4 nosti jo p\u00e4\u00e4t\u00e4\u00e4n &#8217;<em>novaja ekomitsna poliitika<\/em>&#8217;: -Uusi Ven\u00e4j\u00e4 tarjosi rajattomat mahdollisuudet niille, jotka olivat oikeaan aikaan oikeassa paikassa, -ja joilla oli hurttia mielt\u00e4. Uudet iskulauseet tulivat vanhojen tilalle: <em>Biznes, yksityist\u00e4minen<\/em>.<\/p>\n<p>Kas, entisist\u00e4 kommunistibyrokraateista ja vakoilu-operatiiveista kuoriutui pesunkest\u00e4vi\u00e4 kapitalisteja. Er\u00e4s <em>pikku everstikin<\/em> ker\u00e4si arvioilta (todellista ei tied\u00e4 kukaan) jotain 200 000 000 dollarin omaisuuden. <em>Nitshevoo, harasoo!<\/em><\/p>\n<p>Kuten edellisess\u00e4kin j\u00e4rjestelm\u00e4ss\u00e4, <em>hillopurkin<\/em> \u00e4\u00e4ress\u00e4 ilmaantui tungosta. Kas, joillakin oli jo ter\u00e4v\u00e4t kyyn\u00e4rp\u00e4\u00e4t, -edellisen yhteiskuntaj\u00e4rjestelm\u00e4n ajoilta opittuna ja perittyn\u00e4- ja tietty j\u00e4nn\u00e4 <strong><em>verkostoituminen<\/em><\/strong>. Niiden joukkoa alettiin supistamaan, joilla oli p\u00e4\u00e4sy sen p\u00f6yd\u00e4n \u00e4\u00e4reen, jolta rahaa jaettiin. &#8221;<em>\u00c4killisen kuoleman oireyhtym\u00e4&#8221;<\/em> oli tullut takaisin Ven\u00e4j\u00e4lle.<\/p>\n<p>Eik\u00e4 mennyt kauaakaan, kun \u00e4rsytt\u00e4v\u00e4t poliittiset kilpailijat olivat samojen keinojen ulottuvilla, kuin jo manalle menneet, vankiloissa viruvat tai ulkomaille paenneet biznes-kilpailijat. Edell\u00e4 kerroin siit\u00e4 Hrutshovin etc. vannomasta valasta, Berijan viel\u00e4 l\u00e4mpim\u00e4n ruumiin \u00e4\u00e4rell\u00e4. -Se ei en\u00e4\u00e4 ollut sitova.<\/p>\n<p>Pakotus- ja valvontakoneisto, nyt nimelt\u00e4\u00e4n <strong>FSB<\/strong>, jatkoi siit\u00e4, mihin hommat Berijalta j\u00e4iv\u00e4t. <em>9mm Nagan<\/em>-pistoolit vaihtuivat <em>Novichokiin<\/em> ja <em>poloniumiin<\/em>, mutta n\u00e4\u00e4nnytt\u00e4minen siperialaisissa vankisiirtoloissa alkoi uudelleen, ihan entiseen tapaan.<\/p>\n<p><strong>Aleksei Navalny<\/strong> menehtyi perjantaina 16.02. toistaiseksi tuntemattomalla tavalla &#8217;<em>erikoishallinnon siirtokunta IK-3:ssa<\/em>&#8217;, <strong>Kharp<\/strong>in kyl\u00e4ss\u00e4 <strong>Jamalo-Nenetsien autonomisessa piirikunnassa<\/strong>. Rinnastus Stalinin aikakauden <strong>Gulag<\/strong>&#8211;<strong><em>kuolemanleireihin<\/em><\/strong> tulee etsim\u00e4tt\u00e4. -Ja osuu maaliinsa.<\/p>\n<p><em>Novaja Gazeta Evropa<\/em> vieraili piirikunnan <span style=\"font-size: revert; color: initial;\">p\u00e4\u00e4kaupungissa <strong>Salekhard<\/strong>issa, ja kuunteli paikallisia:<\/span><\/p>\n<blockquote><p>&#8221;Salehard ei ole niin iso kaupunki, -v\u00e4h\u00e4n yli 50 tuhatta asukasta&#8221;, Salehardista kotoisin &#8221;<strong><em>Dmitry<\/em><\/strong>&#8221; kertoi lehdelle. &#8221;Siksi t\u00e4\u00e4ll\u00e4 on hyvin vaikeaa pit\u00e4\u00e4 jotain salassa paikallisilta.&#8221; Varsinkin kun on kyse globaalista tapahtumasta, kuten maailmanluokan poliitikon kuolemasta.<\/p><\/blockquote>\n<p>Lehdelle kerrotun mukaan Navalnyn ruumis vietiin vankileirilt\u00e4 ensin <strong>Labytnang<\/strong>iin, mutta helmikuun 16. p\u00e4iv\u00e4n iltana se vietiin Salekhardin piirisairaalaan <strong>Mira<\/strong>-kadulle.<\/p>\n<p>&#8221;<em>Yleens\u00e4 kuolemantapauksissa (vankileirill\u00e4) ruumiit toimitetaan suoraan oikeusl\u00e4\u00e4ketieteen laitokselle <strong>Glazkova<\/strong>-kadulle, mutta jostain syyst\u00e4 (Navalny) vietiin klinikalle, jonka rakennus (kuten krematorio) rakennus sijaitsee 500 metrin et\u00e4isyydell\u00e4 sairaalasta<\/em>&#8221;, kertoi lehdelle Salehardin ambulanssiaseman ty\u00f6ntekij\u00e4. Ty\u00f6ntekij\u00e4n mukaan poliisi ilmaantui paikalle, ja sulki p\u00e4\u00e4syn tiloihin.<\/p>\n<p>Pian ambulanssihenkil\u00f6lle k\u00e4vi selv\u00e4ksi, ett\u00e4 he olivat tuoneet poliitikon ruumiin, mutta kuolema &#8221;<em>ei ollut rikostutkinnan alainen<\/em>&#8221;. Ja sitten levisi tieto, ett\u00e4 paikallisia patologeja(kuolemasyyn tutkijoita) oli kielletty tekem\u00e4st\u00e4 ruumiinavausta. &#8221;<em>Jotkut sanoivat, ett\u00e4 Moskovasta tuli k\u00e4sky odottaa p\u00e4\u00e4kaupungin asiantuntijoita, kun taas toiset v\u00e4ittiv\u00e4t, ett\u00e4 l\u00e4\u00e4k\u00e4rit itse kielt\u00e4ytyiv\u00e4t tekem\u00e4st\u00e4 ruumiinavausta. &#8230; Ja jos teet ruumiinavauksen, ja tulee suora k\u00e4sky muuttaa tulosta, et p\u00e4\u00e4se siit\u00e4 eroon. Ja sitten he voivat tehd\u00e4 sinusta &#8221;\u00e4\u00e4rimm\u00e4isen&#8221;. Ja jos ruumiinavausta ei tehty, ei n\u00e4yt\u00e4 olevan ket\u00e4\u00e4n, jolta kysy\u00e4. Sit\u00e4 paitsi nyt on talvi, ruumiita voi yksinkertaisesti s\u00e4ilytt\u00e4\u00e4 k\u00e4yt\u00e4v\u00e4ll\u00e4 viikkoja.<\/em>&#8221; ( Novaja Gazetan lis\u00e4ys: Salehardissa on nyt miinus 27.).<\/p>\n<p>Lehden ambulanssi-tietol\u00e4hteelle kerrottiin, ett\u00e4 Navalnyn ruumiista l\u00f6ytyi h\u00e4nen elinaikanaan saamiaan mustelmia, jotka eiv\u00e4t ole ly\u00f6ntien j\u00e4lki\u00e4.<\/p>\n<blockquote><p>&#8221;Kokeneena ambulanssity\u00f6ntekij\u00e4n\u00e4 voin sanoa, ett\u00e4 sellaiset vammat, kuten n\u00e4kij\u00e4t ne kuvailivat, ilmenev\u00e4t <strong>kouristuksista<\/strong>&#8221;, sanoo ambulanssin l\u00e4\u00e4k\u00e4ri. \u201dIhminen kouristelee, h\u00e4nt\u00e4 yritet\u00e4\u00e4n hillit\u00e4, mutta kouristukset voivat olla hyvin voimakkaita, joten mustelmia tulee. He sanoivat my\u00f6s, ett\u00e4 h\u00e4nell\u00e4 oli my\u00f6s mustelma rinnassaan. Mutta sellainen, joka ilmenee ep\u00e4suoran <strong>syd\u00e4nhieronnan<\/strong> yhteydess\u00e4.&#8221;<\/p><\/blockquote>\n<p>Ambulanssihenkil\u00f6n kertomus tukee &#8221;virallista&#8221; selityst\u00e4 syd\u00e4npys\u00e4hdyksest\u00e4. &#8221;<em>Mutta miksi t\u00e4m\u00e4 pys\u00e4hdys tapahtui, kukaan ei sano viel\u00e4 mit\u00e4\u00e4n<\/em>&#8221;, t\u00e4smensi todistaja lehdelle.<\/p>\n<h3>Novitshok?<\/h3>\n<p>Navalnyyn k\u00e4ytettiin vuonna 2020 -h\u00e4nen <strong>Siperiaan<\/strong> suuntautuneen matkansa aikana- Novitshok-hermomyrkky\u00e4. H\u00e4n joutui sen takia sairaanhoitoon, ja l\u00e4nsimaisen painostuksen j\u00e4lkeen -mm. presidentti <strong>Sauli Niinist\u00f6n<\/strong> vedottua ven\u00e4l\u00e4iseen kollegaansa- Navalny\u00e4 hoidettiin <strong>Berliiniss\u00e4<\/strong>.<\/p>\n<blockquote><p><em>BBC<\/em>:n julkaisemassa asiantuntijalausunnossa <strong>Mihail Fremderman<\/strong> kuvaili kemiallisessa sodank\u00e4ynniss\u00e4 k\u00e4ytett\u00e4v\u00e4n Novitshokin aiheuttamia oireita: &#8221;T\u00e4llaiset aineet lis\u00e4\u00e4v\u00e4t asetyylikoliinin pitoisuutta kehossa, joka on yksi t\u00e4rkeimmist\u00e4 v\u00e4litt\u00e4jist\u00e4 kehossa. Se puolestaan \u200b\u200balkaa vaikuttaa voimakkaasti lihaksiin, hengitykseen, lihaskuntoon, verenpaineeseen ja syd\u00e4men toimintaan. Sis\u00e4elinten ja hermo-lihasj\u00e4rjestelm\u00e4n toiminnan s\u00e4\u00e4tely h\u00e4iriintyy. Ihminen menett\u00e4\u00e4 tajuntansa, h\u00e4nell\u00e4 voi olla kohtauksia, kouristuksia ja kooma kehittyy nopeasti. Joitakin tyyppej\u00e4 voidaan jopa levitt\u00e4\u00e4 iholle ja ihminen myrkytet\u00e4\u00e4n vakavasti,\u201d<\/p><\/blockquote>\n<p>BBC:n hankkima lausunto mainitsee <em>kouristukset<\/em>, <em>syd\u00e4men h\u00e4iri\u00f6t<\/em> ja <em>tajuttomuuden<\/em>, -kuten vankisiirtolan henkil\u00f6iden alkuper\u00e4inen lausunto kertoo Navalnyn kohdalla. Heid\u00e4n kertomuksensa ei sen sijaan t\u00e4sm\u00e4\u00e4 Navalnyn sairaskohtauksen ajoituksen kohdalla: Vankien ulkoilu tapahtuu rutiinin mukaan aamulla, klo. kuuden ja seitsem\u00e4n v\u00e4lill\u00e4, -ja Navalny olisi kertomuksen mukaan saanut tajuttomuuskohtauksen yhden aikoihin iltap\u00e4iv\u00e4ll\u00e4.<\/p>\n<p>Ven\u00e4j\u00e4st\u00e4 on tullut toisinajattelijoille \u00e4killisen kuolemaan-johtavan oireyhtym\u00e4n maa, journalisteille <em>punaisen h\u00e4m\u00e4r\u00e4n maa<\/em>, -kuten asioita ymm\u00e4rt\u00e4v\u00e4t sit\u00e4 kutsuivatkin, jo viime vuosisadalla. <img loading=\"lazy\" decoding=\"async\" class=\"alignnone size-full wp-image-144\" src=\"https:\/\/www.uutispeili.fi\/wp-content\/uploads\/2023\/11\/di.gold_.gif\" alt=\"\" width=\"11\" height=\"11\" \/><\/p>\n<p>Luettavaa:<\/p>\n<ul>\n<li><a href=\"https:\/\/novayagazeta.eu\/articles\/2024\/02\/18\/istochnik-na-tele-navalnogo-obnaruzheny-siniaki-ot-sudorog\" target=\"_blank\" rel=\"noopener\">Novaja Gazeta Evropa<\/a> 18.02. 2024,<\/li>\n<li><a href=\"https:\/\/raed.academy\/novichok-las-nuevas-armas-quimicas-que-vienen-del-este\/\" target=\"_blank\" rel=\"noopener\">Real Academia Europea de Doctores<\/a>: \u00a025.01 2021&#8243;Mik\u00e4 on novitshok, se tappava ase, jota k\u00e4ytet\u00e4\u00e4n Navalnyin kaltaisia \u200b\u200bven\u00e4l\u00e4isi\u00e4 toisinajattelijoita vastaan?&#8221; Uudet kemialliset aseet id\u00e4st\u00e4,<\/li>\n<\/ul>\n","protected":false},"excerpt":{"rendered":"<p>Ven\u00e4l\u00e4isen oppositiopoliitikon\u00a0 Aleksei Navalnyn menehtymisest\u00e4 &#8221;\u00e4killisen kuoleman oireyhtym\u00e4\u00e4n&#8221; (virallisen selityksen sanamuoto) on annettu niukasti tietoja, -ja nekin osin ristiriitaisia. Ven\u00e4l\u00e4islehti on etsinyt lis\u00e4tietoja paikallisilta. Virallisesti Aleksei Navalnyn kuolinsyyt\u00e4 ei ole todettu, mutta sanonta &#8221;\u00e4killisen kuoleman oireyhtym\u00e4&#8221; on mainittu. Ven\u00e4j\u00e4ll\u00e4 poliittisesti merkitt\u00e4vien henkil\u00f6iden \u00e4kkikuolemat ovat olleet tavallisia vuodesta 1917 alkaen, aina 1950-luvulle, jolloin \u00e4killisesti kuolleen diktaattori [&hellip;]<\/p>\n","protected":false},"author":3,"featured_media":1293,"comment_status":"open","ping_status":"open","sticky":false,"template":"","format":"standard","meta":{"footnotes":""},"categories":[31,18,7],"tags":[],"_links":{"self":[{"href":"https:\/\/www.uutispeili.fi\/index.php\/wp-json\/wp\/v2\/posts\/1292"}],"collection":[{"href":"https:\/\/www.uutispeili.fi\/index.php\/wp-json\/wp\/v2\/posts"}],"about":[{"href":"https:\/\/www.uutispeili.fi\/index.php\/wp-json\/wp\/v2\/types\/post"}],"author":[{"embeddable":true,"href":"https:\/\/www.uutispeili.fi\/index.php\/wp-json\/wp\/v2\/users\/3"}],"replies":[{"embeddable":true,"href":"https:\/\/www.uutispeili.fi\/index.php\/wp-json\/wp\/v2\/comments?post=1292"}],"version-history":[{"count":1,"href":"https:\/\/www.uutispeili.fi\/index.php\/wp-json\/wp\/v2\/posts\/1292\/revisions"}],"predecessor-version":[{"id":1294,"href":"https:\/\/www.uutispeili.fi\/index.php\/wp-json\/wp\/v2\/posts\/1292\/revisions\/1294"}],"wp:featuredmedia":[{"embeddable":true,"href":"https:\/\/www.uutispeili.fi\/index.php\/wp-json\/wp\/v2\/media\/1293"}],"wp:attachment":[{"href":"https:\/\/www.uutispeili.fi\/index.php\/wp-json\/wp\/v2\/media?parent=1292"}],"wp:term":[{"taxonomy":"category","embeddable":true,"href":"https:\/\/www.uutispeili.fi\/index.php\/wp-json\/wp\/v2\/categories?post=1292"},{"taxonomy":"post_tag","embeddable":true,"href":"https:\/\/www.uutispeili.fi\/index.php\/wp-json\/wp\/v2\/tags?post=1292"}],"curies":[{"name":"wp","href":"https:\/\/api.w.org\/{rel}","templated":true}]}}