{"id":1258,"date":"2024-02-14T15:44:58","date_gmt":"2024-02-14T15:44:58","guid":{"rendered":"https:\/\/www.uutispeili.fi\/?p=1258"},"modified":"2024-02-14T15:45:45","modified_gmt":"2024-02-14T15:45:45","slug":"valtamedia-joutuu-nyt-myontamaan-etta-usalla-on-muistisairas-presidentti","status":"publish","type":"post","link":"https:\/\/www.uutispeili.fi\/index.php\/2024\/02\/14\/valtamedia-joutuu-nyt-myontamaan-etta-usalla-on-muistisairas-presidentti\/","title":{"rendered":"Valtamedia joutuu nyt my\u00f6nt\u00e4m\u00e4\u00e4n, ett\u00e4 USA:lla on muistisairas presidentti"},"content":{"rendered":"<p><strong>USA:n oikeusministeri Merrick Garlandin asettaman erikoistutkijan Robert Hurin 345 sivun tutkimusraportti (+Kolme laajaa dokumentaatioliitett\u00e4 ja Bidenin oikeusavustajien kirje Robert Hurille) julkaistiin muutama p\u00e4iv\u00e4 sitten. Raportti tuli siihen johtop\u00e4\u00e4t\u00f6kseen, ett\u00e4 Yhdysvaltain presidentill\u00e4 Joe Bidenilla on niin vakavat kognitiiviset ja muistiin liittyv\u00e4t ongelmat, ett\u00e4 h\u00e4nt\u00e4 ei voida syytt\u00e4\u00e4 siit\u00e4, ett\u00e4 h\u00e4n olisi tietoisesti varastanut salaisia dokumentteja, jotka ovat mm. lojuneet h\u00e4nen kotinsa autotallissa.<\/strong><\/p>\n<p>Raportti ja presidentti <strong>Joe Biden<\/strong>in raportin vuoksi eilen (09.02.) poikkeuksellisesti pit\u00e4m\u00e4 lehdist\u00f6tilaisuus on ollut niin suuri katastrofi, ett\u00e4 monet kommentaattorit ovat p\u00e4\u00e4tyneet ajatukseen, ett\u00e4 Joe Biden ei kykene olemaan ehdokas syksyn presidentin vaaleissa. Kun Bidenin muisti ja ajattelukyky asetettiin kyseenalaisiksi lehdist\u00f6tilaisuudessa, Biden syytti toimittajan, joka otti johtop\u00e4\u00e4t\u00f6kset <strong>Robert Hur<\/strong>in raportista, tekev\u00e4n v\u00e4\u00e4ri\u00e4 johtop\u00e4\u00e4t\u00f6ksi\u00e4 ja kertoi, ett\u00e4 h\u00e4nen muistinsa pelaa loistavasti ja lopulta kertoi Mexikon presidentin nimen olevan Sisi (Egyptin presidentti).<\/p>\n<p>Seuraavassa raportin &#8221;satunnaisn\u00e4yte&#8221; sivuilta 205 ja 206 Joe Bidenin Hurin ja h\u00e4nen avustajien lokakuun 8. ja 9. 2023 tekemist\u00e4 haastatteluista:<\/p>\n<blockquote><p>&#8221;My\u00f6s herra Bidenin muistilla n\u00e4ytti olevan merkitt\u00e4vi\u00e4 rajoituksia, kun h\u00e4n puhui <strong>Zwonitzer<\/strong>in (h\u00e4nen haamukirjoittajansa kirj.) kanssa vuonna 2017, mist\u00e4 on todisteena heid\u00e4n tallennetut keskustelut, ja kuten t\u00e4n\u00e4\u00e4n h\u00e4nen toimistomme kanssa nauhoitettu haastattelu osoittaa. Mr. Bidenin \u00e4\u00e4nitetyt keskustelut Zwonitzerin kanssa vuodesta 2017 ovat usein tuskallisen hitaita herra Bidenin kamppaillessa muistaakseen tapahtumia ja ponnistellessa toisinaan lukeakseen ja v\u00e4litt\u00e4\u00e4kseen omia muistikirjan merkint\u00f6j\u00e4\u00e4n.&#8221;<\/p><\/blockquote>\n<p>&#8221;Haastattelussaan toimistollemme herra Bidenin muisti oli huonompi. H\u00e4n ei muistanut, koska h\u00e4n oli varapresidentti, unohtaen haastattelun ensimm\u00e4isen\u00e4 p\u00e4iv\u00e4n\u00e4, milloin h\u00e4nen toimikautensa p\u00e4\u00e4ttyi (&#8221;jos se oli 2013 &#8211; milloin lakkasin olemasta varapresidentti?&#8221;), ja unohtaen haastattelun toisena p\u00e4iv\u00e4n\u00e4, milloin h\u00e4nen toimikautensa alkoi (&#8221;vuonna 2009, olenko min\u00e4 edelleen varapresidentti?&#8221;). H\u00e4n ei muistanut, edes useiden vuosien tarkkuudella, milloin h\u00e4nen poikansa Beau kuoli. Ja h\u00e4nen muistinsa vaikutti sumealta, kun h\u00e4n kuvaili h\u00e4nelle <strong>Afganistan<\/strong>-keskustelua, joka oli h\u00e4nelle kerran niin t\u00e4rke\u00e4. Muun muassa h\u00e4n sanoi virheellisesti h\u00e4nell\u00e4 oli &#8221;<em>todellinen erimielisyys<\/em>&#8221; kenraali <strong>Karl Eikenberry<\/strong>n kanssa, vaikka itse asiassa Eikenberry oli h\u00e4nen liittolainen, josta herra Biden mainitsi hyv\u00e4ksyv\u00e4sti kiitosp\u00e4iv\u00e4muistiossaan presidentti <strong>Obamalle<\/strong>.&#8221;<\/p>\n<p>Kukin voi itse tyk\u00f6n\u00e4\u00e4n p\u00e4\u00e4tell\u00e4, miss\u00e4 USA:ssa menn\u00e4\u00e4n. USA:ssa monet eiv\u00e4t voi uskoa nyt, ett\u00e4 Joe Bidenilla on hallussaan ydinasekoodit. Biden oli niin suuttunut raportista ja USA:n historian eniten pieleen menneest\u00e4 presidentin lehdist\u00f6tilaisuudesta, ett\u00e4 h\u00e4nen kerrotaan harkitsevan nyt oikeusministeri <strong>Merrick Garland<\/strong>in erottamista. Garlandhan on viime k\u00e4dess\u00e4 vastuussa Hurin raportista.<\/p>\n<p><em>Yleisradiokin<\/em> joutui tekem\u00e4\u00e4n Hurin &#8221;lausunnosta&#8221; (ei siis satojen sivujen raportti) paljastavan uutisen. Hurin raportista on laajasti kerrottu USA:n vaihtoehtomedioissa ja jopa valtamedian piiriss\u00e4 vastahakoisesti ollaan alistumassa siihen, ett\u00e4 USA:lla on muistisairas presidentti.<\/p>\n<p><em>CNN<\/em>:n <strong>Jake Tapper<\/strong>kin kyll\u00e4styi kuuntelemaan viel\u00e4 Bidenia tukevia valehtelevia kollegoitaan, jotka ovat vedonneet siihen, ett\u00e4 nyt pit\u00e4\u00e4 kuunnella tallennetut Hurin ja h\u00e4nen tutkijoiden tekem\u00e4t Bidenin haastattelut ennen lopullisia johtop\u00e4\u00e4t\u00f6ksi\u00e4. Tapper totesi, ett\u00e4 kuunnellaan vaan, mutta niit\u00e4 ei kuunnella, koska niist\u00e4 paljastuisi kammottava todellisuus kaikessa alastomuudessaan.<\/p>\n<p>Englantia taitavat voivat avata Hurin raportin ja tarkastella Bidenin mielenmaisemaa itse.<\/p>\n<p>Viitteet<\/p>\n<ul>\n<li><a href=\"https:\/\/www.justice.gov\/storage\/report-from-special-counsel-robert-k-hur-february-2024.pdf\" target=\"_blank\" rel=\"noopener\">https:\/\/www.justice.gov\/storage\/report-from-special-counsel-robert-k-hur-february-2024.pdf<\/a>,<\/li>\n<li><a href=\"https:\/\/yle.fi\/a\/74-20073785\" target=\"_blank\" rel=\"noopener\">Erikoistutkija: Bideni\u00e4 ei aseteta syytteeseen, koska h\u00e4n on \u201dhuonomuistinen vanhus\u201d \u2013 Biden hermostui, mutta nimisekoilut jatkuvat | Ulkomaat | Yle<\/a>,<\/li>\n<\/ul>\n","protected":false},"excerpt":{"rendered":"<p>USA:n oikeusministeri Merrick Garlandin asettaman erikoistutkijan Robert Hurin 345 sivun tutkimusraportti (+Kolme laajaa dokumentaatioliitett\u00e4 ja Bidenin oikeusavustajien kirje Robert Hurille) julkaistiin muutama p\u00e4iv\u00e4 sitten. Raportti tuli siihen johtop\u00e4\u00e4t\u00f6kseen, ett\u00e4 Yhdysvaltain presidentill\u00e4 Joe Bidenilla on niin vakavat kognitiiviset ja muistiin liittyv\u00e4t ongelmat, ett\u00e4 h\u00e4nt\u00e4 ei voida syytt\u00e4\u00e4 siit\u00e4, ett\u00e4 h\u00e4n olisi tietoisesti varastanut salaisia dokumentteja, jotka [&hellip;]<\/p>\n","protected":false},"author":6,"featured_media":1259,"comment_status":"open","ping_status":"open","sticky":false,"template":"","format":"standard","meta":{"footnotes":""},"categories":[31,7],"tags":[],"_links":{"self":[{"href":"https:\/\/www.uutispeili.fi\/index.php\/wp-json\/wp\/v2\/posts\/1258"}],"collection":[{"href":"https:\/\/www.uutispeili.fi\/index.php\/wp-json\/wp\/v2\/posts"}],"about":[{"href":"https:\/\/www.uutispeili.fi\/index.php\/wp-json\/wp\/v2\/types\/post"}],"author":[{"embeddable":true,"href":"https:\/\/www.uutispeili.fi\/index.php\/wp-json\/wp\/v2\/users\/6"}],"replies":[{"embeddable":true,"href":"https:\/\/www.uutispeili.fi\/index.php\/wp-json\/wp\/v2\/comments?post=1258"}],"version-history":[{"count":1,"href":"https:\/\/www.uutispeili.fi\/index.php\/wp-json\/wp\/v2\/posts\/1258\/revisions"}],"predecessor-version":[{"id":1260,"href":"https:\/\/www.uutispeili.fi\/index.php\/wp-json\/wp\/v2\/posts\/1258\/revisions\/1260"}],"wp:featuredmedia":[{"embeddable":true,"href":"https:\/\/www.uutispeili.fi\/index.php\/wp-json\/wp\/v2\/media\/1259"}],"wp:attachment":[{"href":"https:\/\/www.uutispeili.fi\/index.php\/wp-json\/wp\/v2\/media?parent=1258"}],"wp:term":[{"taxonomy":"category","embeddable":true,"href":"https:\/\/www.uutispeili.fi\/index.php\/wp-json\/wp\/v2\/categories?post=1258"},{"taxonomy":"post_tag","embeddable":true,"href":"https:\/\/www.uutispeili.fi\/index.php\/wp-json\/wp\/v2\/tags?post=1258"}],"curies":[{"name":"wp","href":"https:\/\/api.w.org\/{rel}","templated":true}]}}