{"id":12364,"date":"2026-04-30T21:37:53","date_gmt":"2026-04-30T18:37:53","guid":{"rendered":"https:\/\/www.uutispeili.fi\/?p=12364"},"modified":"2026-04-30T21:37:54","modified_gmt":"2026-04-30T18:37:54","slug":"eduskunnan-puhemies-jussi-halla-aho-osallistuu-eu-parlamenttien-puhemiesten-konferenssiin-koopenhaminassa","status":"publish","type":"post","link":"https:\/\/www.uutispeili.fi\/index.php\/2026\/04\/30\/eduskunnan-puhemies-jussi-halla-aho-osallistuu-eu-parlamenttien-puhemiesten-konferenssiin-koopenhaminassa\/","title":{"rendered":"Eduskunnan puhemies Jussi Halla-aho osallistuu EU-parlamenttien puhemiesten konferenssiin K\u00f6\u00f6penhaminassa"},"content":{"rendered":"<p><strong>Eduskunnan puhemies Jussi Halla-aho osallistuu EU-parlamenttien puhemiesten konferenssiin (EUSC) K\u00f6\u00f6penhaminassa, Tanskassa (03.\u201305.05.2026. Konferenssissa k\u00e4sitell\u00e4\u00e4n Euroopan turvallisuutta ja EU:n laajentumista, demokraattista kriisinkest\u00e4vyytt\u00e4 sek\u00e4 parlamenttien toimintakyky\u00e4 hybridiuhkien oloissa.<\/strong><\/p>\n<p>(Arkistokuva, kuval\u00e4hde: Eduskunta.)<\/p>\n<p class=\"v1Leipis\"><strong>EU-parlamenttien<\/strong> puhemiesten konferenssi (EUSC) j\u00e4rjestet\u00e4\u00e4n <strong>K\u00f6\u00f6penhaminassa<\/strong> 3.\u20135. toukokuuta, ja sit\u00e4 is\u00e4nn\u00f6i <strong>Tanskan<\/strong> parlamentti <strong>Folketing<\/strong>. Suomea puhemieskonferenssissa edustaa eduskunnan puhemies <strong>Jussi Halla-aho<\/strong>. Konferenssi kokoaa yhteen EU:n kansallisten parlamenttien ja Euroopan parlamentin puhemiehi\u00e4 sek\u00e4 edustajia my\u00f6s ehdokas- ja kumppanimaista.<\/p>\n<p>Konferenssin ensimm\u00e4isess\u00e4 istunnossa tarkastellaan Eurooppaa muuttuvassa maailmanj\u00e4rjestyksess\u00e4: turvallisuutta, EU:n laajentumista ja parlamenttien roolia.<\/p>\n<p class=\"v1Leipis\">\nToisessa istunnossa keskustellaan siit\u00e4, miten parlamentit voivat vahvistaa demokraattista kriisinkest\u00e4vyytt\u00e4 esimerkiksi <strong><em>misinformaation, teknologisen murroksen<\/em><\/strong> ja <em><strong>heikkenev\u00e4n<\/strong> <strong>instituutioluottamuksen<\/strong><\/em> aikana.<\/p>\n<p class=\"v1Leipis\">\nKolmannessa istunnossa painopiste on parlamenttien toiminnan jatkuvuudessa ja turvallisuudessa tilanteissa, joissa <strong><em>hybridiuhat<\/em><\/strong> voivat h\u00e4irit\u00e4 demokraattisten instituutioiden toimintaa.<\/p>\n<h2 class=\"v1Leipis\">\n<span class=\"v1Otsikko2Char\">Ven\u00e4j\u00e4 hyv\u00e4ksik\u00e4ytt\u00e4\u00e4 lains\u00e4\u00e4d\u00e4nn\u00f6n aukkoja<\/span><\/h2>\n<p class=\"v1Leipis\">Puhemies Halla-aho kiinnitt\u00e4\u00e4 konferenssin alla huomiota erityisesti hybridivaikuttamisen torjumiseen ja siihen, ett\u00e4 lains\u00e4\u00e4d\u00e4nt\u00f6\u00e4 olisi uudistettava vastaamaan t\u00e4m\u00e4n ajan haasteisiin.<\/p>\n<blockquote>\n<p class=\"v1Leipis\">&#8221;Ven\u00e4j\u00e4 k\u00e4ytt\u00e4\u00e4 hyv\u00e4kseen sinisilm\u00e4isyytt\u00e4 ja lains\u00e4\u00e4d\u00e4nn\u00f6n aukkoja. Esimerkkein\u00e4 Suomen tekemist\u00e4 tarpeellisista uudistuksista voidaan mainita rajaturvallisuuslaki, maahanmuuttos\u00e4\u00e4d\u00f6sten yleinen kirist\u00e4minen sek\u00e4 rajoitukset kolmansien maiden kansalaisten oikeuteen hankkia Suomesta maata ja kiinteist\u00f6j\u00e4&#8221;, puhemies Halla-aho sanoo.<\/p>\n<\/blockquote>\n<p class=\"v1Leipis\">&#8221;<em>V\u00e4hint\u00e4\u00e4n yht\u00e4 t\u00e4rke\u00e4\u00e4 kuitenkin on, ett\u00e4 emme ylireagoi. Olemme puolustamassa vapautta ja demokratiaa, eik\u00e4 meid\u00e4n pid\u00e4 turvautua keinoihin, joilla nakerramme juuri n\u00e4it\u00e4 arvoja. Kansalaisten vapautta ilmaista mielipiteit\u00e4\u00e4n ja k\u00e4yd\u00e4 kriittist\u00e4 keskustelua esimerkiksi sosiaalisessa mediassa ei tule rajoittaa, eik\u00e4 poliittisia vastustajia tai erilaisia mielipiteit\u00e4 saa leimata hybridivaikuttamiseks<\/em>i&#8221;, puhemies jatkaa.<\/p>\n<p>Puhemiehen mukaan on t\u00e4rke\u00e4\u00e4 muistaa, ett\u00e4 Ven\u00e4j\u00e4 ja muut vihamieliset toimijat eiv\u00e4t synnyt\u00e4 vastakkainasetteluja l\u00e4nsimaisiin yhteiskuntiin vaan k\u00e4ytt\u00e4v\u00e4t hyv\u00e4kseen olemassa olevaa polarisaatiota, tyytym\u00e4tt\u00f6myytt\u00e4 ja ep\u00e4oikeudenmukaisuuden tunteita.<\/p>\n<blockquote>\n<p class=\"v1Leipis\">&#8221;P\u00e4\u00e4tt\u00e4jill\u00e4, viranomaisilla ja medialla on suuri vastuu siit\u00e4, ett\u00e4 n\u00e4iden tunteiden juurisyyt tunnistetaan ja niit\u00e4 pyrit\u00e4\u00e4n korjaamaan&#8221;, puhemies Halla-aho toteaa.<\/p>\n<\/blockquote>\n<p class=\"v1Leipis\"><span class=\"v1Otsikko2Char\">Konferenssi kokoaa yhteen EU-parlamenttien puhemiehet vuosittain<\/span><\/p>\n<p>EU-parlamenttien puhemiesten konferenssi j\u00e4rjestet\u00e4\u00e4n vuosittain. Konferenssin is\u00e4nt\u00e4n\u00e4 toimii sen maan parlamentti, jolla oli EU:n neuvoston puheenjohtajuus edellisen vuoden syksyll\u00e4 eli t\u00e4n\u00e4 vuonna konferenssia is\u00e4nn\u00f6i syksyn 2025 EU-puheenjohtajamaa Tanska.<\/p>\n<p class=\"v1Leipis\">Konferenssin tavoitteena on vahvistaa parlamenttien v\u00e4list\u00e4 yhteisty\u00f6t\u00e4 ja tukea EU-asioita koskevaa vuoropuhelua kansallisten parlamenttien sek\u00e4 Euroopan parlamentin puhemiesten kesken.<\/p>\n<p class=\"v1Leipis\">Luettavaa:<\/p>\n<ul>\n<li class=\"v1Leipis\"><a href=\"https:\/\/ipex.eu\/IPEXL-WEB\/conferences\/eu_speakers\/about\" target=\"_blank\" rel=\"noopener noreferrer\">Lis\u00e4tietoa konferenssin periaatteista ja historiasta<\/a><\/li>\n<li class=\"v1Leipis\"><a href=\"https:\/\/www.ft.dk\/da\/aktuelt\/nyheder\/2026\/04\/folketinget-samler-europas-parlamentsformaend-i-koebenhavn\" target=\"_blank\" rel=\"noopener noreferrer\">Folketinget samler Europas parlamentsform\u00e6nd i K\u00f8benhavn<\/a><\/li>\n<\/ul>\n","protected":false},"excerpt":{"rendered":"<p>Eduskunnan puhemies Jussi Halla-aho osallistuu EU-parlamenttien puhemiesten konferenssiin (EUSC) K\u00f6\u00f6penhaminassa, Tanskassa (03.\u201305.05.2026. Konferenssissa k\u00e4sitell\u00e4\u00e4n Euroopan turvallisuutta ja EU:n laajentumista, demokraattista kriisinkest\u00e4vyytt\u00e4 sek\u00e4 parlamenttien toimintakyky\u00e4 hybridiuhkien oloissa. (Arkistokuva, kuval\u00e4hde: Eduskunta.) EU-parlamenttien puhemiesten konferenssi (EUSC) j\u00e4rjestet\u00e4\u00e4n K\u00f6\u00f6penhaminassa 3.\u20135. toukokuuta, ja sit\u00e4 is\u00e4nn\u00f6i Tanskan parlamentti Folketing. Suomea puhemieskonferenssissa edustaa eduskunnan puhemies Jussi Halla-aho. Konferenssi kokoaa yhteen EU:n kansallisten [&hellip;]<\/p>\n","protected":false},"author":3,"featured_media":1841,"comment_status":"open","ping_status":"open","sticky":false,"template":"","format":"standard","meta":{"footnotes":""},"categories":[49,51],"tags":[],"_links":{"self":[{"href":"https:\/\/www.uutispeili.fi\/index.php\/wp-json\/wp\/v2\/posts\/12364"}],"collection":[{"href":"https:\/\/www.uutispeili.fi\/index.php\/wp-json\/wp\/v2\/posts"}],"about":[{"href":"https:\/\/www.uutispeili.fi\/index.php\/wp-json\/wp\/v2\/types\/post"}],"author":[{"embeddable":true,"href":"https:\/\/www.uutispeili.fi\/index.php\/wp-json\/wp\/v2\/users\/3"}],"replies":[{"embeddable":true,"href":"https:\/\/www.uutispeili.fi\/index.php\/wp-json\/wp\/v2\/comments?post=12364"}],"version-history":[{"count":1,"href":"https:\/\/www.uutispeili.fi\/index.php\/wp-json\/wp\/v2\/posts\/12364\/revisions"}],"predecessor-version":[{"id":12365,"href":"https:\/\/www.uutispeili.fi\/index.php\/wp-json\/wp\/v2\/posts\/12364\/revisions\/12365"}],"wp:featuredmedia":[{"embeddable":true,"href":"https:\/\/www.uutispeili.fi\/index.php\/wp-json\/wp\/v2\/media\/1841"}],"wp:attachment":[{"href":"https:\/\/www.uutispeili.fi\/index.php\/wp-json\/wp\/v2\/media?parent=12364"}],"wp:term":[{"taxonomy":"category","embeddable":true,"href":"https:\/\/www.uutispeili.fi\/index.php\/wp-json\/wp\/v2\/categories?post=12364"},{"taxonomy":"post_tag","embeddable":true,"href":"https:\/\/www.uutispeili.fi\/index.php\/wp-json\/wp\/v2\/tags?post=12364"}],"curies":[{"name":"wp","href":"https:\/\/api.w.org\/{rel}","templated":true}]}}