{"id":12355,"date":"2026-04-30T00:16:34","date_gmt":"2026-04-29T21:16:34","guid":{"rendered":"https:\/\/www.uutispeili.fi\/?p=12355"},"modified":"2026-04-30T00:16:35","modified_gmt":"2026-04-29T21:16:35","slug":"israel-lupaa-laajentaa-sotatoimiaan-libanonissa","status":"publish","type":"post","link":"https:\/\/www.uutispeili.fi\/index.php\/2026\/04\/30\/israel-lupaa-laajentaa-sotatoimiaan-libanonissa\/","title":{"rendered":"Israel lupaa laajentaa sotatoimiaan Libanonissa"},"content":{"rendered":"<p><strong>Israelin sotatoimet Libanonin alueella eiv\u00e4t ehk\u00e4 rajoitu jo asukkaista tyhjentyv\u00e4lle alueelle ns. &#8217;<em>keltaisen viivan<\/em>&#8217; etel\u00e4puolelle.<\/strong><\/p>\n<p>(Kuvakoosteessa Israelin puolustusministeri Jisrael Katz ja Libanonin tuhoja 27. huhtikuuta 2026.)<\/p>\n<p><strong>Israel<\/strong> on <em><strong>Persianlahden sodan<\/strong><\/em> aikana laajentanut kontrolloimaansa aluetta etel\u00e4isess\u00e4 <strong>Libanon<\/strong>issa, ja tyhjent\u00e4nyt aluetta sen asukkaista mm. toistetuilla kehotuksilla siirty\u00e4 Israelin turvalliseksi ilmoittamalleen alueelle, ms. <em>keltaisen viivan<\/em> pohjoispuolelle.<\/p>\n<p>Asutus ja infra ovat k\u00e4rsineet sotilaallisista toimista, eik\u00e4 asukkaiden paluu alueelle tule olemaan helppoa. Israelin terroristij\u00e4rjest\u00f6n\u00e4 pit\u00e4m\u00e4 shia-islamistinen <strong>Hezbollah<\/strong> on -paitsi Libanonin hallituksesta riippumaton &#8217;yksityisarmeija&#8217;, my\u00f6s maan monimutkaisen ja ep\u00e4vakaan poliittisen valta-tasapainon osa.<\/p>\n<p><strong>Trump<\/strong>in ja <strong>Netanyahu<\/strong>n aloittaessa Iranin-kampanjansa 28. helmikuuta Hezbollah ilmoitti, ettei se -vastoin mahdollisia sitoumuksiaan- iske Israelia vastaan, -Tarkoittaen sen tyyppisi\u00e4 iskuja, joita Iraniin tehtiin kes\u00e4kuussa 2025.<\/p>\n<blockquote><p>Sota Etel\u00e4-Libanonissa lienee kuulunut johonkin suunnitelmaan, ja Israel aloitti hy\u00f6kk\u00e4yksen rajan yli, ja mm. p\u00e4\u00e4kaupungin <strong>Beiruti<\/strong>n pommitukset.<\/p><\/blockquote>\n<p>Israelin armeijan komentaja kenraaliluutnantti <strong>Eyal Zamir<\/strong> vannoi &#8217;iskev\u00e4ns\u00e4 Hizbollahin kohteisiin Libanonin <strong>Litani<\/strong>-joen pohjoispuolella ja niin kutsutun &#8221;keltaisen linjan&#8221; takana vieraillessaan Etel\u00e4-Libanonissa keskiviikkona (29.04.), kertoo lehti.<\/p>\n<blockquote><p>&#8221;Kaikki uhkat, miss\u00e4 tahansa, yhteis\u00f6j\u00e4mme tai joukkojamme vastaan \u200b\u200b- mukaan lukien keltaisen linjan takana ja Litani-joen pohjoispuolella &#8211; poistetaan&#8221;, Zamir sanoi armeijan lausunnossa, joka annettiin h\u00e4nen vierailtuaan Israelin \u00e4skett\u00e4in perustetulla turvallisuusvy\u00f6hykkeell\u00e4 Etel\u00e4-Libanonissa sijaitsevien joukkojen luona.<\/p><\/blockquote>\n<p>Israelin aiemmin julistama &#8217;turvallisuusvy\u00f6hyke&#8217; siis rajoittui Litaniin, k\u00e4sitt\u00e4en sen etel\u00e4puolisen alueen. Israel mainitsi ensimm\u00e4isen kerran &#8221;<em>keltaisen linjan<\/em>&#8221; olemassaolon Etel\u00e4-Libanonissa 18. huhtikuuta.<\/p>\n<p>Kenraali Zamirin mukaan Israelin armeija on &#8217;<em>saavuttanut Libanonissa hallituksen asettamat tavoitteet, ja sen on ehk\u00e4 tulevaisuudessa pidett\u00e4v\u00e4 hallussaan joitakin asemistaan \u200b\u200bmaassa<\/em>&#8217;.<\/p>\n<blockquote><p>\u201dLibanonissa poliittisen johdon meille antama teht\u00e4v\u00e4 on pit\u00e4\u00e4 kiinni linjasta, joka est\u00e4\u00e4 suoran tulen yhteis\u00f6ihin. Olemme saavuttaneet t\u00e4m\u00e4n&#8230; On mahdollista, ett\u00e4 meid\u00e4n on pysytt\u00e4v\u00e4 sill\u00e4 linjalla\u201d, Zamir sanoi.<\/p><\/blockquote>\n<p>Israel ja Libanon neuvottelevat par&#8217;aikaa <strong>Yhdysvaltojen<\/strong> v\u00e4lityksell\u00e4 <strong>Iranin<\/strong> tukeman Hizbollahin aseistariisumiseksi, ja voimassa on jonkinlainen aselepo.<\/p>\n<p>Libanonin presidentti <strong>Joseph Aoun<\/strong> vaati keskiviikkona (29.04.), ett\u00e4 Israelin on &#8217;<em>pantava t\u00e4ysim\u00e4\u00e4r\u00e4isesti t\u00e4yt\u00e4nt\u00f6\u00f6n maiden v\u00e4linen tulitauko ennen suorien neuvottelujen aloittamista<\/em>&#8217;.<\/p>\n<p>\u201d<em>Israelin hy\u00f6kk\u00e4ykset eiv\u00e4t voi jatkua nykyisell\u00e4\u00e4n<\/em>\u201d, Aoun sanoi Libanonin presidentinviraston jakamassa lausunnossa.<\/p>\n<blockquote><p>\u201dOdotamme nyt, ett\u00e4 Yhdysvallat asettaa p\u00e4iv\u00e4m\u00e4\u00e4r\u00e4n suorien neuvottelujen aloittamiselle\u201d Israelin kanssa, h\u00e4n lis\u00e4si.<\/p><\/blockquote>\n<p>Israel ilmoitti tehneens\u00e4 keskiviikkona Etel\u00e4-Libanonissa \u201d<em>noin 20 iskua Hizbollahin k\u00e4ytt\u00e4miin komentokeskuksiin ja sotilasrakenteeseen<\/em>\u201d.\u00a0<img loading=\"lazy\" decoding=\"async\" class=\"alignnone size-full wp-image-144\" src=\"https:\/\/www.uutispeili.fi\/wp-content\/uploads\/2023\/11\/di.gold_.gif\" alt=\"\" width=\"11\" height=\"11\" \/><\/p>\n<p><a href=\"https:\/\/x.com\/sahouraxo\/status\/2048739271612223743\"><img loading=\"lazy\" decoding=\"async\" class=\"aligncenter wp-image-12358 size-full\" src=\"https:\/\/www.uutispeili.fi\/wp-content\/uploads\/2026\/04\/lebanon2704-sarahx.png\" alt=\"\" width=\"585\" height=\"576\" srcset=\"https:\/\/www.uutispeili.fi\/wp-content\/uploads\/2026\/04\/lebanon2704-sarahx.png 585w, https:\/\/www.uutispeili.fi\/wp-content\/uploads\/2026\/04\/lebanon2704-sarahx-300x295.png 300w\" sizes=\"(max-width: 585px) 100vw, 585px\" \/><\/a><\/p>\n<ul>\n<li><a href=\"https:\/\/x.com\/sahouraxo\/status\/2048739271612223743\" target=\"_blank\" rel=\"noopener\">https:\/\/x.com\/sahouraxo\/status\/2048739271612223743<\/a> (Video, avautuu uuteen v\u00e4lilehteen),<\/li>\n<\/ul>\n<p>Luettavaa:<\/p>\n<ul>\n<li><a href=\"https:\/\/english.alarabiya.net\/News\/middle-east\/2026\/04\/29\/israel-military-chief-visits-south-lebanon-vows-strikes-beyond-yellow-line-\" target=\"_blank\" rel=\"noopener\"><strong>al-Arabiya<\/strong><\/a> 29.04. 2026,<\/li>\n<\/ul>\n<p>Video: <strong>The Times\u00a0 of India<\/strong> 27.04. 2026:<br \/>\n<iframe loading=\"lazy\" title=\"Hezbollah's 'Karbala-Like War\u2019 Threat To Netanyahu As Israel Pounds Southern Lebanon Amid Truce\" src=\"https:\/\/www.youtube.com\/embed\/4JU9Hk4CdKY\" width=\"859\" height=\"285\" frameborder=\"0\" allowfullscreen=\"allowfullscreen\"><\/iframe><\/p>\n<h2>Muita uutisia:<\/h2>\n<p>20.04. 2026:<\/p>\n<blockquote class=\"wp-embedded-content\" data-secret=\"jvnB0noq2B\"><p><a href=\"https:\/\/www.uutispeili.fi\/index.php\/2026\/04\/20\/israelilaissotilas-vandalisoi-jeesus-patsaan-libanonissa-video\/\">Israelilaissotilas vandalisoi Jeesus-patsaan Libanonissa (VIDEO)<\/a><\/p><\/blockquote>\n<p><iframe class=\"wp-embedded-content\" sandbox=\"allow-scripts\" security=\"restricted\" style=\"position: absolute; clip: rect(1px, 1px, 1px, 1px);\" title=\"&#8221;Israelilaissotilas vandalisoi Jeesus-patsaan Libanonissa (VIDEO)&#8221; &#8212; \" src=\"https:\/\/www.uutispeili.fi\/index.php\/2026\/04\/20\/israelilaissotilas-vandalisoi-jeesus-patsaan-libanonissa-video\/embed\/#?secret=kMRgZjDyjr#?secret=jvnB0noq2B\" data-secret=\"jvnB0noq2B\" width=\"600\" height=\"338\" frameborder=\"0\" marginwidth=\"0\" marginheight=\"0\" scrolling=\"no\"><\/iframe><\/p>\n<p>08.04. 2026:<\/p>\n<blockquote class=\"wp-embedded-content\" data-secret=\"kZIYGq4dJS\"><p><a href=\"https:\/\/www.uutispeili.fi\/index.php\/2026\/04\/08\/israel-jatkaa-hyokkaystaan-libanonissa\/\">Israel jatkaa hy\u00f6kk\u00e4yst\u00e4\u00e4n Libanonissa<\/a><\/p><\/blockquote>\n<p><iframe class=\"wp-embedded-content\" sandbox=\"allow-scripts\" security=\"restricted\" style=\"position: absolute; clip: rect(1px, 1px, 1px, 1px);\" title=\"&#8221;Israel jatkaa hy\u00f6kk\u00e4yst\u00e4\u00e4n Libanonissa&#8221; &#8212; \" src=\"https:\/\/www.uutispeili.fi\/index.php\/2026\/04\/08\/israel-jatkaa-hyokkaystaan-libanonissa\/embed\/#?secret=vTANK0bmeA#?secret=kZIYGq4dJS\" data-secret=\"kZIYGq4dJS\" width=\"600\" height=\"338\" frameborder=\"0\" marginwidth=\"0\" marginheight=\"0\" scrolling=\"no\"><\/iframe><\/p>\n<p>11.11. <strong>2025<\/strong>:<\/p>\n<blockquote class=\"wp-embedded-content\" data-secret=\"CL8qRyAi9p\"><p><a href=\"https:\/\/www.uutispeili.fi\/index.php\/2023\/12\/11\/israelin-ja-hezbollahin-sopu-mahdollinen\/\">Israelin ja Hezbollahin sopu mahdollinen<\/a><\/p><\/blockquote>\n<p><iframe class=\"wp-embedded-content\" sandbox=\"allow-scripts\" security=\"restricted\" style=\"position: absolute; clip: rect(1px, 1px, 1px, 1px);\" title=\"&#8221;Israelin ja Hezbollahin sopu mahdollinen&#8221; &#8212; \" src=\"https:\/\/www.uutispeili.fi\/index.php\/2023\/12\/11\/israelin-ja-hezbollahin-sopu-mahdollinen\/embed\/#?secret=UchwcUF4b6#?secret=CL8qRyAi9p\" data-secret=\"CL8qRyAi9p\" width=\"600\" height=\"338\" frameborder=\"0\" marginwidth=\"0\" marginheight=\"0\" scrolling=\"no\"><\/iframe><\/p>\n<p>17.11. <strong>2025<\/strong>:<\/p>\n<blockquote class=\"wp-embedded-content\" data-secret=\"CT2oSV4gHV\"><p><a href=\"https:\/\/www.uutispeili.fi\/index.php\/2025\/12\/17\/yhdysvallat-ei-salli-liittaa-mitaan-aluetta-lansirannasta-israeliin-mita-se-tarkoittaa\/\">Yhdysvallat ei salli &#8221;liitt\u00e4\u00e4 mit\u00e4\u00e4n aluetta &#8217;L\u00e4nsirannasta&#8217; Israeliin, -mit\u00e4 se tarkoittaa?<\/a><\/p><\/blockquote>\n<p><iframe class=\"wp-embedded-content\" sandbox=\"allow-scripts\" security=\"restricted\" style=\"position: absolute; clip: rect(1px, 1px, 1px, 1px);\" title=\"&#8221;Yhdysvallat ei salli &#8221;liitt\u00e4\u00e4 mit\u00e4\u00e4n aluetta &#8217;L\u00e4nsirannasta&#8217; Israeliin, -mit\u00e4 se tarkoittaa?&#8221; &#8212; \" src=\"https:\/\/www.uutispeili.fi\/index.php\/2025\/12\/17\/yhdysvallat-ei-salli-liittaa-mitaan-aluetta-lansirannasta-israeliin-mita-se-tarkoittaa\/embed\/#?secret=QAZ4gC745w#?secret=CT2oSV4gHV\" data-secret=\"CT2oSV4gHV\" width=\"600\" height=\"338\" frameborder=\"0\" marginwidth=\"0\" marginheight=\"0\" scrolling=\"no\"><\/iframe><\/p>\n<p>30.11. <strong>2024<\/strong>:<\/p>\n<blockquote class=\"wp-embedded-content\" data-secret=\"BbfKgl3rmr\"><p><a href=\"https:\/\/www.uutispeili.fi\/index.php\/2024\/10\/30\/hamasin-uusi-johtaja-vahvistaa-aselepo-israelin-kanssa-mahdollinen\/\">Hezbollahin uusi johtaja vahvistaa: Aselepo Israelin kanssa mahdollinen<\/a><\/p><\/blockquote>\n<p><iframe class=\"wp-embedded-content\" sandbox=\"allow-scripts\" security=\"restricted\" style=\"position: absolute; clip: rect(1px, 1px, 1px, 1px);\" title=\"&#8221;Hezbollahin uusi johtaja vahvistaa: Aselepo Israelin kanssa mahdollinen&#8221; &#8212; \" src=\"https:\/\/www.uutispeili.fi\/index.php\/2024\/10\/30\/hamasin-uusi-johtaja-vahvistaa-aselepo-israelin-kanssa-mahdollinen\/embed\/#?secret=EMUOFVnkQs#?secret=BbfKgl3rmr\" data-secret=\"BbfKgl3rmr\" width=\"600\" height=\"338\" frameborder=\"0\" marginwidth=\"0\" marginheight=\"0\" scrolling=\"no\"><\/iframe><\/p>\n","protected":false},"excerpt":{"rendered":"<p>Israelin sotatoimet Libanonin alueella eiv\u00e4t ehk\u00e4 rajoitu jo asukkaista tyhjentyv\u00e4lle alueelle ns. &#8217;keltaisen viivan&#8217; etel\u00e4puolelle. (Kuvakoosteessa Israelin puolustusministeri Jisrael Katz ja Libanonin tuhoja 27. huhtikuuta 2026.) Israel on Persianlahden sodan aikana laajentanut kontrolloimaansa aluetta etel\u00e4isess\u00e4 Libanonissa, ja tyhjent\u00e4nyt aluetta sen asukkaista mm. toistetuilla kehotuksilla siirty\u00e4 Israelin turvalliseksi ilmoittamalleen alueelle, ms. keltaisen viivan pohjoispuolelle. Asutus ja [&hellip;]<\/p>\n","protected":false},"author":3,"featured_media":12359,"comment_status":"open","ping_status":"open","sticky":false,"template":"","format":"standard","meta":{"footnotes":""},"categories":[151,254,71],"tags":[],"_links":{"self":[{"href":"https:\/\/www.uutispeili.fi\/index.php\/wp-json\/wp\/v2\/posts\/12355"}],"collection":[{"href":"https:\/\/www.uutispeili.fi\/index.php\/wp-json\/wp\/v2\/posts"}],"about":[{"href":"https:\/\/www.uutispeili.fi\/index.php\/wp-json\/wp\/v2\/types\/post"}],"author":[{"embeddable":true,"href":"https:\/\/www.uutispeili.fi\/index.php\/wp-json\/wp\/v2\/users\/3"}],"replies":[{"embeddable":true,"href":"https:\/\/www.uutispeili.fi\/index.php\/wp-json\/wp\/v2\/comments?post=12355"}],"version-history":[{"count":2,"href":"https:\/\/www.uutispeili.fi\/index.php\/wp-json\/wp\/v2\/posts\/12355\/revisions"}],"predecessor-version":[{"id":12360,"href":"https:\/\/www.uutispeili.fi\/index.php\/wp-json\/wp\/v2\/posts\/12355\/revisions\/12360"}],"wp:featuredmedia":[{"embeddable":true,"href":"https:\/\/www.uutispeili.fi\/index.php\/wp-json\/wp\/v2\/media\/12359"}],"wp:attachment":[{"href":"https:\/\/www.uutispeili.fi\/index.php\/wp-json\/wp\/v2\/media?parent=12355"}],"wp:term":[{"taxonomy":"category","embeddable":true,"href":"https:\/\/www.uutispeili.fi\/index.php\/wp-json\/wp\/v2\/categories?post=12355"},{"taxonomy":"post_tag","embeddable":true,"href":"https:\/\/www.uutispeili.fi\/index.php\/wp-json\/wp\/v2\/tags?post=12355"}],"curies":[{"name":"wp","href":"https:\/\/api.w.org\/{rel}","templated":true}]}}