{"id":12349,"date":"2026-04-29T17:50:34","date_gmt":"2026-04-29T14:50:34","guid":{"rendered":"https:\/\/www.uutispeili.fi\/?p=12349"},"modified":"2026-04-29T17:51:07","modified_gmt":"2026-04-29T14:51:07","slug":"eduskunnan-suuri-valiokunta-kuuli-paaministeri-orpoa-ja-valtiovarainministeri-purraa","status":"publish","type":"post","link":"https:\/\/www.uutispeili.fi\/index.php\/2026\/04\/29\/eduskunnan-suuri-valiokunta-kuuli-paaministeri-orpoa-ja-valtiovarainministeri-purraa\/","title":{"rendered":"Eduskunnan suuri valiokunta kuuli p\u00e4\u00e4ministeri Orpoa ja valtiovarainministeri Purraa"},"content":{"rendered":"<p><strong>P\u00e4\u00e4ministeri Petteri Orpo ja valtiovarainministeri Riikka Purra olivat kuultavina suuressa valiokunnassa<\/strong><br \/>\n<strong>P\u00e4\u00e4ministeri Petteri Orpo ja valtiovarainministeri Riikka Purra antoivat molemmat selvityksens\u00e4 eduskunnan suurelle valiokunnalle tulevista EU-kokouksista.<\/strong><\/p>\n<p>(Arkistokuva, kuval\u00e4hde: Eduskunta.)<\/p>\n<p>Eduskunnan suuri valiokunta kuuli p\u00e4\u00e4ministeri <strong>Petteri Orpo<\/strong>a (kokoomus) ja valtiovarainministeri <strong>Riikka<\/strong> <strong>Purra<\/strong>a (Perussuomalaiset) ajankohtaisista <strong>EU-asioista<\/strong> ja tulevien kokousten asialistasta. Kuulemisissa k\u00e4siteltiin erityisesti Euroryhm\u00e4n ja ECOFIN-neuvoston (4.\u20135.5.2026, Bryssel) teemoja sek\u00e4 <strong>Eurooppa-neuvoston<\/strong> j\u00e4senten ep\u00e4virallisen kokouksen (23.\u201324.4.2026) ja Euroopan poliittisen yhteis\u00f6n kokouksen kokonaisuutta.<\/p>\n<p>P\u00e4\u00e4ministeri Orpo raportoi suurelle valiokunnalle Eurooppa-neuvoston j\u00e4senten ep\u00e4virallisesta kokouksesta <strong>Kyproksella<\/strong>. Selvityksess\u00e4 keskeisi\u00e4 teemoja olivat <strong>Iran<\/strong> ja L\u00e4hi-id\u00e4n kehitys, <strong>Ukraina<\/strong>n tilanne sek\u00e4 <strong>transatlanttinen suhde<\/strong>. P\u00e4\u00e4ministeri Orpo viittasi my\u00f6s Ukrainan presidentin <strong>Volodymyr Zelenskyi<\/strong>n esitt\u00e4m\u00e4\u00e4n kiitollisuuteen siit\u00e4, ett\u00e4 lainavaroja on saatu vapautettua, sek\u00e4 hiljattain hyv\u00e4ksyttyyn <strong>Ven\u00e4j\u00e4<\/strong>n 20. pakotepakettiin.<\/p>\n<p>Kansanedustajat esittiv\u00e4t p\u00e4\u00e4ministerille kysymyksi\u00e4 muun muassa Euroopan unionin <strong>monivuotisten rahoituskehysten<\/strong> (Multiannual Financial Framework, MFF 2028\u20132034) valmistelun suunnasta, Suomen it\u00e4rajan rahoituksesta sek\u00e4 EU:n kilpailukyky- ja puolustusrahoituksen vahvistamisesta.<\/p>\n<p>Ep\u00e4virallisen kokouksen selvityksen lis\u00e4ksi p\u00e4\u00e4ministeri Orpo avasi valiokunnalle edess\u00e4 olevan <strong>Euroopan<\/strong> <strong>poliittisen yhteis\u00f6n<\/strong> (EPY) kokouksen keskustelunaiheita sek\u00e4 kertoi jo sovituista kahdenv\u00e4lisist\u00e4 tapaamisistaan, muun muassa Ukrainan ja <strong>Moldova<\/strong>n valtionjohdon kanssa.<\/p>\n<h2>K\u00e4sittelyss\u00e4 L\u00e4hi-id\u00e4n kriisin vaikutukset ja Ukrainan tilanne<\/h2>\n<p>Valtiovarainministeri Purra kertoi suurelle valiokunnalle, ett\u00e4 tulevassa euroryhm\u00e4n kokouksessa k\u00e4sitell\u00e4\u00e4n j\u00e4lleen ajankohtaisia aiheita, kuten L\u00e4hi-id\u00e4n kriisin vaikutuksia EU-alueen talouteen. <strong>ECOFIN- neuvosto<\/strong> k\u00e4y ministeri Purran mukaan muun muassa n\u00e4kemystenvaihtoa Ven\u00e4j\u00e4n Ukrainaan kohdistamana hy\u00f6kk\u00e4yksen talousvaikutuksista.<\/p>\n<p>ECOFIN-neuvostossa on esill\u00e4 my\u00f6s ehdotus Euroopan neuvoston asetukseksi, joka koskee Euroopan syytt\u00e4j\u00e4nviraston (EPPO) ja Euroopan petostentorjuntaviraston (OLAF) p\u00e4\u00e4sy\u00e4 arvonlis\u00e4verotietoihin unionin tasolla. Suuren valiokunnan puheenjohtajan ehdotuksen mukaan eduskunnan kannaksi todetaan, ett\u00e4 valiokunnalla ei ole huomautettavaa valtioneuvoston toimintalinjaan. <img loading=\"lazy\" decoding=\"async\" class=\"alignnone size-full wp-image-144\" src=\"https:\/\/www.uutispeili.fi\/wp-content\/uploads\/2023\/11\/di.gold_.gif\" alt=\"\" width=\"11\" height=\"11\" \/><\/p>\n<p>(Uutispeili ei ole\u00a0 muokannut artikkelin sis\u00e4lt\u00f6\u00e4.)<\/p>\n","protected":false},"excerpt":{"rendered":"<p>P\u00e4\u00e4ministeri Petteri Orpo ja valtiovarainministeri Riikka Purra olivat kuultavina suuressa valiokunnassa P\u00e4\u00e4ministeri Petteri Orpo ja valtiovarainministeri Riikka Purra antoivat molemmat selvityksens\u00e4 eduskunnan suurelle valiokunnalle tulevista EU-kokouksista. (Arkistokuva, kuval\u00e4hde: Eduskunta.) Eduskunnan suuri valiokunta kuuli p\u00e4\u00e4ministeri Petteri Orpoa (kokoomus) ja valtiovarainministeri Riikka Purraa (Perussuomalaiset) ajankohtaisista EU-asioista ja tulevien kokousten asialistasta. Kuulemisissa k\u00e4siteltiin erityisesti Euroryhm\u00e4n ja ECOFIN-neuvoston (4.\u20135.5.2026, [&hellip;]<\/p>\n","protected":false},"author":3,"featured_media":6880,"comment_status":"open","ping_status":"open","sticky":false,"template":"","format":"standard","meta":{"footnotes":""},"categories":[49,25],"tags":[],"_links":{"self":[{"href":"https:\/\/www.uutispeili.fi\/index.php\/wp-json\/wp\/v2\/posts\/12349"}],"collection":[{"href":"https:\/\/www.uutispeili.fi\/index.php\/wp-json\/wp\/v2\/posts"}],"about":[{"href":"https:\/\/www.uutispeili.fi\/index.php\/wp-json\/wp\/v2\/types\/post"}],"author":[{"embeddable":true,"href":"https:\/\/www.uutispeili.fi\/index.php\/wp-json\/wp\/v2\/users\/3"}],"replies":[{"embeddable":true,"href":"https:\/\/www.uutispeili.fi\/index.php\/wp-json\/wp\/v2\/comments?post=12349"}],"version-history":[{"count":2,"href":"https:\/\/www.uutispeili.fi\/index.php\/wp-json\/wp\/v2\/posts\/12349\/revisions"}],"predecessor-version":[{"id":12351,"href":"https:\/\/www.uutispeili.fi\/index.php\/wp-json\/wp\/v2\/posts\/12349\/revisions\/12351"}],"wp:featuredmedia":[{"embeddable":true,"href":"https:\/\/www.uutispeili.fi\/index.php\/wp-json\/wp\/v2\/media\/6880"}],"wp:attachment":[{"href":"https:\/\/www.uutispeili.fi\/index.php\/wp-json\/wp\/v2\/media?parent=12349"}],"wp:term":[{"taxonomy":"category","embeddable":true,"href":"https:\/\/www.uutispeili.fi\/index.php\/wp-json\/wp\/v2\/categories?post=12349"},{"taxonomy":"post_tag","embeddable":true,"href":"https:\/\/www.uutispeili.fi\/index.php\/wp-json\/wp\/v2\/tags?post=12349"}],"curies":[{"name":"wp","href":"https:\/\/api.w.org\/{rel}","templated":true}]}}