{"id":12341,"date":"2026-04-29T17:25:26","date_gmt":"2026-04-29T14:25:26","guid":{"rendered":"https:\/\/www.uutispeili.fi\/?p=12341"},"modified":"2026-04-29T17:25:26","modified_gmt":"2026-04-29T14:25:26","slug":"perustuslakivaliokunnan-mietinto-kansalaisaloitteesta-elainten-oikeudet-perustuslakiin-suosittaa-aloitteen-hylkaamista","status":"publish","type":"post","link":"https:\/\/www.uutispeili.fi\/index.php\/2026\/04\/29\/perustuslakivaliokunnan-mietinto-kansalaisaloitteesta-elainten-oikeudet-perustuslakiin-suosittaa-aloitteen-hylkaamista\/","title":{"rendered":"Perustuslakivaliokunnan mietint\u00f6 kansalaisaloitteesta &#8221;El\u00e4inten oikeudet perustuslakiin&#8221; suosittaa aloitteen hylk\u00e4\u00e4mist\u00e4"},"content":{"rendered":"<p><strong>Eduskunnan perustuslakivaliokunnan mietint\u00f6 kansalaisaloitteesta &#8221;<em>El\u00e4inten oikeudet perustuslakiin&#8221;<\/em> on valmistunut. <\/strong><\/p>\n<p><strong>Perustuslakivaliokunta<\/strong> esitt\u00e4\u00e4, ett\u00e4 eduskunta hylk\u00e4isi aloitteeseen sis\u00e4ltyv\u00e4n lakiehdotuksen. Mietint\u00f6\u00f6n sis\u00e4ltyy kahden valiokunnan j\u00e4senen vastalause.<\/p>\n<p class=\"v1Leipis\">Perustuslakivaliokunta sai keskiviikkona (29.04.) valmiiksi mietint\u00f6ns\u00e4, joka koskee el\u00e4inten oikeuksien lis\u00e4\u00e4mist\u00e4 perustuslakiin (KAA 8\/2023). Kansalaisaloitteessa ehdotetaan perustuslain muuttamista siten, ett\u00e4 perustuslakiin lis\u00e4t\u00e4\u00e4n uusi 2 a luku el\u00e4inten perusoikeuksien turvaamiseksi. Aloite sis\u00e4lt\u00e4\u00e4 ehdotuksen viideksi uudeksi pyk\u00e4l\u00e4ksi perustuslakiin ja niit\u00e4 koskevat perustelut.<\/p>\n<p class=\"v1Leipis\">Perustuslakivaliokunnan mielest\u00e4 kansalaisaloitteessa ehdotettu uusi s\u00e4\u00e4ntely tarkoittaisi Suomen oikeusj\u00e4rjestyksen taustal\u00e4ht\u00f6kohtien perustavaa laatua olevaa muutosta. Nykyinen perustuslakimme on modernin l\u00e4nsimaisen demokratian perustuslaki, jossa on kattavasti s\u00e4\u00e4detty valtiollisista perusratkaisuista sek\u00e4 ihmisyksil\u00f6n ja julkisen vallan v\u00e4lisist\u00e4 suhteista. Perustuslakivaliokunta pit\u00e4\u00e4 l\u00e4nsimaisen valtios\u00e4\u00e4nt\u00f6traditioon huonosti soveltuvana kansalaisaloitteesta ilmenev\u00e4\u00e4 ihmisten ja el\u00e4inten perusoikeuksien rinnasteisuutta.<\/p>\n<p class=\"v1Leipis\">Perustuslakivaliokunta kiinnitt\u00e4\u00e4 huomiota siihen, ett\u00e4 ajatus el\u00e4inten oikeuksien huomioon ottamisesta perustuslain tasolla ei ole t\u00e4ysin uusi, vaikkakin kansalaisaloitteessa t\u00e4m\u00e4 ajatus esiintyy aivan toisessa mittaluokassa kuin aikaisemmin.<\/p>\n<blockquote>\n<p class=\"v1Leipis\">Valiokunta kiinnitt\u00e4\u00e4 huomiota siihen, ett\u00e4 el\u00e4inten oikeuksille on jo nykyisin valtios\u00e4\u00e4nt\u00f6inen kiinnekohta <strong>perustuslain 20 \u00a7:n 1 momentissa<\/strong> silt\u00e4 osin kuin on kysymys luonnonvaraisista el\u00e4imist\u00e4.<\/p>\n<\/blockquote>\n<p class=\"v1Leipis\">Perustuslakivaliokunta on arvioidessaan el\u00e4inten hyvinvoinnista annettua lakia pit\u00e4nyt selv\u00e4n\u00e4, ett\u00e4 eduskunta voi p\u00e4\u00e4tt\u00e4\u00e4 s\u00e4\u00e4t\u00e4\u00e4 tavallisena lakina el\u00e4imille oikeuksia taikka s\u00e4\u00e4t\u00e4\u00e4 el\u00e4inten itseisarvosta.<\/p>\n<p class=\"v1Leipis\">Perustuslakivaliokunnan mielest\u00e4 demokratiaperiaatteen mukaista on, ett\u00e4 ensisijainen keino yhteiskunnan kehitt\u00e4miseksi lains\u00e4\u00e4d\u00e4nt\u00f6ty\u00f6ss\u00e4 on s\u00e4\u00e4t\u00e4\u00e4 lakeja tavallisessa lains\u00e4\u00e4t\u00e4misj\u00e4rjestyksess\u00e4.<\/p>\n<p class=\"v1Leipis\">Valiokunnan saaman selvityksen mukaan ehdotetun s\u00e4\u00e4ntelyn vaikutukset Suomen oikeusj\u00e4rjestykseen olisivat vaikeasti ennakoitavia, koska esityksell\u00e4 pyrit\u00e4\u00e4n muuttamaan hyvin uudenlaiseksi sit\u00e4 ajattelutapaa, jonka varaan merkitt\u00e4v\u00e4 osa valtios\u00e4\u00e4nt\u00f6oikeudellista, ymp\u00e4rist\u00f6oikeudellista ja yksityisoikeudellisia s\u00e4\u00e4ntely\u00e4 rakentuu.<\/p>\n<blockquote>\n<p class=\"v1Leipis\">Perustuslakivaliokunnan mielest\u00e4 ylip\u00e4\u00e4t\u00e4\u00e4n kansalaisaloitteen sis\u00e4lt\u00e4m\u00e4 perustuslain muutosehdotus j\u00e4\u00e4 oikeudelliselta merkitykselt\u00e4\u00e4n ja oikeusvaikutuksiltaan ep\u00e4selv\u00e4ksi.<\/p>\n<\/blockquote>\n<p class=\"v1Leipis\">Ehdotetut el\u00e4inten perusoikeuksien m\u00e4\u00e4ritelm\u00e4t ovat merkitt\u00e4v\u00e4n ep\u00e4m\u00e4\u00e4r\u00e4isi\u00e4. Ehdotetun s\u00e4\u00e4ntelyn toteutuessa oikeustila muodostuisi t\u00e4lt\u00e4 osin perustuslakivaliokunnan k\u00e4sityksen mukaan ennalta arvaamattomaksi, kun otetaan viel\u00e4 huomioon ehdotus el\u00e4inten asianosaiskelpoisuudesta. Perustuslain tasoisen s\u00e4\u00e4ntelyn suhde voimassa olevaan el\u00e4inten hyvinvointia koskevaan lains\u00e4\u00e4d\u00e4nt\u00f6\u00f6n ei avaudu kansalaisaloitteen perusteella.<\/p>\n<blockquote>\n<p class=\"v1Leipis\">Edell\u00e4 esitetyist\u00e4 syist\u00e4 valiokunta ehdottaa kansalaisaloitteeseen sis\u00e4ltyv\u00e4n lakiehdotuksen hylk\u00e4\u00e4mist\u00e4.<\/p>\n<\/blockquote>\n<p class=\"v1Leipis\">Mietint\u00f6\u00f6n sis\u00e4ltyy kahden valiokunnan j\u00e4senen vastalause. Vastalauseessa ehdotetaan, ett\u00e4 eduskunta hyv\u00e4ksyisi lausuman, jossa edellytet\u00e4\u00e4n valtioneuvostoa arvioimaan perustuslain muutostarpeita el\u00e4inten oikeuksien vahvistamiseksi perustuslain tasolla. <img loading=\"lazy\" decoding=\"async\" class=\"alignnone size-full wp-image-144\" src=\"https:\/\/www.uutispeili.fi\/wp-content\/uploads\/2023\/11\/di.gold_.gif\" alt=\"\" width=\"11\" height=\"11\" \/><\/p>\n<ul>\n<li class=\"v1Leipis\">Perustuslakivaliokunnan mietint\u00f6 eduskunnan verkkosivulla:<br \/>\n<a href=\"https:\/\/www.eduskunta.fi\/valtiopaivaasiakirjat\/PeVM+3\/2026\" target=\"_blank\" rel=\"noopener noreferrer\">https:\/\/www.eduskunta.fi\/valtiopaivaasiakirjat\/PeVM+3\/2026<\/a><\/li>\n<\/ul>\n","protected":false},"excerpt":{"rendered":"<p>Eduskunnan perustuslakivaliokunnan mietint\u00f6 kansalaisaloitteesta &#8221;El\u00e4inten oikeudet perustuslakiin&#8221; on valmistunut. Perustuslakivaliokunta esitt\u00e4\u00e4, ett\u00e4 eduskunta hylk\u00e4isi aloitteeseen sis\u00e4ltyv\u00e4n lakiehdotuksen. Mietint\u00f6\u00f6n sis\u00e4ltyy kahden valiokunnan j\u00e4senen vastalause. Perustuslakivaliokunta sai keskiviikkona (29.04.) valmiiksi mietint\u00f6ns\u00e4, joka koskee el\u00e4inten oikeuksien lis\u00e4\u00e4mist\u00e4 perustuslakiin (KAA 8\/2023). Kansalaisaloitteessa ehdotetaan perustuslain muuttamista siten, ett\u00e4 perustuslakiin lis\u00e4t\u00e4\u00e4n uusi 2 a luku el\u00e4inten perusoikeuksien turvaamiseksi. Aloite sis\u00e4lt\u00e4\u00e4 ehdotuksen [&hellip;]<\/p>\n","protected":false},"author":3,"featured_media":12342,"comment_status":"open","ping_status":"open","sticky":false,"template":"","format":"standard","meta":{"footnotes":""},"categories":[49],"tags":[],"_links":{"self":[{"href":"https:\/\/www.uutispeili.fi\/index.php\/wp-json\/wp\/v2\/posts\/12341"}],"collection":[{"href":"https:\/\/www.uutispeili.fi\/index.php\/wp-json\/wp\/v2\/posts"}],"about":[{"href":"https:\/\/www.uutispeili.fi\/index.php\/wp-json\/wp\/v2\/types\/post"}],"author":[{"embeddable":true,"href":"https:\/\/www.uutispeili.fi\/index.php\/wp-json\/wp\/v2\/users\/3"}],"replies":[{"embeddable":true,"href":"https:\/\/www.uutispeili.fi\/index.php\/wp-json\/wp\/v2\/comments?post=12341"}],"version-history":[{"count":1,"href":"https:\/\/www.uutispeili.fi\/index.php\/wp-json\/wp\/v2\/posts\/12341\/revisions"}],"predecessor-version":[{"id":12343,"href":"https:\/\/www.uutispeili.fi\/index.php\/wp-json\/wp\/v2\/posts\/12341\/revisions\/12343"}],"wp:featuredmedia":[{"embeddable":true,"href":"https:\/\/www.uutispeili.fi\/index.php\/wp-json\/wp\/v2\/media\/12342"}],"wp:attachment":[{"href":"https:\/\/www.uutispeili.fi\/index.php\/wp-json\/wp\/v2\/media?parent=12341"}],"wp:term":[{"taxonomy":"category","embeddable":true,"href":"https:\/\/www.uutispeili.fi\/index.php\/wp-json\/wp\/v2\/categories?post=12341"},{"taxonomy":"post_tag","embeddable":true,"href":"https:\/\/www.uutispeili.fi\/index.php\/wp-json\/wp\/v2\/tags?post=12341"}],"curies":[{"name":"wp","href":"https:\/\/api.w.org\/{rel}","templated":true}]}}