{"id":12319,"date":"2026-04-28T18:21:09","date_gmt":"2026-04-28T15:21:09","guid":{"rendered":"https:\/\/www.uutispeili.fi\/?p=12319"},"modified":"2026-04-28T20:30:25","modified_gmt":"2026-04-28T17:30:25","slug":"juustohoylavinkki-meilla-on-hallintoa-20-miljoonalle-ihmiselle-vaikka-meita-on-5-miljoonaa","status":"publish","type":"post","link":"https:\/\/www.uutispeili.fi\/index.php\/2026\/04\/28\/juustohoylavinkki-meilla-on-hallintoa-20-miljoonalle-ihmiselle-vaikka-meita-on-5-miljoonaa\/","title":{"rendered":"Juustoh\u00f6yl\u00e4vinkki: &#8221;Meill\u00e4 on hallintoa 20 miljoonalle ihmiselle, vaikka meit\u00e4 on 5 miljoonaa&#8221;"},"content":{"rendered":"<p><strong>Eduskunnassa k\u00e4ytiin jo kaksikymment\u00e4nelj\u00e4 vuotta sitten keskustelua &#8217;<em>rakenteellisista ongelmista<\/em>&#8217;, ja mist\u00e4 <em>sopeuttaa<\/em>. Tarkastelemme.<\/strong><\/p>\n<p>(Kuvan aineisto mm. eduskunta.)<\/p>\n<p><strong>Eduskunnan<\/strong> istunnossa (19.09. 2002), -seuraavan vuoden menoarviosta keskusteltaessa- edustaja <strong>Kalevi<\/strong> <strong>Olin<\/strong> (SDP) kertoi seuraavaa:<\/p>\n<h2>&#8221;<em>Olemme ajautuneet ylibyrokraattiseen j\u00e4rjestelm\u00e4\u00e4n<\/em>&#8221;<\/h2>\n<blockquote><p>&#8221;&#8230; Arvoisa puhemies, mieleeni tulee, ett\u00e4 kyll\u00e4 t\u00e4m\u00e4 hallintoj\u00e4rjestelm\u00e4, ohjausj\u00e4rjestelm\u00e4 my\u00f6s on tutkittava ja kokeiltava uudelleen. Me olemme ehk\u00e4 ajautuneet kovinkin ylibyrokraattiseen j\u00e4rjestelm\u00e4\u00e4n, meill\u00e4 on kunnat, meill\u00e4 on kuntayhtymi\u00e4, l\u00e4hes jokaisen asian tiimoilta on kuntayhtymi\u00e4, valtuustoja, hallituksia. Kyll\u00e4 suomalainen hallittu on, -se yksitt\u00e4inen kansalainen. Ei h\u00e4nen liikkumatilansa kovin suuri ole&#8221;, sanoi edustaja puheenvuorossaan.<\/p><\/blockquote>\n<p>Halittuja olemme, -ja huolella. Olinille vastasi ensin <strong>Leea\u00a0 Hiltunen<\/strong> (Kristillisdemokraatit):<\/p>\n<h2>&#8221;<em>Siell\u00e4 saadaan s\u00e4\u00e4st\u00f6j\u00e4<\/em>&#8221;<\/h2>\n<blockquote><p>&#8221;Arvoisa rouva puhemies! Ed. Olinin puheenvuoroon haluan todeta, ett\u00e4 on eritt\u00e4in hyv\u00e4, ett\u00e4 nyt nostettaisiin esille <strong>meid\u00e4n hallintoj\u00e4rjestelm\u00e4mme monimutkaisuus<\/strong> ja se, ett\u00e4 siihen kipe\u00e4sti tarvitaan nyt korjausta. Vaatii perusteellista selvityst\u00e4, mill\u00e4 tavalla siell\u00e4 saadaan s\u00e4\u00e4st\u00f6j\u00e4 ja ennen kaikkea sellaista toimintaa niin, ett\u00e4 kansalaiset kohtaavat palvelut nopeammin, joustavammin ja paremmin.&#8221;<\/p><\/blockquote>\n<h2>&#8221;Meill\u00e4 on hallintoa 20 miljoonalle ihmiselle, vaikka meit\u00e4 on 5 miljoonaa&#8221;<\/h2>\n<p class=\"EDUSTAJA strong inline\"><strong>Pekka\u00a0 Kuosmanen<\/strong> (Kokoomus) jatkoi:<\/p>\n<blockquote><p>&#8221;Arvoisa rouva puhemies! Edustaja Olin aivan oikein oivalsi sen asian, ett\u00e4 Suomessa hallintoa on liikaa. Meill\u00e4 on hallintoa 20 miljoonalle ihmiselle, vaikka meit\u00e4 on 5 miljoonaa.&#8221; (<a href=\"https:\/\/www2.eduskunta.fi\/FI\/Vaski\/sivut\/trip.aspx?triptype=ValtiopaivaAsiakirjat&amp;docid=puh+99\/2002+vp+1+57+58\" target=\"_blank\" rel=\"noopener\">Linkki<\/a> eduskunnan p\u00f6yt\u00e4kirjaan.)<\/p><\/blockquote>\n<p><a href=\"https:\/\/www2.eduskunta.fi\/FI\/Vaski\/sivut\/trip.aspx?triptype=ValtiopaivaAsiakirjat&amp;docid=puh+99\/2002+vp+1+57+58\"><img loading=\"lazy\" decoding=\"async\" class=\"aligncenter wp-image-12321 size-full\" src=\"https:\/\/www.uutispeili.fi\/wp-content\/uploads\/2026\/04\/kuosmanen19.09.-2002-0000.png\" alt=\"\" width=\"1000\" height=\"542\" srcset=\"https:\/\/www.uutispeili.fi\/wp-content\/uploads\/2026\/04\/kuosmanen19.09.-2002-0000.png 1000w, https:\/\/www.uutispeili.fi\/wp-content\/uploads\/2026\/04\/kuosmanen19.09.-2002-0000-300x163.png 300w, https:\/\/www.uutispeili.fi\/wp-content\/uploads\/2026\/04\/kuosmanen19.09.-2002-0000-768x416.png 768w\" sizes=\"(max-width: 1000px) 100vw, 1000px\" \/><\/a><\/p>\n<p>N\u00e4in siis kansanedustajat yli parikymment\u00e4 vuotta sitten. <strong>Ministeri\u00f6iden virkamiehetkin<\/strong> tiet\u00e4v\u00e4t: Heid\u00e4n tarvitsee vain laskea autot ministeri\u00f6ns\u00e4 parkkipaikalla, niin havainnollistuu v\u00e4en m\u00e4\u00e4r\u00e4.<\/p>\n<h1>&#8221;<em>Valtiolla on aina konttorin puolella enemm\u00e4n v\u00e4ke\u00e4, kuin verstaassa<\/em>&#8217;<\/h1>\n<p>Kokemusasiantuntemusta voi l\u00f6yty\u00e4 my\u00f6s &#8217;<em>Esson baarin<\/em>&#8217; taksikuskien ym. kansankyynikoiden p\u00f6yd\u00e4st\u00e4. -Sielt\u00e4h\u00e4n min\u00e4kin tuon v\u00e4liotsikon lauseen.<\/p>\n<p>Pekka Kemppainen<\/p>\n<h2>Muita uutisia:<\/h2>\n<p>18.01. <strong>2026<\/strong>:<\/p>\n<blockquote class=\"wp-embedded-content\" data-secret=\"HudNrU6FqH\"><p><a href=\"https:\/\/www.uutispeili.fi\/index.php\/2026\/01\/18\/palvelut-heikkenevat-tulonsiirrot-pienevat-mutta-julkinen-sektori-paisuu-yha\/\">Palvelut heikkenev\u00e4t, tulonsiirrot pienev\u00e4t, mutta &#8221;Julkinen sektori paisuu yh\u00e4&#8221;<\/a><\/p><\/blockquote>\n<p><iframe class=\"wp-embedded-content\" sandbox=\"allow-scripts\" security=\"restricted\" style=\"position: absolute; clip: rect(1px, 1px, 1px, 1px);\" title=\"&#8221;Palvelut heikkenev\u00e4t, tulonsiirrot pienev\u00e4t, mutta &#8221;Julkinen sektori paisuu yh\u00e4&#8221;&#8221; &#8212; \" src=\"https:\/\/www.uutispeili.fi\/index.php\/2026\/01\/18\/palvelut-heikkenevat-tulonsiirrot-pienevat-mutta-julkinen-sektori-paisuu-yha\/embed\/#?secret=ucQ9LGbmiI#?secret=HudNrU6FqH\" data-secret=\"HudNrU6FqH\" width=\"600\" height=\"338\" frameborder=\"0\" marginwidth=\"0\" marginheight=\"0\" scrolling=\"no\"><\/iframe><\/p>\n<p>27.03. <strong>2024<\/strong>:<\/p>\n<blockquote class=\"wp-embedded-content\" data-secret=\"KIOvgcs7TB\"><p><a href=\"https:\/\/www.uutispeili.fi\/index.php\/2024\/03\/27\/kun-hallinto-tuplaantui-niin-ketka-sinne-asettuivat\/\">Kun hallinto tuplaantui, -niin ketk\u00e4 sinne asettuivat?<\/a><\/p><\/blockquote>\n<p><iframe class=\"wp-embedded-content\" sandbox=\"allow-scripts\" security=\"restricted\" style=\"position: absolute; clip: rect(1px, 1px, 1px, 1px);\" title=\"&#8221;Kun hallinto tuplaantui, -niin ketk\u00e4 sinne asettuivat?&#8221; &#8212; \" src=\"https:\/\/www.uutispeili.fi\/index.php\/2024\/03\/27\/kun-hallinto-tuplaantui-niin-ketka-sinne-asettuivat\/embed\/#?secret=HWcuVv3WSf#?secret=KIOvgcs7TB\" data-secret=\"KIOvgcs7TB\" width=\"600\" height=\"338\" frameborder=\"0\" marginwidth=\"0\" marginheight=\"0\" scrolling=\"no\"><\/iframe><\/p>\n<p>17.04. <strong>2024<\/strong>:<\/p>\n<blockquote class=\"wp-embedded-content\" data-secret=\"VtJn6lBbcF\"><p><a href=\"https:\/\/www.uutispeili.fi\/index.php\/2024\/04\/19\/julkista-sektoria-ymparoi-inhouse-yhtioiden-risukko-jossa-hankintoja-ei-kilpailuteta-vinkki-talouden-sopeuttajille\/\">Julkista sektoria ymp\u00e4r\u00f6i INHOUSE-yhti\u00f6iden risukko, jossa hankintoja ei kilpailuteta, -vinkki talouden sopeuttajille<\/a><\/p><\/blockquote>\n<p><iframe class=\"wp-embedded-content\" sandbox=\"allow-scripts\" security=\"restricted\" style=\"position: absolute; clip: rect(1px, 1px, 1px, 1px);\" title=\"&#8221;Julkista sektoria ymp\u00e4r\u00f6i INHOUSE-yhti\u00f6iden risukko, jossa hankintoja ei kilpailuteta, -vinkki talouden sopeuttajille&#8221; &#8212; \" src=\"https:\/\/www.uutispeili.fi\/index.php\/2024\/04\/19\/julkista-sektoria-ymparoi-inhouse-yhtioiden-risukko-jossa-hankintoja-ei-kilpailuteta-vinkki-talouden-sopeuttajille\/embed\/#?secret=wGSXZ3OpLx#?secret=VtJn6lBbcF\" data-secret=\"VtJn6lBbcF\" width=\"600\" height=\"338\" frameborder=\"0\" marginwidth=\"0\" marginheight=\"0\" scrolling=\"no\"><\/iframe><\/p>\n<p>26.03. <strong>2026<\/strong>:<\/p>\n<blockquote class=\"wp-embedded-content\" data-secret=\"Q5GvSbDHVS\"><p><a href=\"https:\/\/www.uutispeili.fi\/index.php\/2026\/03\/26\/perustuslakivaliokunnan-lausunto-hankintalain-muuttamisesta-valmistui\/\">Perustuslakivaliokunnan lausunto hankintalain muuttamisesta valmistui<\/a><\/p><\/blockquote>\n<p><iframe class=\"wp-embedded-content\" sandbox=\"allow-scripts\" security=\"restricted\" style=\"position: absolute; clip: rect(1px, 1px, 1px, 1px);\" title=\"&#8221;Perustuslakivaliokunnan lausunto hankintalain muuttamisesta valmistui&#8221; &#8212; \" src=\"https:\/\/www.uutispeili.fi\/index.php\/2026\/03\/26\/perustuslakivaliokunnan-lausunto-hankintalain-muuttamisesta-valmistui\/embed\/#?secret=Z7Ee4FDWKh#?secret=Q5GvSbDHVS\" data-secret=\"Q5GvSbDHVS\" width=\"600\" height=\"338\" frameborder=\"0\" marginwidth=\"0\" marginheight=\"0\" scrolling=\"no\"><\/iframe><\/p>\n<p>02.02. <strong>2025<\/strong>:<\/p>\n<blockquote class=\"wp-embedded-content\" data-secret=\"s04uT9AFhk\"><p><a href=\"https:\/\/www.uutispeili.fi\/index.php\/2025\/02\/02\/yks-on-keino-kayttamatta-uskaltaako-hallitus\/\">Yks on keino k\u00e4ytt\u00e4m\u00e4tt\u00e4! -Uskaltaako hallitus??<\/a><\/p><\/blockquote>\n<p><iframe class=\"wp-embedded-content\" sandbox=\"allow-scripts\" security=\"restricted\" style=\"position: absolute; clip: rect(1px, 1px, 1px, 1px);\" title=\"&#8221;Yks on keino k\u00e4ytt\u00e4m\u00e4tt\u00e4! -Uskaltaako hallitus??&#8221; &#8212; \" src=\"https:\/\/www.uutispeili.fi\/index.php\/2025\/02\/02\/yks-on-keino-kayttamatta-uskaltaako-hallitus\/embed\/#?secret=jioUPcd9Ry#?secret=s04uT9AFhk\" data-secret=\"s04uT9AFhk\" width=\"600\" height=\"338\" frameborder=\"0\" marginwidth=\"0\" marginheight=\"0\" scrolling=\"no\"><\/iframe><\/p>\n<p>08.08. <strong>2024<\/strong>:<\/p>\n<blockquote class=\"wp-embedded-content\" data-secret=\"Tf3Kxp569a\"><p><a href=\"https:\/\/www.uutispeili.fi\/index.php\/2024\/08\/08\/julkisen-sektorin-vakimaara-ylitti-viime-vuonna-ensimmaista-kertaa-historiassa-700-000n-henkilon-rajan\/\">Julkisen sektorin v\u00e4kim\u00e4\u00e4r\u00e4 ylitti vuonna 2023 -ensimm\u00e4ist\u00e4 kertaa historiassa- 700 000:n henkil\u00f6n rajan<\/a><\/p><\/blockquote>\n<p><iframe class=\"wp-embedded-content\" sandbox=\"allow-scripts\" security=\"restricted\" style=\"position: absolute; clip: rect(1px, 1px, 1px, 1px);\" title=\"&#8221;Julkisen sektorin v\u00e4kim\u00e4\u00e4r\u00e4 ylitti vuonna 2023 -ensimm\u00e4ist\u00e4 kertaa historiassa- 700 000:n henkil\u00f6n rajan&#8221; &#8212; \" src=\"https:\/\/www.uutispeili.fi\/index.php\/2024\/08\/08\/julkisen-sektorin-vakimaara-ylitti-viime-vuonna-ensimmaista-kertaa-historiassa-700-000n-henkilon-rajan\/embed\/#?secret=ynLik0O3Zz#?secret=Tf3Kxp569a\" data-secret=\"Tf3Kxp569a\" width=\"600\" height=\"338\" frameborder=\"0\" marginwidth=\"0\" marginheight=\"0\" scrolling=\"no\"><\/iframe><\/p>\n<p>14.03. 2026:<\/p>\n<blockquote class=\"wp-embedded-content\" data-secret=\"DkOCwbOiUf\"><p><a href=\"https:\/\/www.uutispeili.fi\/index.php\/2026\/03\/14\/500-enkelia-nuppineulan-paassa-vaiko-espoon-virastotalo-kolosseissa\/\">500 enkeli\u00e4 nuppineulan p\u00e4\u00e4ss\u00e4&#8230; -vaiko Espoon virastotalo-kolosseissa<\/a><\/p><\/blockquote>\n<p><iframe class=\"wp-embedded-content\" sandbox=\"allow-scripts\" security=\"restricted\" style=\"position: absolute; clip: rect(1px, 1px, 1px, 1px);\" title=\"&#8221;500 enkeli\u00e4 nuppineulan p\u00e4\u00e4ss\u00e4&#8230; -vaiko Espoon virastotalo-kolosseissa&#8221; &#8212; \" src=\"https:\/\/www.uutispeili.fi\/index.php\/2026\/03\/14\/500-enkelia-nuppineulan-paassa-vaiko-espoon-virastotalo-kolosseissa\/embed\/#?secret=zyZzhrRgWG#?secret=DkOCwbOiUf\" data-secret=\"DkOCwbOiUf\" width=\"600\" height=\"338\" frameborder=\"0\" marginwidth=\"0\" marginheight=\"0\" scrolling=\"no\"><\/iframe><\/p>\n<p>04.05. 2024:<\/p>\n<blockquote class=\"wp-embedded-content\" data-secret=\"9i4AaNisAP\"><p><a href=\"https:\/\/www.uutispeili.fi\/index.php\/2024\/05\/04\/niin-miten-suomessa-voi-yhdistya-korkea-veroaste-rapautuvat-palvelut-ja-julkinen-velkaantuminen-paradoksin-avaus\/\">Niin miten Suomessa voi &#8221;yhdisty\u00e4 korkea veroaste, rapautuvat palvelut ja julkinen velkaantuminen&#8221;, -paradoksin avaus\u00a0<\/a><\/p><\/blockquote>\n<p><iframe class=\"wp-embedded-content\" sandbox=\"allow-scripts\" security=\"restricted\" style=\"position: absolute; clip: rect(1px, 1px, 1px, 1px);\" title=\"&#8221;Niin miten Suomessa voi &#8221;yhdisty\u00e4 korkea veroaste, rapautuvat palvelut ja julkinen velkaantuminen&#8221;, -paradoksin avaus\u00a0&#8221; &#8212; \" src=\"https:\/\/www.uutispeili.fi\/index.php\/2024\/05\/04\/niin-miten-suomessa-voi-yhdistya-korkea-veroaste-rapautuvat-palvelut-ja-julkinen-velkaantuminen-paradoksin-avaus\/embed\/#?secret=WhTV8kdPpb#?secret=9i4AaNisAP\" data-secret=\"9i4AaNisAP\" width=\"600\" height=\"338\" frameborder=\"0\" marginwidth=\"0\" marginheight=\"0\" scrolling=\"no\"><\/iframe><\/p>\n<p>15.04. <strong>2024<\/strong>:<\/p>\n<blockquote class=\"wp-embedded-content\" data-secret=\"4Gsa1id2IP\"><p><a href=\"https:\/\/www.uutispeili.fi\/index.php\/2024\/04\/15\/samat-vapaamatkustajat-vaalikaudesta-toiseen-riihessa-ei-puida-virkaralssia\/\">Samat vapaamatkustajat vaalikaudesta toiseen: Riihess\u00e4 ei puida virkar\u00e4lssi\u00e4<\/a><\/p><\/blockquote>\n<p><iframe class=\"wp-embedded-content\" sandbox=\"allow-scripts\" security=\"restricted\" style=\"position: absolute; clip: rect(1px, 1px, 1px, 1px);\" title=\"&#8221;Samat vapaamatkustajat vaalikaudesta toiseen: Riihess\u00e4 ei puida virkar\u00e4lssi\u00e4&#8221; &#8212; \" src=\"https:\/\/www.uutispeili.fi\/index.php\/2024\/04\/15\/samat-vapaamatkustajat-vaalikaudesta-toiseen-riihessa-ei-puida-virkaralssia\/embed\/#?secret=rr2E3YTU4f#?secret=4Gsa1id2IP\" data-secret=\"4Gsa1id2IP\" width=\"600\" height=\"338\" frameborder=\"0\" marginwidth=\"0\" marginheight=\"0\" scrolling=\"no\"><\/iframe><\/p>\n<p>18.08. <strong>2024<\/strong>:<\/p>\n<blockquote class=\"wp-embedded-content\" data-secret=\"tZqCh4KKv8\"><p><a href=\"https:\/\/www.uutispeili.fi\/index.php\/2024\/08\/18\/hyvinvointivaltio-todellisessa-vaarassa-hallinto-pohottyy-hoidoista-leikataan\/\">Hyvinvointivaltio todellisessa vaarassa, -hallinto p\u00f6h\u00f6ttyy, hoidoista leikataan<\/a><\/p><\/blockquote>\n<p><iframe class=\"wp-embedded-content\" sandbox=\"allow-scripts\" security=\"restricted\" style=\"position: absolute; clip: rect(1px, 1px, 1px, 1px);\" title=\"&#8221;Hyvinvointivaltio todellisessa vaarassa, -hallinto p\u00f6h\u00f6ttyy, hoidoista leikataan&#8221; &#8212; \" src=\"https:\/\/www.uutispeili.fi\/index.php\/2024\/08\/18\/hyvinvointivaltio-todellisessa-vaarassa-hallinto-pohottyy-hoidoista-leikataan\/embed\/#?secret=8ER4w1DejL#?secret=tZqCh4KKv8\" data-secret=\"tZqCh4KKv8\" width=\"600\" height=\"338\" frameborder=\"0\" marginwidth=\"0\" marginheight=\"0\" scrolling=\"no\"><\/iframe><\/p>\n","protected":false},"excerpt":{"rendered":"<p>Eduskunnassa k\u00e4ytiin jo kaksikymment\u00e4nelj\u00e4 vuotta sitten keskustelua &#8217;rakenteellisista ongelmista&#8217;, ja mist\u00e4 sopeuttaa. Tarkastelemme. (Kuvan aineisto mm. eduskunta.) Eduskunnan istunnossa (19.09. 2002), -seuraavan vuoden menoarviosta keskusteltaessa- edustaja Kalevi Olin (SDP) kertoi seuraavaa: &#8221;Olemme ajautuneet ylibyrokraattiseen j\u00e4rjestelm\u00e4\u00e4n&#8221; &#8221;&#8230; Arvoisa puhemies, mieleeni tulee, ett\u00e4 kyll\u00e4 t\u00e4m\u00e4 hallintoj\u00e4rjestelm\u00e4, ohjausj\u00e4rjestelm\u00e4 my\u00f6s on tutkittava ja kokeiltava uudelleen. Me olemme ehk\u00e4 ajautuneet [&hellip;]<\/p>\n","protected":false},"author":3,"featured_media":12320,"comment_status":"open","ping_status":"open","sticky":false,"template":"","format":"standard","meta":{"footnotes":""},"categories":[31,49,25],"tags":[],"_links":{"self":[{"href":"https:\/\/www.uutispeili.fi\/index.php\/wp-json\/wp\/v2\/posts\/12319"}],"collection":[{"href":"https:\/\/www.uutispeili.fi\/index.php\/wp-json\/wp\/v2\/posts"}],"about":[{"href":"https:\/\/www.uutispeili.fi\/index.php\/wp-json\/wp\/v2\/types\/post"}],"author":[{"embeddable":true,"href":"https:\/\/www.uutispeili.fi\/index.php\/wp-json\/wp\/v2\/users\/3"}],"replies":[{"embeddable":true,"href":"https:\/\/www.uutispeili.fi\/index.php\/wp-json\/wp\/v2\/comments?post=12319"}],"version-history":[{"count":4,"href":"https:\/\/www.uutispeili.fi\/index.php\/wp-json\/wp\/v2\/posts\/12319\/revisions"}],"predecessor-version":[{"id":12326,"href":"https:\/\/www.uutispeili.fi\/index.php\/wp-json\/wp\/v2\/posts\/12319\/revisions\/12326"}],"wp:featuredmedia":[{"embeddable":true,"href":"https:\/\/www.uutispeili.fi\/index.php\/wp-json\/wp\/v2\/media\/12320"}],"wp:attachment":[{"href":"https:\/\/www.uutispeili.fi\/index.php\/wp-json\/wp\/v2\/media?parent=12319"}],"wp:term":[{"taxonomy":"category","embeddable":true,"href":"https:\/\/www.uutispeili.fi\/index.php\/wp-json\/wp\/v2\/categories?post=12319"},{"taxonomy":"post_tag","embeddable":true,"href":"https:\/\/www.uutispeili.fi\/index.php\/wp-json\/wp\/v2\/tags?post=12319"}],"curies":[{"name":"wp","href":"https:\/\/api.w.org\/{rel}","templated":true}]}}