{"id":12317,"date":"2026-04-28T16:13:46","date_gmt":"2026-04-28T13:13:46","guid":{"rendered":"https:\/\/www.uutispeili.fi\/?p=12317"},"modified":"2026-04-28T16:13:47","modified_gmt":"2026-04-28T13:13:47","slug":"viron-presidentti-alar-karis-tapasi-puhemies-jussi-halla-ahon","status":"publish","type":"post","link":"https:\/\/www.uutispeili.fi\/index.php\/2026\/04\/28\/viron-presidentti-alar-karis-tapasi-puhemies-jussi-halla-ahon\/","title":{"rendered":"Viron presidentti Alar Karis tapasi puhemies Jussi Halla-ahon"},"content":{"rendered":"<p><strong>Eduskunnan puhemies Jussi Halla-aho is\u00e4nn\u00f6i t\u00e4n\u00e4\u00e4n tiistaina Viron presidentin Alar Karisin vierailua eduskunnassa. Presidentti Karis vieraili eduskunnassa osana valtiovierailuaan Suomeen.<\/strong><\/p>\n<p>(Arkistokuva, kuval\u00e4hde: Eduskunta.)<\/p>\n<p>Keskustelun aiheina olivat mm. <strong>Suomen<\/strong> ja <strong>Viron<\/strong> kahdenv\u00e4liset suhteet, parlamenttiyhteisty\u00f6 sek\u00e4 pohjoismaiden ja <strong>Baltian maiden<\/strong> yhteisty\u00f6 (Nordic-Baltic Eight, NB8), tuki <strong>Ukrainalle<\/strong> Ven\u00e4j\u00e4n hy\u00f6kk\u00e4yssodassa sek\u00e4 ajankohtainen geopoliittinen tilanne ja transatlanttinen suhde.<\/p>\n<p>Tapaamiseen osallistuivat eduskuntaryhmien edustajina vpj. ed. <strong>Pia Kauma<\/strong> (kok.), pj. ed. <strong>Jani M\u00e4kel\u00e4<\/strong> (ps.), pj. ed. <strong>Tytti Tuppurainen<\/strong> (sd.), pj. ed. <strong>Antti Kurvinen<\/strong> (kesk.), vpj. ed. <strong>Inka Hopsu<\/strong> (vihr.), vpj. ed. <strong>Pia<\/strong> <strong>Lohikoski<\/strong> (vas.), pj. ed. <strong>Otto Andersson<\/strong> (r.) ja pj. ed. <strong>Peter \u00d6stman<\/strong> (kd.).<\/p>\n<p>Presidentti <strong>Alar Karis<\/strong>in ja h\u00e4nen puolisonsa <strong>Sirje Karis<\/strong>in valtiovierailua Suomeen (28.\u201329.04) is\u00e4nn\u00f6i tasavallan presidentti <strong>Alexander Stubb<\/strong> puolisonsa <strong>Suzanne Innes-Stubb<\/strong>in kanssa. <img loading=\"lazy\" decoding=\"async\" class=\"alignnone size-full wp-image-144\" src=\"https:\/\/www.uutispeili.fi\/wp-content\/uploads\/2023\/11\/di.gold_.gif\" alt=\"\" width=\"11\" height=\"11\" \/><\/p>\n","protected":false},"excerpt":{"rendered":"<p>Eduskunnan puhemies Jussi Halla-aho is\u00e4nn\u00f6i t\u00e4n\u00e4\u00e4n tiistaina Viron presidentin Alar Karisin vierailua eduskunnassa. Presidentti Karis vieraili eduskunnassa osana valtiovierailuaan Suomeen. (Arkistokuva, kuval\u00e4hde: Eduskunta.) Keskustelun aiheina olivat mm. Suomen ja Viron kahdenv\u00e4liset suhteet, parlamenttiyhteisty\u00f6 sek\u00e4 pohjoismaiden ja Baltian maiden yhteisty\u00f6 (Nordic-Baltic Eight, NB8), tuki Ukrainalle Ven\u00e4j\u00e4n hy\u00f6kk\u00e4yssodassa sek\u00e4 ajankohtainen geopoliittinen tilanne ja transatlanttinen suhde. Tapaamiseen osallistuivat [&hellip;]<\/p>\n","protected":false},"author":3,"featured_media":1841,"comment_status":"open","ping_status":"open","sticky":false,"template":"","format":"standard","meta":{"footnotes":""},"categories":[49,99,210],"tags":[],"_links":{"self":[{"href":"https:\/\/www.uutispeili.fi\/index.php\/wp-json\/wp\/v2\/posts\/12317"}],"collection":[{"href":"https:\/\/www.uutispeili.fi\/index.php\/wp-json\/wp\/v2\/posts"}],"about":[{"href":"https:\/\/www.uutispeili.fi\/index.php\/wp-json\/wp\/v2\/types\/post"}],"author":[{"embeddable":true,"href":"https:\/\/www.uutispeili.fi\/index.php\/wp-json\/wp\/v2\/users\/3"}],"replies":[{"embeddable":true,"href":"https:\/\/www.uutispeili.fi\/index.php\/wp-json\/wp\/v2\/comments?post=12317"}],"version-history":[{"count":1,"href":"https:\/\/www.uutispeili.fi\/index.php\/wp-json\/wp\/v2\/posts\/12317\/revisions"}],"predecessor-version":[{"id":12318,"href":"https:\/\/www.uutispeili.fi\/index.php\/wp-json\/wp\/v2\/posts\/12317\/revisions\/12318"}],"wp:featuredmedia":[{"embeddable":true,"href":"https:\/\/www.uutispeili.fi\/index.php\/wp-json\/wp\/v2\/media\/1841"}],"wp:attachment":[{"href":"https:\/\/www.uutispeili.fi\/index.php\/wp-json\/wp\/v2\/media?parent=12317"}],"wp:term":[{"taxonomy":"category","embeddable":true,"href":"https:\/\/www.uutispeili.fi\/index.php\/wp-json\/wp\/v2\/categories?post=12317"},{"taxonomy":"post_tag","embeddable":true,"href":"https:\/\/www.uutispeili.fi\/index.php\/wp-json\/wp\/v2\/tags?post=12317"}],"curies":[{"name":"wp","href":"https:\/\/api.w.org\/{rel}","templated":true}]}}