{"id":1205,"date":"2024-02-07T13:05:32","date_gmt":"2024-02-07T13:05:32","guid":{"rendered":"https:\/\/www.uutispeili.fi\/?p=1205"},"modified":"2024-02-07T13:05:32","modified_gmt":"2024-02-07T13:05:32","slug":"homoilusta-ei-voi-vaieta-ei-edes-presidentinvaaleissa","status":"publish","type":"post","link":"https:\/\/www.uutispeili.fi\/index.php\/2024\/02\/07\/homoilusta-ei-voi-vaieta-ei-edes-presidentinvaaleissa\/","title":{"rendered":"Homoilusta ei voi vaieta, -ei edes presidentinvaaleissa"},"content":{"rendered":"<p><strong>Min\u00e4 niin kuin moni muukin on sit\u00e4 mielt\u00e4, ett\u00e4 jokainen tekee sit\u00e4 mit\u00e4 tykk\u00e4\u00e4n kunhan siit\u00e4 ei ole haittaa muille.<\/strong><\/p>\n<p>Seppo Huhta<\/p>\n<h3>Suuri joukko suomalaisia kammoksuu homoutta<\/h3>\n<p>T\u00e4m\u00e4 k\u00e4vi ilmi tuoreessa selvityksess\u00e4, jossa 40 prosenttia vastanneista kertoi, ett\u00e4 presidenttiehdokkaan -eli siis <strong>Pekka Haaviston<\/strong>&#8211; homous on heille kielteinen asia. Toisille se on vain sit\u00e4, eik\u00e4 vaikuta \u00e4\u00e4nestysp\u00e4\u00e4t\u00f6kseen, toisille taas se ei kertakaikkiaan k\u00e4y. Useimmille sill\u00e4 ei ole merkityst\u00e4.<\/p>\n<blockquote><p>Miesten homostelu on joillekin kuvottavaa<\/p><\/blockquote>\n<p><span style=\"font-size: revert; color: initial;\">T\u00e4m\u00e4n olen kuullut satojen ellei tuhansien -niin miesten kuin naisten- suusta viimeisten vuosikymmenien aikana. He kertovat, ett\u00e4 kahden miehen keskin\u00e4isten s\u00e4nkypuuhien ajattelu saa heid\u00e4t voimaa pahoin henkisesti, ellei jopa fyysisesti. Mutta lesboilu, eli naisten keskin\u00e4inen seksi, on jotensakin &#8221;vaaratonta&#8221;, joidenkin mielest\u00e4 suorastaan hupaisaa.<\/span><\/p>\n<p>Totta onkin, ett\u00e4 esimerkiksi AIDS levisi ensin enimm\u00e4kseen miesten keskin\u00e4isen seksin kautta. N\u00e4in tietenkin on edelleenkin, mutta nyky\u00e4\u00e4n sen suurin levitt\u00e4j\u00e4 on likaisten huumeneulojen k\u00e4ytt\u00f6, -ollut jo pitk\u00e4\u00e4n.<\/p>\n<p>Toki naisten keskin\u00e4isest\u00e4 seksist\u00e4 voi tulla harmeja, kuten voi saada vaikka satiaiset, ja tietenkin on mahdollista, ett\u00e4 bi-seksuaalit saavat AIDSin toisiltaan. N\u00e4m\u00e4 ovat tosiasioita joita politiikka ei muuksi muuta.<\/p>\n<h3>Vihervasemmisto koittaa j\u00e4lleen rajoittaa sananvapautta<\/h3>\n<p>On outoa, ett\u00e4, kun ehdokas itse ei ole pyrkinyt kielt\u00e4m\u00e4\u00e4n keskustelua homoudesta, mutta h\u00e4nen sympaattorinsa -niin politiikassa, valtamediassa ja somessa- tekev\u00e4t kaikkensa, ett\u00e4 asiasta ei puhuttaisi. Ja varsinkin tuo homouteen karsaasti suhtautuva -siis nelj\u00e4 kymmenest\u00e4- v\u00e4ki on heid\u00e4n piikittelyns\u00e4 kohteina. Mutta auta Armias, jos noita yli-ihmisiksi itsens\u00e4 nostaneita arvostelet, niin johan nousee meteli.<\/p>\n<p>Vihervasemmistoa ja valtamediaa n\u00e4ytt\u00e4\u00e4 edelleen ravistelevan &#8221;<em>vaalikrapula<\/em>&#8221;, siis viime kev\u00e4\u00e4n eduskuntavaaleissa k\u00e4rsitty ankara vaalitappio, eik\u00e4 n\u00e4yt\u00e4 silt\u00e4 ett\u00e4 tilanne &#8221;korjaantuisi&#8221; seuraavissakaan vaaleissa. -N\u00e4in on, koska <strong>Keskusta<\/strong> on ilmeisen tosissaan ilmoittanut, ja my\u00f6s sen mukaan ainakin toistaiseksi toiminut, ett\u00e4 se ei l\u00e4hde en\u00e4\u00e4 sosialisti- ja vihersatraappien kanssa &#8221;<em>marjaan<\/em>&#8221;. Mets\u00e4\u00e4n tuli kyll\u00e4 menty\u00e4, mutta siell\u00e4 ei tullut kuin risusta, -kansalta.<\/p>\n<h3>Suomi on vapaa maa<\/h3>\n<p>T\u00e4\u00e4ll\u00e4 saa olla homo ja t\u00e4\u00e4ll\u00e4 saa my\u00f6s arvostella tai inhota homoja ja homoutta, ja my\u00f6s iloita siit\u00e4, kuten vaikkapa <em>pride<\/em>-kulkueissa. Ongelmaa ei siis pit\u00e4isi olla mutta on, koska ennen muuta <strong>Vihre\u00e4t<\/strong> ja muut vasemmistopuolueet, -mukana tietenkin <strong>SETA<\/strong> ja valtalehdist\u00f6- eiv\u00e4t n\u00e4yt\u00e4 siet\u00e4v\u00e4n sit\u00e4, ett\u00e4 suomalaisista suuri osa yksinkertaisesti inhoaa homoja ja homoutta, ja viel\u00e4 tarkemmin miesten keskin\u00e4isi\u00e4 s\u00e4nkypuuhia.<\/p>\n<p>Mutta maailmassa, jossa t\u00e4n\u00e4kin p\u00e4iv\u00e4n\u00e4 joukkoraiskataan naisia, ymp\u00e4rileikataan tytt\u00f6j\u00e4, tapetaan lapsia ja pommitetaan kokonaisia kaupunkeja raunioiksi, niin t\u00e4ss\u00e4 maailmassa ihan aikuisten oikeasti se on aivan hiton pient\u00e4 jos joku inhoaa jotakin toista jonkin t\u00e4m\u00e4n toiminnan vuoksi, -kunhan kukaan ei k\u00e4y kehenk\u00e4\u00e4n k\u00e4siksi, eik\u00e4 turhia huutele.<\/p>\n<p>On selv\u00e4\u00e4, ett\u00e4 ennen muuta vihre\u00e4t, jotka vaikuttavat muuttuvan &#8211;<strong>Saksasta<\/strong> l\u00e4htien- yh\u00e4 vain <em>natsimaisemmiksi,<\/em> ovat olleet sananvapautta kahlitsemassa perustamisestaan alkaen, -vuodesta 1979. Olivathan vihreiden perustajat entisi\u00e4 natseja ja <em>stalinisteja<\/em>. Meill\u00e4 Suomessa tuo perinne n\u00e4kyy siin\u00e4, ett\u00e4 useiden nykyaktiivivihreiden vanhemmat, tai ainakin toinen heist\u00e4, olivat aikoinaan taistolaisten kaadereissa eli: &#8221;<em>Ei ole omena kauas puusta pudonnut<\/em>&#8221;.<\/p>\n<h3>&#8221;<em>Aatteleppa omalle kohalle<\/em>&#8221;<\/h3>\n<blockquote><p>N\u00e4m\u00e4 &#8221;<em>puhepoliisit<\/em>&#8221; t\u00f6pp\u00e4sivat taas kuvittelemalla, ett\u00e4 suita sulkemalla Haavisto saisi lis\u00e4\u00e4 kannatusta, tai ainakaan tuki ei hupenisi, mutta kansalaisten eri tavoin j\u00e4lkeenj\u00e4\u00e4neiksi tuomitseminen heid\u00e4n homokannoistaan -se toimii tietenkin p\u00e4in vastoin.<\/p><\/blockquote>\n<p>T\u00e4ll\u00e4 sananvapauden vastaisella kampanjalla on saatu aikaan, ett\u00e4 moni joka ehk\u00e4 oli miettinyt Pekka Haavistoa \u00e4\u00e4nest\u00e4v\u00e4ns\u00e4, \u00e4\u00e4nest\u00e4\u00e4kin nyt <strong>Alexander Stubb<\/strong>ia. N\u00e4iden kampanjoijien, -heid\u00e4n omaa sanontaansa k\u00e4ytt\u00e4en <em>idioottien<\/em>&#8211; pit\u00e4isi muistaa <strong>Jope Ruonansuu<\/strong>n usein viljelem\u00e4 kemil\u00e4inen sananlasku &#8221;<em>aatteleppa omalle kohalle<\/em>&#8221;.<\/p>\n<p>Mutta ehei, -eih\u00e4n muiden yl\u00e4puolelle itsens\u00e4 nostaneet vihervassu-auguurit sellaista osaa\/halua ajatella, seh\u00e4n olisi melkein kuin rahvaan tasolle alentumista. <img loading=\"lazy\" decoding=\"async\" class=\"alignnone size-full wp-image-144\" src=\"https:\/\/www.uutispeili.fi\/wp-content\/uploads\/2023\/11\/di.gold_.gif\" alt=\"\" width=\"11\" height=\"11\" \/><\/p>\n","protected":false},"excerpt":{"rendered":"<p>Min\u00e4 niin kuin moni muukin on sit\u00e4 mielt\u00e4, ett\u00e4 jokainen tekee sit\u00e4 mit\u00e4 tykk\u00e4\u00e4n kunhan siit\u00e4 ei ole haittaa muille. Seppo Huhta Suuri joukko suomalaisia kammoksuu homoutta T\u00e4m\u00e4 k\u00e4vi ilmi tuoreessa selvityksess\u00e4, jossa 40 prosenttia vastanneista kertoi, ett\u00e4 presidenttiehdokkaan -eli siis Pekka Haaviston&#8211; homous on heille kielteinen asia. Toisille se on vain sit\u00e4, eik\u00e4 vaikuta [&hellip;]<\/p>\n","protected":false},"author":5,"featured_media":1206,"comment_status":"open","ping_status":"open","sticky":false,"template":"","format":"standard","meta":{"footnotes":""},"categories":[21,34],"tags":[],"_links":{"self":[{"href":"https:\/\/www.uutispeili.fi\/index.php\/wp-json\/wp\/v2\/posts\/1205"}],"collection":[{"href":"https:\/\/www.uutispeili.fi\/index.php\/wp-json\/wp\/v2\/posts"}],"about":[{"href":"https:\/\/www.uutispeili.fi\/index.php\/wp-json\/wp\/v2\/types\/post"}],"author":[{"embeddable":true,"href":"https:\/\/www.uutispeili.fi\/index.php\/wp-json\/wp\/v2\/users\/5"}],"replies":[{"embeddable":true,"href":"https:\/\/www.uutispeili.fi\/index.php\/wp-json\/wp\/v2\/comments?post=1205"}],"version-history":[{"count":1,"href":"https:\/\/www.uutispeili.fi\/index.php\/wp-json\/wp\/v2\/posts\/1205\/revisions"}],"predecessor-version":[{"id":1207,"href":"https:\/\/www.uutispeili.fi\/index.php\/wp-json\/wp\/v2\/posts\/1205\/revisions\/1207"}],"wp:featuredmedia":[{"embeddable":true,"href":"https:\/\/www.uutispeili.fi\/index.php\/wp-json\/wp\/v2\/media\/1206"}],"wp:attachment":[{"href":"https:\/\/www.uutispeili.fi\/index.php\/wp-json\/wp\/v2\/media?parent=1205"}],"wp:term":[{"taxonomy":"category","embeddable":true,"href":"https:\/\/www.uutispeili.fi\/index.php\/wp-json\/wp\/v2\/categories?post=1205"},{"taxonomy":"post_tag","embeddable":true,"href":"https:\/\/www.uutispeili.fi\/index.php\/wp-json\/wp\/v2\/tags?post=1205"}],"curies":[{"name":"wp","href":"https:\/\/api.w.org\/{rel}","templated":true}]}}