{"id":11999,"date":"2026-04-09T00:01:07","date_gmt":"2026-04-08T21:01:07","guid":{"rendered":"https:\/\/www.uutispeili.fi\/?p=11999"},"modified":"2026-04-09T12:20:27","modified_gmt":"2026-04-09T09:20:27","slug":"trumpia-vietiin-kuin-passia-narussa","status":"publish","type":"post","link":"https:\/\/www.uutispeili.fi\/index.php\/2026\/04\/09\/trumpia-vietiin-kuin-passia-narussa\/","title":{"rendered":"Trumpia vietiin kuin p\u00e4ssi\u00e4 narussa"},"content":{"rendered":"<p><strong>Jo aiemmin on kerrottu, ett\u00e4 Genevess\u00e4 (26. helmikuuta asti) Iranin ulkoministeritasoisen valtuuskunnan kanssa neuvotelleet Yhdysvaltain presidentin v\u00e4vy ja entinen kiinteist\u00f6v\u00e4litt\u00e4j\u00e4 antoivat v\u00e4rittyneen kuvan keskustelujen sis\u00e4ll\u00f6st\u00e4. Keskiviikkona kuulimme, ett\u00e4 11. helmikuuta &#8217;<em>Oval<\/em> <em>Officessa<\/em>&#8217; pidetty Trumpin ja Israelin p\u00e4\u00e4ministerin Benjamin Netanyahun tapaaminen oli saattanut sekin v\u00e4\u00e4rist\u00e4\u00e4 Trumpin todellisuuskuvaa.<\/strong><\/p>\n<p>Useat lehdet ovat keskiviikkona kysyneet, johtivatko <strong>Israelin<\/strong> tiedustelun arviot <strong>Yhdysvaltain<\/strong> presidentti\u00e4 kevytmieliseen p\u00e4\u00e4t\u00f6kseen aloittaa sota.<strong> Tarkastelemme.<\/strong><\/p>\n<blockquote><p><strong>11. helmikuuta<\/strong> pidettiin <em>Valkoisessa talossa<\/em> suljetuin ovin tilaisuus, joka saattoi ratkaista: Sota vai diplomatia?<\/p><\/blockquote>\n<p>Kokouksen aihe oli Israelin p\u00e4\u00e4ministeri <strong>Benjamin Netanjahu<\/strong>n v\u00e4hemm\u00e4n mainostettu vierailu <strong>Washington<\/strong>issa, ja palaveriin osallistuivat my\u00f6s ulkoministeri <strong>Marco Rubio<\/strong>, puolustusministeri\u00a0<strong>Pete<\/strong> <strong>Hegseth<\/strong>, Yhdysvaltain keskustiedustelupalvelun <strong>CIA<\/strong>:n johtaja <strong>John Ratcliffe<\/strong>, Yhdysvaltain asevoimien esikuntap\u00e4\u00e4llik\u00f6lle, kenraali <strong>Dan Caine<\/strong>, Valkoisen talon kansliap\u00e4\u00e4llikk\u00f6\u00a0<strong>Susie Wiles<\/strong>, <strong>Steve<\/strong> <strong>Witkoff<\/strong>\u00a0ja\u00a0<strong>Jared Kushner<\/strong>. Kahden viimeisimm\u00e4n virka-asema on ep\u00e4selv\u00e4.<\/p>\n<p>Azerbaid\u017eanissa juuri kyseisen\u00e4 p\u00e4iv\u00e4n\u00e4 vieraillut varapresidentti <strong>J. D. Vance<\/strong> ei ollut paikalla 11.02., eik\u00e4 osallistunut tilaisuuteen videoyhteydell\u00e4k\u00e4\u00e4n.<\/p>\n<p>Isrelin puolelta oli -Netanyahun lis\u00e4ksi- \u00a0Israelin tiedustelupalvelu <strong>Mossad<\/strong>in johtaja\u00a0<strong>David Barnea<\/strong> ja er\u00e4it\u00e4 upseereja.<\/p>\n<p>Ainakin Marco Rubio ja JD Vance<strong>,<\/strong> olivat eri lehden mukaan mielt\u00e4 sotilaallisesta operaatiosta Iraniin.<\/p>\n<blockquote><p><span style=\"font-size: revert; color: initial;\">P\u00e4iv\u00e4\u00e4 my\u00f6hemmin Trumpin keskeiset avustajat hylk\u00e4siv\u00e4t (Netanyahun esitt\u00e4m\u00e4n) suunnitelman, jota Ratcllffe nimittikin suoraan\u00a0 &#8221;farssiksi&#8221; ja &#8221;h\u00f6lynp\u00f6lyksi&#8221;, <strong>The New York Times<\/strong>in mukaan. <\/span><\/p><\/blockquote>\n<p>Ett\u00e4 israelilaisten ehdotus oli ammattimiesten mielest\u00e4 ep\u00e4realistinen ja toimimaton,\u00a0 se ei k\u00e4\u00e4nt\u00e4nyt Trumpin p\u00e4\u00e4t\u00e4: Suunnitelma sopi h\u00e4nen ajatuksiinsa, -ja tapaansa toimia.<\/p>\n<blockquote><p>Muistelemme Trumpin my\u00f6hemp\u00e4\u00e4 lausahdusta, -kysytt\u00e4ess\u00e4 &#8217;kuka keksi operaatio &#8217;<strong>Epic fury<\/strong>n&#8217;: &#8221;Se oli sin\u00e4!&#8221;, sanoi Trump, Hegsehti\u00e4 osoittaen.<\/p><\/blockquote>\n<p>Nyt kuulemme, ett\u00e4 se olikin Netanyahu.<\/p>\n<p>Israelin p\u00e4\u00e4ministerin vaikuttimet Trumpin ylipuhumiseen eiv\u00e4t NYT:n raportissa ole p\u00e4\u00e4asia. Jotain voimme kuitenkin p\u00e4\u00e4tell\u00e4: Netanyahun hallituksen &#8221;<em>\u00e4\u00e4rioikeistolaiset<\/em>&#8221;, puolustusministeri <strong>Katz<\/strong>,\u00a0 <strong>Smotchrih<\/strong> ja <strong>Ben Gvir<\/strong> ovat olleet suopeita ns.<strong><em> juutalaissiirtokuntalaisten<\/em><\/strong> jyrkimmille ryhmille: <strong>Gazan<\/strong> <strong>kaistalta<\/strong> v.2006 evakuoitujen siirtokuntien entiset asukit ja my\u00f6s <strong>L\u00e4nsirannalla<\/strong> siirtokuntien laajentamista haahuilevat saattavat n\u00e4hd\u00e4 <em><strong>alueellisessa sodassa<\/strong><\/em> L\u00e4hi-id\u00e4ss\u00e4 mahdollisuuden tyhjent\u00e4\u00e4 Gaza palestiinalaisista, ja ehk\u00e4 L\u00e4nsirantakin?<\/p>\n<p>Motiivit t\u00e4h\u00e4n ovat osin uskonnolliset, osin rasistiset.<\/p>\n<p>Terroristij\u00e4rjest\u00f6 <strong>Hamas<\/strong> sai runsaasti tukea uskonnolliskonservatiivien johtamalta Iranilta, mutta my\u00f6s <strong>Turkista<\/strong> ja ainakin <strong>Qatarista<\/strong>. -&#8221;<em>Iranin proxy<\/em>&#8221; Hamas ei siis ollut siin\u00e4 mieless\u00e4, ett\u00e4 riippuvuus Teheranista olisi yksin hallinnut sen toimintaa.<\/p>\n<blockquote><p>Sota Iranin kanssa olisi saattanut olla Israelille -yksin toimien- liian suuri pala haukattavaksi. Siis: Puhutaanpas v\u00e4h\u00e4n Donaldille &#8230;?<\/p><\/blockquote>\n<p>Trumpi pehmitt\u00e4miseen kului 11. helmikuuta NYT:n mukaan noin tunti.\u00a0Trumpin p\u00e4\u00e4 siis k\u00e4\u00e4nnettiin, ja kun h\u00e4n oli tyk\u00e4stynyt ajatukseen, mik\u00e4\u00e4n ei h\u00e4nen kantaansa muuttanut.<\/p>\n<p>Netanyahun tiimi vakuutteli Trumpille, ett\u00e4 Iranin tammikuinen mielenosoitusten aalto muuttuu kapinaksi hallitusta vastaan, jos hallinnon voimia sopivasti heikennet\u00e4\u00e4n pommituksilla. -Jiohtop\u00e4\u00e4t\u00f6s pn virheellinen: Iranin -tai mink\u00e4 tahansa valtion- ollessa ulkomaisen sotilaallisen hy\u00f6kk\u00e4yksen kohteena protestointi johtajia vaataan rinnastuu helposti hy\u00f6kk\u00e4\u00e4jiin, -ja menett\u00e4\u00e4 sek\u00e4 vetovoimaansa ett\u00e4 oikeutustaan.<\/p>\n<p>Pommien pudoillessa v\u00e4kivallan k\u00e4ytt\u00f6 protesteja kohtaan ei sek\u00e4\u00e4n vaikuta niin rumalta. Mielenosoituksethan olivat olleet (p\u00e4\u00e4osin) rauhanomaisia, ja kukistamalla niit\u00e4 v\u00e4kivallalla Iranin johto menetti legitimiteetti\u00e4\u00e4n. (Ulkopuolinen hy\u00f6kk\u00e4\u00e4j\u00e4 antaa se takaisin.)<\/p>\n<blockquote><p>Netanyahun joukkueen toinen teesi, -ett\u00e4 Iranin ballistiset ohjukset voidaan tuhota niin, ettei Iran pysty halutessaan sulkemaan <strong>Hormuz<\/strong>-salmea- oli sekin virheellinen.<\/p><\/blockquote>\n<p>Lehti kertoi my\u00f6s Netanjahun aliarvioineen my\u00f6s Iranin vastaiskun todenn\u00e4k\u00f6isyyden -Yhdysvaltain sotilastukikohtiin Persianlahdella- &#8221;<em>minimaaliseksi<\/em>&#8221;.<\/p>\n<blockquote><p>&#8217;Trumpin silm\u00e4t loistivat. \u201dKuulostaa hyv\u00e4lt\u00e4\u201d, Trump sanoi Netanjahulle.&#8217;<\/p><\/blockquote>\n<h2>Trumpin ihastus Netanyahun ehdotukseen avasi kuilun h\u00e4nen ja tiimins\u00e4 v\u00e4lille.<\/h2>\n<p>Trumpin sis\u00e4piiri kokoontui jo 12. helmikuuta keskustelemaan sotasuunnitelmasta, jonka arvioimiseen tiedustelupalvelut ja sotilasesikunnat olivat saaneet aikaa vain vuorokauden. Trumpin tiimi sai kuulla, ett\u00e4 vain Iranin uskonnollisen johtajan, <strong>Ali Khamemne<\/strong>in, tappaminen ja Iranin ohjus-kapasiteetin tuhoamisella on edellytyksi\u00e4.<\/p>\n<blockquote><p>T\u00e4ss\u00e4 yhteydess\u00e4 CIA:n johtaja kutsui sunnitelmaa &#8221;farssiksi&#8221;, Rubion kompatessa, -NYT:n mukaan.<\/p><\/blockquote>\n<p>Vance varoitti 12.02. -kokouksessai, ett\u00e4 jos Yhdysvallat liittyisi sotaan,<em> useat Trumpin \u00e4\u00e4nest\u00e4j\u00e4t, jotka olivat \u00e4\u00e4nest\u00e4neet h\u00e4nen lupauksensa perusteella olla aloittamatta uusia sotia, pit\u00e4isiv\u00e4t sit\u00e4 petoksena<\/em>.<\/p>\n<p>My\u00f6nteisin sotasuunnitelmalle tiimiss\u00e4 saattoi olla\u00a0Hegseth. Kenraali Caine, ilmaisi kokouksessa skeptisyytt\u00e4\u00e4n.<\/p>\n<blockquote><p>&#8221;He myyv\u00e4t liikaa, eiv\u00e4tk\u00e4 heid\u00e4n suunnitelmansa ole aina hyvin kehiteltyj\u00e4. He tiet\u00e4v\u00e4t tarvitsevansa meit\u00e4, ja siksi he myyv\u00e4t kovasti&#8221;,\u00a0 Caine sanoi lehden mukaan. Kenraali huomautti my\u00f6s kehittyneiden ohjusten m\u00e4\u00e4r\u00e4n hupenemisesta.<\/p><\/blockquote>\n<p>Kansliap\u00e4\u00e4llikk\u00f6 Susie Wiles ei lehden mukaan kokouksessa paljoa puhunut. H\u00e4nen vuoronsa tuli vasta, kun jo kolme viikkoa jatkuneen sodan katastrofi alkoi olla jo silmin n\u00e4ht\u00e4viss\u00e4. Willis sai kertoa pomolle, ett\u00e4 on johtop\u00e4\u00e4t\u00f6sten aika. <img loading=\"lazy\" decoding=\"async\" class=\"alignnone size-full wp-image-144\" src=\"https:\/\/www.uutispeili.fi\/wp-content\/uploads\/2023\/11\/di.gold_.gif\" alt=\"\" width=\"11\" height=\"11\" \/><\/p>\n<p>Luettavaa:<\/p>\n<ul>\n<li><a href=\"https:\/\/www.indiatoday.in\/world\/story\/iran-war-trump-israel-netanyahu-farcical-bullshit-intel-2893223-2026-04-08\" target=\"_blank\" rel=\"noopener\"><strong>India Today<\/strong><\/a> 08.04. 2026,<\/li>\n<\/ul>\n<h2>Muita uutisia:<\/h2>\n<p>08.04. 2026:<\/p>\n<blockquote class=\"wp-embedded-content\" data-secret=\"PEAEH0t01A\"><p><a href=\"https:\/\/www.uutispeili.fi\/index.php\/2026\/04\/08\/trump-teki-sen-taas-vuosituhannen-anti-kliimax\/\">Trump teki sen taas, -vuosituhannen anti-kliimax<\/a><\/p><\/blockquote>\n<p><iframe class=\"wp-embedded-content\" sandbox=\"allow-scripts\" security=\"restricted\" style=\"position: absolute; clip: rect(1px, 1px, 1px, 1px);\" title=\"&#8221;Trump teki sen taas, -vuosituhannen anti-kliimax&#8221; &#8212; \" src=\"https:\/\/www.uutispeili.fi\/index.php\/2026\/04\/08\/trump-teki-sen-taas-vuosituhannen-anti-kliimax\/embed\/#?secret=fyaAWNJW98#?secret=PEAEH0t01A\" data-secret=\"PEAEH0t01A\" width=\"600\" height=\"338\" frameborder=\"0\" marginwidth=\"0\" marginheight=\"0\" scrolling=\"no\"><\/iframe><\/p>\n<p>07.04. 2026:<\/p>\n<blockquote class=\"wp-embedded-content\" data-secret=\"gFPzZ1JeuY\"><p><a href=\"https:\/\/www.uutispeili.fi\/index.php\/2026\/04\/07\/trumpin-maaraaika-taytyy-illalla\/\">Trumpin m\u00e4\u00e4r\u00e4aika t\u00e4yttyy illalla<\/a><\/p><\/blockquote>\n<p><iframe class=\"wp-embedded-content\" sandbox=\"allow-scripts\" security=\"restricted\" style=\"position: absolute; clip: rect(1px, 1px, 1px, 1px);\" title=\"&#8221;Trumpin m\u00e4\u00e4r\u00e4aika t\u00e4yttyy illalla&#8221; &#8212; \" src=\"https:\/\/www.uutispeili.fi\/index.php\/2026\/04\/07\/trumpin-maaraaika-taytyy-illalla\/embed\/#?secret=akMsyRTBsH#?secret=gFPzZ1JeuY\" data-secret=\"gFPzZ1JeuY\" width=\"600\" height=\"338\" frameborder=\"0\" marginwidth=\"0\" marginheight=\"0\" scrolling=\"no\"><\/iframe><\/p>\n<p>05.04. 2026:<\/p>\n<blockquote class=\"wp-embedded-content\" data-secret=\"sSs7dbWrBt\"><p><a href=\"https:\/\/www.uutispeili.fi\/index.php\/2026\/04\/05\/trump-nayttaa-tiistaina-puheet-alatyylia-jo-tanaan\/\">Trump &#8217;n\u00e4ytt\u00e4\u00e4&#8217; tiistaina, -puheet alatyyli\u00e4 jo t\u00e4n\u00e4\u00e4n<\/a><\/p><\/blockquote>\n<p><iframe class=\"wp-embedded-content\" sandbox=\"allow-scripts\" security=\"restricted\" style=\"position: absolute; clip: rect(1px, 1px, 1px, 1px);\" title=\"&#8221;Trump &#8217;n\u00e4ytt\u00e4\u00e4&#8217; tiistaina, -puheet alatyyli\u00e4 jo t\u00e4n\u00e4\u00e4n&#8221; &#8212; \" src=\"https:\/\/www.uutispeili.fi\/index.php\/2026\/04\/05\/trump-nayttaa-tiistaina-puheet-alatyylia-jo-tanaan\/embed\/#?secret=zniQJBdWRw#?secret=sSs7dbWrBt\" data-secret=\"sSs7dbWrBt\" width=\"600\" height=\"338\" frameborder=\"0\" marginwidth=\"0\" marginheight=\"0\" scrolling=\"no\"><\/iframe><\/p>\n<p>24.03. 2026:<\/p>\n<blockquote class=\"wp-embedded-content\" data-secret=\"04EeEBFypH\"><p><a href=\"https:\/\/www.uutispeili.fi\/index.php\/2026\/03\/24\/sodan-tarkoitus-on-sotiminen\/\">Sodan tarkoitus on sotiminen<\/a><\/p><\/blockquote>\n<p><iframe class=\"wp-embedded-content\" sandbox=\"allow-scripts\" security=\"restricted\" style=\"position: absolute; clip: rect(1px, 1px, 1px, 1px);\" title=\"&#8221;Sodan tarkoitus on sotiminen&#8221; &#8212; \" src=\"https:\/\/www.uutispeili.fi\/index.php\/2026\/03\/24\/sodan-tarkoitus-on-sotiminen\/embed\/#?secret=NEV1VKPVlq#?secret=04EeEBFypH\" data-secret=\"04EeEBFypH\" width=\"600\" height=\"338\" frameborder=\"0\" marginwidth=\"0\" marginheight=\"0\" scrolling=\"no\"><\/iframe><\/p>\n","protected":false},"excerpt":{"rendered":"<p>Jo aiemmin on kerrottu, ett\u00e4 Genevess\u00e4 (26. helmikuuta asti) Iranin ulkoministeritasoisen valtuuskunnan kanssa neuvotelleet Yhdysvaltain presidentin v\u00e4vy ja entinen kiinteist\u00f6v\u00e4litt\u00e4j\u00e4 antoivat v\u00e4rittyneen kuvan keskustelujen sis\u00e4ll\u00f6st\u00e4. Keskiviikkona kuulimme, ett\u00e4 11. helmikuuta &#8217;Oval Officessa&#8217; pidetty Trumpin ja Israelin p\u00e4\u00e4ministerin Benjamin Netanyahun tapaaminen oli saattanut sekin v\u00e4\u00e4rist\u00e4\u00e4 Trumpin todellisuuskuvaa. Useat lehdet ovat keskiviikkona kysyneet, johtivatko Israelin tiedustelun arviot [&hellip;]<\/p>\n","protected":false},"author":3,"featured_media":11929,"comment_status":"open","ping_status":"open","sticky":false,"template":"","format":"standard","meta":{"footnotes":""},"categories":[31,39,71,116],"tags":[],"_links":{"self":[{"href":"https:\/\/www.uutispeili.fi\/index.php\/wp-json\/wp\/v2\/posts\/11999"}],"collection":[{"href":"https:\/\/www.uutispeili.fi\/index.php\/wp-json\/wp\/v2\/posts"}],"about":[{"href":"https:\/\/www.uutispeili.fi\/index.php\/wp-json\/wp\/v2\/types\/post"}],"author":[{"embeddable":true,"href":"https:\/\/www.uutispeili.fi\/index.php\/wp-json\/wp\/v2\/users\/3"}],"replies":[{"embeddable":true,"href":"https:\/\/www.uutispeili.fi\/index.php\/wp-json\/wp\/v2\/comments?post=11999"}],"version-history":[{"count":3,"href":"https:\/\/www.uutispeili.fi\/index.php\/wp-json\/wp\/v2\/posts\/11999\/revisions"}],"predecessor-version":[{"id":12003,"href":"https:\/\/www.uutispeili.fi\/index.php\/wp-json\/wp\/v2\/posts\/11999\/revisions\/12003"}],"wp:featuredmedia":[{"embeddable":true,"href":"https:\/\/www.uutispeili.fi\/index.php\/wp-json\/wp\/v2\/media\/11929"}],"wp:attachment":[{"href":"https:\/\/www.uutispeili.fi\/index.php\/wp-json\/wp\/v2\/media?parent=11999"}],"wp:term":[{"taxonomy":"category","embeddable":true,"href":"https:\/\/www.uutispeili.fi\/index.php\/wp-json\/wp\/v2\/categories?post=11999"},{"taxonomy":"post_tag","embeddable":true,"href":"https:\/\/www.uutispeili.fi\/index.php\/wp-json\/wp\/v2\/tags?post=11999"}],"curies":[{"name":"wp","href":"https:\/\/api.w.org\/{rel}","templated":true}]}}