{"id":11970,"date":"2026-04-07T17:49:41","date_gmt":"2026-04-07T14:49:41","guid":{"rendered":"https:\/\/www.uutispeili.fi\/?p=11970"},"modified":"2026-04-08T14:20:16","modified_gmt":"2026-04-08T11:20:16","slug":"trumpin-maaraaika-taytyy-illalla","status":"publish","type":"post","link":"https:\/\/www.uutispeili.fi\/index.php\/2026\/04\/07\/trumpin-maaraaika-taytyy-illalla\/","title":{"rendered":"Trumpin m\u00e4\u00e4r\u00e4aika t\u00e4yttyy illalla"},"content":{"rendered":"<p><strong>Yhdysvaltain presidentin Donald Trumpin puheet muuttuvat yh\u00e4 h\u00e4lytt\u00e4vimm\u00e4ksi. Nyt puhutaan jo sivilisaation kuolemasta. Tarkastelemme.<\/strong><\/p>\n<p>(Kuvan aineisto eri l\u00e4hteist\u00e4.)<\/p>\n<p>Trimpin alkuper\u00e4inen viesti ilmestyi h\u00e4nen omassa some-palvelussaan, &#8217;<em>Truth Social<\/em>:ssa&#8217;: T\u00e4ss\u00e4 viesti X:ss\u00e4:<\/p>\n<p><a href=\"https:\/\/x.com\/TrumpTruthOnX\/status\/2041494762163957792\"><img loading=\"lazy\" decoding=\"async\" class=\"aligncenter wp-image-11974 size-full\" src=\"https:\/\/www.uutispeili.fi\/wp-content\/uploads\/2026\/04\/trump0704x-kuolee.png\" alt=\"\" width=\"599\" height=\"460\" srcset=\"https:\/\/www.uutispeili.fi\/wp-content\/uploads\/2026\/04\/trump0704x-kuolee.png 599w, https:\/\/www.uutispeili.fi\/wp-content\/uploads\/2026\/04\/trump0704x-kuolee-300x230.png 300w\" sizes=\"(max-width: 599px) 100vw, 599px\" \/><\/a><\/p>\n<ul>\n<li><a href=\"https:\/\/x.com\/TrumpTruthOnX\/status\/2041494762163957792\" target=\"_blank\" rel=\"noopener\">https:\/\/x.com\/TrumpTruthOnX\/status\/2041494762163957792<\/a><\/li>\n<\/ul>\n<blockquote><p>&#8221;Kokonainen sivilisaatio kuolee t\u00e4n\u00e4 y\u00f6n\u00e4, eik\u00e4 sit\u00e4 en\u00e4\u00e4 koskaan palauteta. En halua sen tapahtuvan, mutta se <strong>luultavasti tapahtuu<\/strong>. Nyt kun meill\u00e4 on kuitenkin t\u00e4ydellinen ja kokonaisvaltainen hallinnonvaihdos, jossa erilaiset, \u00e4lykk\u00e4\u00e4mm\u00e4t ja v\u00e4hemm\u00e4n radikalisoituneet mielet vallitsevat, ehk\u00e4 jotain vallankumouksellisen ihmeellist\u00e4 voi tapahtua, KUKA TIET\u00c4\u00c4? Saamme tiet\u00e4\u00e4 t\u00e4n\u00e4 iltana, yhdess\u00e4 maailman pitk\u00e4n ja monimutkaisen historian t\u00e4rkeimmist\u00e4 hetkist\u00e4. 47 vuotta kest\u00e4nyt kiristys, korruptio ja kuolema <strong>p\u00e4\u00e4ttyv\u00e4t vihdoin<\/strong>. Jumala siunatkoon Iranin suurta kansaa!&#8221; ( 7. huhtikuuta 08:06 ET)\u200b\u200b\u200b\u200b\u200b\u200b\u200b \u200c\u200d<\/p><\/blockquote>\n<p>Tekstin purkamiseen ei riit\u00e4 &#8221;<em>keitti\u00f6psykologian apro<\/em>&#8221;, joten j\u00e4t\u00e4mme sen suosiolla ammattihenkil\u00f6ille. -N\u00e4in maallikon silmin: T\u00e4m\u00e4 ei hyvin p\u00e4\u00e4ty.<\/p>\n<p>Vaikka <strong>L\u00e4hi-id\u00e4ss\u00e4<\/strong> on sodittu -yht\u00e4jaksoisesti- jo jonkin aikaa, joitain sodan kynnyksi\u00e4 on ylitt\u00e4m\u00e4tt\u00e4. -Niill\u00e4 on taipumus tulla ylitetyksi vain yhteen suuntaan.<\/p>\n<p>&#8217;<em>Eskalaatio<\/em>&#8217; on jo kulunut k\u00e4yt\u00f6ss\u00e4, ja jos\/kun sota laajenee tarpeeksi, se ei en\u00e4\u00e4 voi eskaloitua. -Mutk\u00e4 ovat vaihtoehdot?<\/p>\n<p>Iranin kannalta neuvotteleminen ja Trumpin &amp; Netanyahun kantojen my\u00f6t\u00e4ily ei ole t\u00e4h\u00e4nk\u00e4\u00e4n menness\u00e4 auttanut, joten emme tied\u00e4, mit\u00e4 tapahtuu, jos Teheranista ilmoitetaan, ett\u00e4 &#8221;<em>joo, me avaamme<\/em> <em>Hormuzin<\/em>&#8221;?<\/p>\n<p>Muuttaako se mit\u00e4\u00e4n. <img loading=\"lazy\" decoding=\"async\" class=\"alignnone size-full wp-image-144\" src=\"https:\/\/www.uutispeili.fi\/wp-content\/uploads\/2023\/11\/di.gold_.gif\" alt=\"\" width=\"11\" height=\"11\" \/><\/p>\n<p>Luettavaa:<\/p>\n<ul>\n<li><a href=\"https:\/\/www.is.fi\/ulkomaat\/art-2000011917601.html\" target=\"_blank\" rel=\"noopener\"><strong>Iltasanomat<\/strong><\/a> 07.04. 2026: Trumpin uhkaus Iranille: \u201d<a href=\"https:\/\/www.is.fi\/ulkomaat\/art-2000011917601.html\" target=\"_blank\" rel=\"noopener\"><em>Koko sivilisaatio kuolee t\u00e4n\u00e4 iltana<\/em><\/a>\u201d, IS seuraa t\u00e4ss\u00e4 artikkelissa tilannetta L\u00e4hi-id\u00e4ss\u00e4 (p\u00e4ivittyv\u00e4).<\/li>\n<li><a href=\"https:\/\/english.alarabiya.net\/News\/middle-east\/2026\/04\/07\/trump-says-a-whole-civilization-will-die-tonight-if-iran-does-not-make-a-deal\" target=\"_blank\" rel=\"noopener\"><strong>al-Arabiya<\/strong><\/a> 07.04. 2026: <a href=\"https:\/\/english.alarabiya.net\/News\/middle-east\/2026\/04\/07\/trump-says-a-whole-civilization-will-die-tonight-if-iran-does-not-make-a-deal\" target=\"_blank\" rel=\"noopener\">Trump: &#8221;Kokonainen sivilisaatio kuolee t\u00e4n\u00e4 y\u00f6n\u00e4&#8221;, jos Iran ei saa aikaan sopimusta<\/a>.<\/li>\n<li><a href=\"https:\/\/www.indiatoday.in\/world\/story\/trump-extends-iran-strait-hormuz-deadline-threatens-energy-sites-2892709-2026-04-07?utm_campaign=promotion&amp;utm_source=izooto&amp;utm_medium=push_notifications\" target=\"_blank\" rel=\"noopener\"><strong>India Today<\/strong><\/a> 07.04. 2026: <a href=\"https:\/\/www.indiatoday.in\/world\/story\/trump-extends-iran-strait-hormuz-deadline-threatens-energy-sites-2892709-2026-04-07?utm_campaign=promotion&amp;utm_source=izooto&amp;utm_medium=push_notifications\" target=\"_blank\" rel=\"noopener\">Trump pidensi Iranin m\u00e4\u00e4r\u00e4aikaa 48 tunnista 408 tuntiin<\/a>: Aikooko h\u00e4n jatkaa?; Trump on pident\u00e4nyt Iranille asettamansa m\u00e4\u00e4r\u00e4aikaa kolme kertaa t\u00e4h\u00e4n menness\u00e4 ja lyk\u00e4nnyt iskuja energialaitoksiin. H\u00e4nen uusi m\u00e4\u00e4r\u00e4aikansa p\u00e4\u00e4ttyy t\u00e4n\u00e4\u00e4n. Aikooko h\u00e4n p\u00e4\u00e4st\u00e4\u00e4 Iranin helvetin valloilleen vai antaako h\u00e4n sille lis\u00e4\u00e4 aikaa avata Hormuzinsalmi uudelleen?<\/li>\n<\/ul>\n<div class=\"ewndlf01 css-xm7a9b-ParagraphContainer\">\n<ul>\n<li class=\"ewndlf00 css-1al476c-FormattedText\"><span dir=\"auto\"><span dir=\"auto\"><a href=\"https:\/\/gulfbusiness.com\/en\/2026\/iran\/iran-10-point-plan-war-us-israel-trump-hormuz\/\" target=\"_blank\" rel=\"noopener\"><strong>Golf Business<\/strong><\/a> 07.04. 2026: <\/span><\/span>This is Iran\u2019s 10-point proposal to end the war:<\/li>\n<\/ul>\n<ol>\n<li><span style=\"font-size: revert; color: initial;\">Yhdysvaltojen on pohjimmiltaan sitouduttava hy\u00f6kk\u00e4\u00e4m\u00e4tt\u00f6myyden takaamiseen.<\/span><\/li>\n<li>Iranin hallinnan jatkuminen Hormuzinsalmessa.<\/li>\n<li>Iranin ydinohjelmaansa varten uraanin rikastusmahdollisuuden hyv\u00e4ksyminen<\/li>\n<li>Kaikkien Iranin vastaisten ensisijaisten pakotteiden poistaminen.<\/li>\n<li>Kaikkien toissijaisten pakotteiden poistaminen ulkomaisilta tahoilta, jotka tekev\u00e4t liiketoimintaa iranilaisten instituutioiden kanssa.<\/li>\n<li>Kaikkien Iraniin kohdistuvien Yhdistyneiden turvallisuusneuvoston p\u00e4\u00e4t\u00f6slauselmien loppu.<\/li>\n<li>Kaikkien Iranin ydinohjelmaa koskevien Kansainv\u00e4lisen atomienergiaj\u00e4rjest\u00f6n p\u00e4\u00e4t\u00f6slauselmien p\u00e4\u00e4ttyminen.<\/li>\n<li>Korvausten maksaminen Iranille sodan aiheuttamista vahingoista.<\/li>\n<li>Yhdysvaltain taistelujoukkojen vet\u00e4ytyminen alueelta.<\/li>\n<li>Tulitauko kaikilla rintamilla, mukaan lukien Israelin ja Hizbollahin v\u00e4linen konflikti Libanonissa.<\/li>\n<\/ol>\n<\/div>\n<p>Trumpin lehdist\u00f6tilaisuus maanantaina 06.04. 2026, (videointi White House):<br \/>\n<iframe loading=\"lazy\" title=\"President Trump Holds a Press Conference, Apr. 6, 2026\" src=\"https:\/\/www.youtube.com\/embed\/xFO-SY9ykdA\" width=\"859\" height=\"285\" frameborder=\"0\" allowfullscreen=\"allowfullscreen\"><\/iframe><\/p>\n<h2>Aiempia uutisia:<\/h2>\n<p>16.11. <strong>2024<\/strong>:<\/p>\n<blockquote class=\"wp-embedded-content\" data-secret=\"v7HlaWJ3kq\"><p><a href=\"https:\/\/www.uutispeili.fi\/index.php\/2024\/10\/16\/venajan-hyodylliselta-idiootilta-outo-avaus-jos-yhdysvallat-aloittaa-sodan-irania-vastaan-kolmas-maailmansota-nayttaa-varmalta\/\">Ven\u00e4j\u00e4n &#8217;hy\u00f6dylliselt\u00e4 idiootilta&#8217; outo avaus: &#8221;Jos Yhdysvallat aloittaa sodan Irania vastaan , kolmas maailmansota n\u00e4ytt\u00e4\u00e4 varmalta&#8221;<\/a><\/p><\/blockquote>\n<p><iframe class=\"wp-embedded-content\" sandbox=\"allow-scripts\" security=\"restricted\" style=\"position: absolute; clip: rect(1px, 1px, 1px, 1px);\" title=\"&#8221;Ven\u00e4j\u00e4n &#8217;hy\u00f6dylliselt\u00e4 idiootilta&#8217; outo avaus: &#8221;Jos Yhdysvallat aloittaa sodan Irania vastaan , kolmas maailmansota n\u00e4ytt\u00e4\u00e4 varmalta&#8221;&#8221; &#8212; \" src=\"https:\/\/www.uutispeili.fi\/index.php\/2024\/10\/16\/venajan-hyodylliselta-idiootilta-outo-avaus-jos-yhdysvallat-aloittaa-sodan-irania-vastaan-kolmas-maailmansota-nayttaa-varmalta\/embed\/#?secret=EVq8tgLcUt#?secret=v7HlaWJ3kq\" data-secret=\"v7HlaWJ3kq\" width=\"600\" height=\"338\" frameborder=\"0\" marginwidth=\"0\" marginheight=\"0\" scrolling=\"no\"><\/iframe><\/p>\n<p>05.03. 2026:<\/p>\n<blockquote class=\"wp-embedded-content\" data-secret=\"PYKeq8B6SI\"><p><a href=\"https:\/\/www.uutispeili.fi\/index.php\/2026\/03\/05\/muistin-virkistamiseksi-iran-suostui-genevessa-luopumaan-uraanin-varastoimisesta\/\">Muistin virkist\u00e4miseksi: Iran suostui Genevess\u00e4 luopumaan uraanin varastoimisesta<\/a><\/p><\/blockquote>\n<p><iframe class=\"wp-embedded-content\" sandbox=\"allow-scripts\" security=\"restricted\" style=\"position: absolute; clip: rect(1px, 1px, 1px, 1px);\" title=\"&#8221;Muistin virkist\u00e4miseksi: Iran suostui Genevess\u00e4 luopumaan uraanin varastoimisesta&#8221; &#8212; \" src=\"https:\/\/www.uutispeili.fi\/index.php\/2026\/03\/05\/muistin-virkistamiseksi-iran-suostui-genevessa-luopumaan-uraanin-varastoimisesta\/embed\/#?secret=zBEK7zvL2A#?secret=PYKeq8B6SI\" data-secret=\"PYKeq8B6SI\" width=\"600\" height=\"338\" frameborder=\"0\" marginwidth=\"0\" marginheight=\"0\" scrolling=\"no\"><\/iframe><\/p>\n<p>04.03. 2026:<\/p>\n<blockquote class=\"wp-embedded-content\" data-secret=\"mCmscf8v5y\"><p><a href=\"https:\/\/www.uutispeili.fi\/index.php\/2026\/03\/04\/kuka-on-oikeassa\/\">Kuka on oikeassa?<\/a><\/p><\/blockquote>\n<p><iframe class=\"wp-embedded-content\" sandbox=\"allow-scripts\" security=\"restricted\" style=\"position: absolute; clip: rect(1px, 1px, 1px, 1px);\" title=\"&#8221;Kuka on oikeassa?&#8221; &#8212; \" src=\"https:\/\/www.uutispeili.fi\/index.php\/2026\/03\/04\/kuka-on-oikeassa\/embed\/#?secret=hHzSXmu3CY#?secret=mCmscf8v5y\" data-secret=\"mCmscf8v5y\" width=\"600\" height=\"338\" frameborder=\"0\" marginwidth=\"0\" marginheight=\"0\" scrolling=\"no\"><\/iframe><\/p>\n<p>06.04. 2026:<\/p>\n<blockquote class=\"wp-embedded-content\" data-secret=\"G0YIN4sTyC\"><p><a href=\"https:\/\/www.uutispeili.fi\/index.php\/2026\/04\/06\/pakistan-aktiivisena-iran-vastaa-tulitaukoehdotuksiin\/\">Pakistan aktiivisena: Iran vastaa tulitaukoehdotuksiin<\/a><\/p><\/blockquote>\n<p><iframe class=\"wp-embedded-content\" sandbox=\"allow-scripts\" security=\"restricted\" style=\"position: absolute; clip: rect(1px, 1px, 1px, 1px);\" title=\"&#8221;Pakistan aktiivisena: Iran vastaa tulitaukoehdotuksiin&#8221; &#8212; \" src=\"https:\/\/www.uutispeili.fi\/index.php\/2026\/04\/06\/pakistan-aktiivisena-iran-vastaa-tulitaukoehdotuksiin\/embed\/#?secret=lKy8nFoY5o#?secret=G0YIN4sTyC\" data-secret=\"G0YIN4sTyC\" width=\"600\" height=\"338\" frameborder=\"0\" marginwidth=\"0\" marginheight=\"0\" scrolling=\"no\"><\/iframe><\/p>\n<p>05.04. 2026:<\/p>\n<blockquote class=\"wp-embedded-content\" data-secret=\"dfEDYDl681\"><p><a href=\"https:\/\/www.uutispeili.fi\/index.php\/2026\/04\/05\/tuhot-leviavat-iranissa-ja-israelissa-sodassa-joka-palvelee-vain-eraiden-johtajien-loukkaantuneita-egoja\/\">Tuhot levi\u00e4v\u00e4t Iranissa ja Israelissa, sodassa joka palvelee vain er\u00e4iden johtajien loukkaantuneita egoja<\/a><\/p><\/blockquote>\n<p><iframe class=\"wp-embedded-content\" sandbox=\"allow-scripts\" security=\"restricted\" style=\"position: absolute; clip: rect(1px, 1px, 1px, 1px);\" title=\"&#8221;Tuhot levi\u00e4v\u00e4t Iranissa ja Israelissa, sodassa joka palvelee vain er\u00e4iden johtajien loukkaantuneita egoja&#8221; &#8212; \" src=\"https:\/\/www.uutispeili.fi\/index.php\/2026\/04\/05\/tuhot-leviavat-iranissa-ja-israelissa-sodassa-joka-palvelee-vain-eraiden-johtajien-loukkaantuneita-egoja\/embed\/#?secret=SwWHSJ5L4S#?secret=dfEDYDl681\" data-secret=\"dfEDYDl681\" width=\"600\" height=\"338\" frameborder=\"0\" marginwidth=\"0\" marginheight=\"0\" scrolling=\"no\"><\/iframe><\/p>\n<p>02.04. 2026:<\/p>\n<blockquote class=\"wp-embedded-content\" data-secret=\"hGygPeh4a1\"><p><a href=\"https:\/\/www.uutispeili.fi\/index.php\/2026\/04\/02\/iranin-presidentti-vetoaa-yhdysvaltain-kansaan\/\">Iranin presidentti vetoaa Yhdysvaltain kansaan<\/a><\/p><\/blockquote>\n<p><iframe class=\"wp-embedded-content\" sandbox=\"allow-scripts\" security=\"restricted\" style=\"position: absolute; clip: rect(1px, 1px, 1px, 1px);\" title=\"&#8221;Iranin presidentti vetoaa Yhdysvaltain kansaan&#8221; &#8212; \" src=\"https:\/\/www.uutispeili.fi\/index.php\/2026\/04\/02\/iranin-presidentti-vetoaa-yhdysvaltain-kansaan\/embed\/#?secret=dFscN0pLLq#?secret=hGygPeh4a1\" data-secret=\"hGygPeh4a1\" width=\"600\" height=\"338\" frameborder=\"0\" marginwidth=\"0\" marginheight=\"0\" scrolling=\"no\"><\/iframe><\/p>\n<p>20.06. <strong>2025<\/strong>:<\/p>\n<blockquote class=\"wp-embedded-content\" data-secret=\"TgyWQFQPo5\"><p><a href=\"https:\/\/www.uutispeili.fi\/index.php\/2025\/06\/20\/vapaa-tiedonvalitys-tehoaa-iranin-hulluihin-pappeihin-paremmin-kuin-trumpin-ihmepommi-ja-netanyahun-uho\/\">Vapaa tiedonv\u00e4litys tehoaa Iranin hulluihin pappeihin paremmin, kuin Trumpin ihmepommi ja Netanyahun uho<\/a><\/p><\/blockquote>\n<p><iframe class=\"wp-embedded-content\" sandbox=\"allow-scripts\" security=\"restricted\" style=\"position: absolute; clip: rect(1px, 1px, 1px, 1px);\" title=\"&#8221;Vapaa tiedonv\u00e4litys tehoaa Iranin hulluihin pappeihin paremmin, kuin Trumpin ihmepommi ja Netanyahun uho&#8221; &#8212; \" src=\"https:\/\/www.uutispeili.fi\/index.php\/2025\/06\/20\/vapaa-tiedonvalitys-tehoaa-iranin-hulluihin-pappeihin-paremmin-kuin-trumpin-ihmepommi-ja-netanyahun-uho\/embed\/#?secret=4UuvH9cGYL#?secret=TgyWQFQPo5\" data-secret=\"TgyWQFQPo5\" width=\"600\" height=\"338\" frameborder=\"0\" marginwidth=\"0\" marginheight=\"0\" scrolling=\"no\"><\/iframe><\/p>\n","protected":false},"excerpt":{"rendered":"<p>Yhdysvaltain presidentin Donald Trumpin puheet muuttuvat yh\u00e4 h\u00e4lytt\u00e4vimm\u00e4ksi. Nyt puhutaan jo sivilisaation kuolemasta. Tarkastelemme. (Kuvan aineisto eri l\u00e4hteist\u00e4.) Trimpin alkuper\u00e4inen viesti ilmestyi h\u00e4nen omassa some-palvelussaan, &#8217;Truth Social:ssa&#8217;: T\u00e4ss\u00e4 viesti X:ss\u00e4: https:\/\/x.com\/TrumpTruthOnX\/status\/2041494762163957792 &#8221;Kokonainen sivilisaatio kuolee t\u00e4n\u00e4 y\u00f6n\u00e4, eik\u00e4 sit\u00e4 en\u00e4\u00e4 koskaan palauteta. En halua sen tapahtuvan, mutta se luultavasti tapahtuu. Nyt kun meill\u00e4 on kuitenkin t\u00e4ydellinen [&hellip;]<\/p>\n","protected":false},"author":3,"featured_media":11971,"comment_status":"open","ping_status":"open","sticky":false,"template":"","format":"standard","meta":{"footnotes":""},"categories":[31,107,116,29,127],"tags":[],"_links":{"self":[{"href":"https:\/\/www.uutispeili.fi\/index.php\/wp-json\/wp\/v2\/posts\/11970"}],"collection":[{"href":"https:\/\/www.uutispeili.fi\/index.php\/wp-json\/wp\/v2\/posts"}],"about":[{"href":"https:\/\/www.uutispeili.fi\/index.php\/wp-json\/wp\/v2\/types\/post"}],"author":[{"embeddable":true,"href":"https:\/\/www.uutispeili.fi\/index.php\/wp-json\/wp\/v2\/users\/3"}],"replies":[{"embeddable":true,"href":"https:\/\/www.uutispeili.fi\/index.php\/wp-json\/wp\/v2\/comments?post=11970"}],"version-history":[{"count":5,"href":"https:\/\/www.uutispeili.fi\/index.php\/wp-json\/wp\/v2\/posts\/11970\/revisions"}],"predecessor-version":[{"id":11992,"href":"https:\/\/www.uutispeili.fi\/index.php\/wp-json\/wp\/v2\/posts\/11970\/revisions\/11992"}],"wp:featuredmedia":[{"embeddable":true,"href":"https:\/\/www.uutispeili.fi\/index.php\/wp-json\/wp\/v2\/media\/11971"}],"wp:attachment":[{"href":"https:\/\/www.uutispeili.fi\/index.php\/wp-json\/wp\/v2\/media?parent=11970"}],"wp:term":[{"taxonomy":"category","embeddable":true,"href":"https:\/\/www.uutispeili.fi\/index.php\/wp-json\/wp\/v2\/categories?post=11970"},{"taxonomy":"post_tag","embeddable":true,"href":"https:\/\/www.uutispeili.fi\/index.php\/wp-json\/wp\/v2\/tags?post=11970"}],"curies":[{"name":"wp","href":"https:\/\/api.w.org\/{rel}","templated":true}]}}