{"id":11901,"date":"2026-04-04T17:01:14","date_gmt":"2026-04-04T14:01:14","guid":{"rendered":"https:\/\/www.uutispeili.fi\/?p=11901"},"modified":"2026-04-04T17:06:18","modified_gmt":"2026-04-04T14:06:18","slug":"ammattidiesel-jai-tyhjaksi-lupaukseksi-hallituksen-vatuloinnin-takia-sanoo-keskustan-tuomas-kettunen","status":"publish","type":"post","link":"https:\/\/www.uutispeili.fi\/index.php\/2026\/04\/04\/ammattidiesel-jai-tyhjaksi-lupaukseksi-hallituksen-vatuloinnin-takia-sanoo-keskustan-tuomas-kettunen\/","title":{"rendered":"Ammattidiesel j\u00e4i tyhj\u00e4ksi lupaukseksi hallituksen vatuloinnin takia, sanoo Keskustan Tuomas Kettunen"},"content":{"rendered":"<p><strong>Keskustan varapuheenjohtaja, kansanedustaja Tuomas Kettunen on tyrmistynyt tiedosta, ett\u00e4 hallitus ei ole edes aloittanut ammattidieselin valmistelua.<\/strong><\/p>\n<p>(Arkistokuva, kuval\u00e4hde: Eduskunta.)<\/p>\n<p><strong>Riikka Purra<\/strong>n (Perussuomalaiset) johtama valtiovarainministeri\u00f6 torjuu <strong>ammattidieselin<\/strong> k\u00e4ytt\u00f6\u00f6noton polttoaineen hintakriisin helpottamiseksi (IS 1.4.). Kettunen ihmettelee, miksi Purran ministeri\u00f6 ei ole tehnyt yht\u00e4\u00e4n mit\u00e4\u00e4n ammattidieselin k\u00e4ytt\u00f6\u00f6nottamiseksi, vaikka asiasta on tehty selvitykset ja p\u00e4\u00e4t\u00f6kset jo vuosia sitten.<\/p>\n<h2>&#8221;<em>Ammattidieseli\u00e4 ei t\u00e4ll\u00e4 hallituskaudella tule<\/em>&#8221;<\/h2>\n<blockquote><p>&#8211; Ammattidiesel luvattiin kuljetusalan avuksi. Nyt VM:n virkakunta kertoo, ett\u00e4 mit\u00e4\u00e4n asian hoitamiseksi ei ole tehty, ja jos alettaisiin tekem\u00e4\u00e4n, olisi edess\u00e4 vuoden projekti. Mit\u00e4 ihmett\u00e4? Kuljetusala on totaaliseesti petetty, Kettunen sanoo.<\/p><\/blockquote>\n<p><em>&#8211; Ministeri\u00f6ist\u00e4 kerrotaan, ett\u00e4 ammattidieseli\u00e4 ei t\u00e4ll\u00e4 hallituskaudella tule. Kyseess\u00e4 on valtiovarainministeri Purralta totaalinen ep\u00e4onnistuminen, ja laskun maksaa jokainen suomalainen kallistuneiden kuljetusten my\u00f6t\u00e4.<\/em><\/p>\n<h2><em>&#8217;Polttoaineiden arvonlis\u00e4vero nousi 25,5 prosenttiin<\/em>&#8217;<\/h2>\n<p>Kettunen huomauttaa my\u00f6s, ett\u00e4 virkakunta taipuu kyll\u00e4 enn\u00e4tysm\u00e4isen nopeisiin suorituksiin, jos poliittisilla johtajilla on tarpeeksi tahtoa. Esimerkkin\u00e4 Kettunen k\u00e4ytt\u00e4\u00e4 <strong>Petteri Orpo<\/strong>n (Kokoomus) hallituksen p\u00e4\u00e4t\u00f6st\u00e4 nostaa <strong>polttoaineiden arvonlis\u00e4vero<\/strong> kesken vuoden enn\u00e4tyslukemiin. N\u00e4in tapahtui, kun hallitus muutamassa kuukaudessa nosti bensan ja dieselin arvonlis\u00e4veron 25,5 prosenttiin. P\u00e4\u00e4t\u00f6s veronkiristyksest\u00e4 tehtiin huhtikuussa, ja kiristys astui voimaan syyskuussa.<\/p>\n<blockquote><p>&#8211; Veronkiristykset kyll\u00e4 rusikoidaan maaliin muutamassa kuukaudessa, mutta kuljetusalan h\u00e4d\u00e4n edess\u00e4 levitell\u00e4\u00e4n k\u00e4si\u00e4 ja sanotaan, ett\u00e4 asia hoituu sitten vuosien p\u00e4\u00e4st\u00e4, jos sittenk\u00e4\u00e4n.<\/p><\/blockquote>\n<p><em>&#8211; Virkakunta selitt\u00e4\u00e4 mediassa, ett\u00e4 tietoj\u00e4rjestelm\u00e4t ovat mutkikkaita ja lakitekstikin on viel\u00e4 l\u00e4hett\u00e4m\u00e4tt\u00e4 lausunnoilla. Purran putiikki suoltaa selityksi\u00e4, mutta miss\u00e4 ovat teot?<\/em><\/p>\n<blockquote><p>&#8211; Ammattidiesel on jo selvitetty, luvattu ja unohdettu. Nyt pumppuhinnat ovat taivaissa, mit\u00e4\u00e4n ei tehd\u00e4 ja p\u00e4\u00e4 j\u00e4\u00e4 vet\u00e4v\u00e4n k\u00e4teen. Kyseess\u00e4 on Orpon hallituksen t\u00e4ydellinen mahalasku, Kettunen moittii. <img loading=\"lazy\" decoding=\"async\" class=\"alignnone size-full wp-image-144\" src=\"https:\/\/www.uutispeili.fi\/wp-content\/uploads\/2023\/11\/di.gold_.gif\" alt=\"\" width=\"11\" height=\"11\" \/><\/p><\/blockquote>\n<p>(Uutispeili ei ole muokannut artikkelin sis\u00e4lt\u00f6\u00e4.)<\/p>\n","protected":false},"excerpt":{"rendered":"<p>Keskustan varapuheenjohtaja, kansanedustaja Tuomas Kettunen on tyrmistynyt tiedosta, ett\u00e4 hallitus ei ole edes aloittanut ammattidieselin valmistelua. (Arkistokuva, kuval\u00e4hde: Eduskunta.) Riikka Purran (Perussuomalaiset) johtama valtiovarainministeri\u00f6 torjuu ammattidieselin k\u00e4ytt\u00f6\u00f6noton polttoaineen hintakriisin helpottamiseksi (IS 1.4.). Kettunen ihmettelee, miksi Purran ministeri\u00f6 ei ole tehnyt yht\u00e4\u00e4n mit\u00e4\u00e4n ammattidieselin k\u00e4ytt\u00f6\u00f6nottamiseksi, vaikka asiasta on tehty selvitykset ja p\u00e4\u00e4t\u00f6kset jo vuosia sitten. &#8221;Ammattidieseli\u00e4 [&hellip;]<\/p>\n","protected":false},"author":3,"featured_media":11187,"comment_status":"open","ping_status":"open","sticky":false,"template":"","format":"standard","meta":{"footnotes":""},"categories":[43],"tags":[],"_links":{"self":[{"href":"https:\/\/www.uutispeili.fi\/index.php\/wp-json\/wp\/v2\/posts\/11901"}],"collection":[{"href":"https:\/\/www.uutispeili.fi\/index.php\/wp-json\/wp\/v2\/posts"}],"about":[{"href":"https:\/\/www.uutispeili.fi\/index.php\/wp-json\/wp\/v2\/types\/post"}],"author":[{"embeddable":true,"href":"https:\/\/www.uutispeili.fi\/index.php\/wp-json\/wp\/v2\/users\/3"}],"replies":[{"embeddable":true,"href":"https:\/\/www.uutispeili.fi\/index.php\/wp-json\/wp\/v2\/comments?post=11901"}],"version-history":[{"count":2,"href":"https:\/\/www.uutispeili.fi\/index.php\/wp-json\/wp\/v2\/posts\/11901\/revisions"}],"predecessor-version":[{"id":11903,"href":"https:\/\/www.uutispeili.fi\/index.php\/wp-json\/wp\/v2\/posts\/11901\/revisions\/11903"}],"wp:featuredmedia":[{"embeddable":true,"href":"https:\/\/www.uutispeili.fi\/index.php\/wp-json\/wp\/v2\/media\/11187"}],"wp:attachment":[{"href":"https:\/\/www.uutispeili.fi\/index.php\/wp-json\/wp\/v2\/media?parent=11901"}],"wp:term":[{"taxonomy":"category","embeddable":true,"href":"https:\/\/www.uutispeili.fi\/index.php\/wp-json\/wp\/v2\/categories?post=11901"},{"taxonomy":"post_tag","embeddable":true,"href":"https:\/\/www.uutispeili.fi\/index.php\/wp-json\/wp\/v2\/tags?post=11901"}],"curies":[{"name":"wp","href":"https:\/\/api.w.org\/{rel}","templated":true}]}}