{"id":11896,"date":"2026-04-04T14:13:09","date_gmt":"2026-04-04T11:13:09","guid":{"rendered":"https:\/\/www.uutispeili.fi\/?p=11896"},"modified":"2026-04-05T02:44:09","modified_gmt":"2026-04-04T23:44:09","slug":"koiviston-konklaavi-rikkoi-talouden-ja-oikeusvaltion","status":"publish","type":"post","link":"https:\/\/www.uutispeili.fi\/index.php\/2026\/04\/04\/koiviston-konklaavi-rikkoi-talouden-ja-oikeusvaltion\/","title":{"rendered":"&#8217;Koiviston konklaavi&#8217; rikkoi talouden ja oikeusvaltion"},"content":{"rendered":"<p><strong>Hannu Rekil\u00e4 kirjoittaa Suomen 1990-luvun negatiivisesta talousihmeest\u00e4, jonka seurauksista k\u00e4rsimme yh\u00e4. ja &#8221;presidentin oikeuspoliittisesta seminaarista&#8217;, jonka presidentti Mauno Koivisto (SDP) oli kutsunut koolle linnaan keskustelemaan valuuttapoliittisesti tehdyn talouslaman j\u00e4lkitoimista.<\/strong><\/p>\n<p>Suomen tuhon tie sai alkuunsa ns. <strong>Koiviston konklaavin<\/strong> p\u00e4\u00e4t\u00f6ksist\u00e4. N\u00e4iss\u00e4 p\u00e4\u00e4t\u00f6ksiss\u00e4 rehellisyys ja oikeudenmukaisuus siirrettiin syrj\u00e4\u00e4n ja oikeuslaitos sai vallan tehd\u00e4 p\u00e4\u00e4t\u00f6ksi\u00e4 ihan muun kuin lakikirjan pohjalta.<\/p>\n<blockquote><p>Kun v\u00e4\u00e4ryys ja paha saa vallan se tulee v\u00e4ist\u00e4m\u00e4tt\u00e4 romahduttamaan mink\u00e4 tahansa oikeusvaltion, ja ne periaatteet joille oikeusvaltio on rakennettu.<\/p><\/blockquote>\n<p>T\u00e4lle romahdukselle on luotu kasvualusta <strong>90-luvun pankkikriisin<\/strong> aikana. (<em>Koiviston konklaavin<\/em>) Kaikki se t\u00f6rke\u00e4 laittomuus, joka Suomessa sallittiin niin\u00e4 vuosina yritt\u00e4ji\u00e4 ja yksityishenkil\u00f6it\u00e4 kohtaan johti siihen, ett\u00e4 yhteiskunnan moraalinen selk\u00e4ranka tuhoutui.<\/p>\n<blockquote><p>Oikeuslaitos, ulosotto, kiinteist\u00f6v\u00e4litt\u00e4j\u00e4t, yhdess\u00e4 pankkilakimiesten ja konkurssipesi\u00e4 hoitavien asianajajien kanssa, syyllistyi sellaiseen laittomaan ry\u00f6st\u00e4miseen, ett\u00e4 kansalaiset eiv\u00e4t sit\u00e4 viel\u00e4k\u00e4\u00e4n pysty ymm\u00e4rt\u00e4m\u00e4\u00e4n.<\/p><\/blockquote>\n<p>N\u00e4it\u00e4 rikollisia ei ole koskaan saatettu vastuuseen, koska oikeuslaitos oli osallinen t\u00e4m\u00e4n massiivisen ry\u00f6st\u00f6n ja tuhon toteuttamisessa.<\/p>\n<p>Tuhoavia toimintatapoja ei ole muutettu ts. niist\u00e4 ei ole luovuttu pankkikriisin j\u00e4lkeen. Ne ovat edelleen voimassa.<\/p>\n<p>Pankkikriisin laittomuuksien ja kohtuuttomuuksien uhrit eiv\u00e4t ole koskaan saaneet oikeutta. P\u00e4invastoin. Julkisessa sanassa, ts. Media on koko ajan pit\u00e4nyt kansalaisilla yll\u00e4 k\u00e4sityst\u00e4, joka selitti pankkikriisin uhrien omaksi syyksi kaiken sen, mit\u00e4 heille tapahtui. &#8221;Voittajat kirjoittavat historian&#8221;. Niin tapahtui pankkikriisinkin j\u00e4lkeen.<\/p>\n<h2><em>&#8217;Rehellisyys tuhottiin silloin<\/em>&#8217;<\/h2>\n<p>Suomalaiseen yhteiskuntaan liittynyt rehellisyys-k\u00e4site tuhottiin silloin. Ja, koska oikeuslaitoksen ja eri toimijoiden graavit laittomuudet salattiin ja piilotettiin, seurasi siit\u00e4, ett\u00e4 laittomat ja moraalittomat ja ep\u00e4eettiset toimintatavat alkoivat vallata enemm\u00e4n ja enemm\u00e4n ns. verhojen takana tapahtuvaa todellista yhteiskunnallista p\u00e4\u00e4t\u00f6ksentekoa.<\/p>\n<p>Ep\u00e4is\u00e4nmaallisuus ja monella tavalla tapahtuva vallalla ja rahalla vietteleminen, ko rruptio, lis\u00e4\u00e4ntyi ja valtasi sy\u00f6p\u00e4n\u00e4 koko Suomi-neidon.<\/p>\n<p>Nyt olemme t\u00e4ss\u00e4.<\/p>\n<blockquote><p>Suomi kaipaisi monenlaisia <strong>totuuskomissioita<\/strong>, mutta nykyjohdolla ei ole mit\u00e4\u00e4n intressi\u00e4 sallia sellaisten kokoamista ja toimintaa.<\/p><\/blockquote>\n<p>Mauno Koiviston -SDP j\u00e4senen- teko on yksi Suomen historian suurimpia virheit\u00e4 ja rikos joka ei vanhene. Miksi sit\u00e4 ei koskaan ole k\u00e4sitelty.<\/p>\n<p><strong>Hannu Rekil\u00e4\u00a0<\/strong><\/p>\n<p>03.04. 2026<\/p>\n<p>Videolla <strong>Jorma Jaakkola<\/strong>:<\/p>\n<p>Koiviston konklaavi: VAIETTU RIKOS<br \/>\n<iframe loading=\"lazy\" title=\"Koiviston konklaavi: VAIETTU RIKOS\" src=\"https:\/\/www.youtube.com\/embed\/-ZTx-SwVYDQ\" width=\"859\" height=\"285\" frameborder=\"0\" allowfullscreen=\"allowfullscreen\"><\/iframe><\/p>\n<h2>Muita uutisia:<\/h2>\n<p>15.09. <strong>2024<\/strong>:<\/p>\n<blockquote class=\"wp-embedded-content\" data-secret=\"ily5ZmSo7C\"><p><a href=\"https:\/\/www.uutispeili.fi\/index.php\/2024\/09\/15\/toistuuko-sonera-ceissi-elakesaastot-vapautetaan-vivutukseen\/\">Toistuuko &#8217;Sonera-ceissi&#8217;: El\u00e4kes\u00e4\u00e4st\u00f6t vapautetaan &#8217;vivutukseen&#8217;<\/a><\/p><\/blockquote>\n<p><iframe class=\"wp-embedded-content\" sandbox=\"allow-scripts\" security=\"restricted\" style=\"position: absolute; clip: rect(1px, 1px, 1px, 1px);\" title=\"&#8221;Toistuuko &#8217;Sonera-ceissi&#8217;: El\u00e4kes\u00e4\u00e4st\u00f6t vapautetaan &#8217;vivutukseen&#8217;&#8221; &#8212; \" src=\"https:\/\/www.uutispeili.fi\/index.php\/2024\/09\/15\/toistuuko-sonera-ceissi-elakesaastot-vapautetaan-vivutukseen\/embed\/#?secret=wBBfT5wevo#?secret=ily5ZmSo7C\" data-secret=\"ily5ZmSo7C\" width=\"600\" height=\"338\" frameborder=\"0\" marginwidth=\"0\" marginheight=\"0\" scrolling=\"no\"><\/iframe><\/p>\n<p>13.01. <strong>2024<\/strong>:<\/p>\n<blockquote class=\"wp-embedded-content\" data-secret=\"8mqOU2rgsN\"><p><a href=\"https:\/\/www.uutispeili.fi\/index.php\/2024\/01\/13\/turhien-byrokraattien-heimopaallikko-haluaa-sailaksen-tapaan-uhrata-julkiset-palvelut-hallintohimmelien-sailyttamiseksi\/\">Turhien byrokraattien heimop\u00e4\u00e4llikk\u00f6 haluaa -Sailaksen tapaan- uhrata julkiset palvelut hallintohimmelien s\u00e4ilytt\u00e4miseksi.<\/a><\/p><\/blockquote>\n<p><iframe class=\"wp-embedded-content\" sandbox=\"allow-scripts\" security=\"restricted\" style=\"position: absolute; clip: rect(1px, 1px, 1px, 1px);\" title=\"&#8221;Turhien byrokraattien heimop\u00e4\u00e4llikk\u00f6 haluaa -Sailaksen tapaan- uhrata julkiset palvelut hallintohimmelien s\u00e4ilytt\u00e4miseksi.&#8221; &#8212; \" src=\"https:\/\/www.uutispeili.fi\/index.php\/2024\/01\/13\/turhien-byrokraattien-heimopaallikko-haluaa-sailaksen-tapaan-uhrata-julkiset-palvelut-hallintohimmelien-sailyttamiseksi\/embed\/#?secret=ck8b3UvWLO#?secret=8mqOU2rgsN\" data-secret=\"8mqOU2rgsN\" width=\"600\" height=\"338\" frameborder=\"0\" marginwidth=\"0\" marginheight=\"0\" scrolling=\"no\"><\/iframe><\/p>\n<p>12.03. 2026:<\/p>\n<blockquote class=\"wp-embedded-content\" data-secret=\"5XOsVAGpkf\"><p><a href=\"https:\/\/www.uutispeili.fi\/index.php\/2026\/03\/18\/ammattiyhdistysliikkeen-hankkimat-saavutetut-edut-aina-tappolistalla-virkasosialistien-saavuttamat-asemat-eivat-koskaan\/\">Ammattiyhdistysliikkeen hankkimat &#8217;saavutetut edut&#8217; aina tappolistalla, virkasosialistien saavuttamat asemat eiv\u00e4t koskaan<\/a><\/p><\/blockquote>\n<p><iframe class=\"wp-embedded-content\" sandbox=\"allow-scripts\" security=\"restricted\" style=\"position: absolute; clip: rect(1px, 1px, 1px, 1px);\" title=\"&#8221;Ammattiyhdistysliikkeen hankkimat &#8217;saavutetut edut&#8217; aina tappolistalla, virkasosialistien saavuttamat asemat eiv\u00e4t koskaan&#8221; &#8212; \" src=\"https:\/\/www.uutispeili.fi\/index.php\/2026\/03\/18\/ammattiyhdistysliikkeen-hankkimat-saavutetut-edut-aina-tappolistalla-virkasosialistien-saavuttamat-asemat-eivat-koskaan\/embed\/#?secret=aDZ9IbszeD#?secret=5XOsVAGpkf\" data-secret=\"5XOsVAGpkf\" width=\"600\" height=\"338\" frameborder=\"0\" marginwidth=\"0\" marginheight=\"0\" scrolling=\"no\"><\/iframe><\/p>\n<p>14.03. 2026:<\/p>\n<blockquote class=\"wp-embedded-content\" data-secret=\"SAO4HmsDFK\"><p><a href=\"https:\/\/www.uutispeili.fi\/index.php\/2026\/03\/14\/500-enkelia-nuppineulan-paassa-vaiko-espoon-virastotalo-kolosseissa\/\">500 enkeli\u00e4 nuppineulan p\u00e4\u00e4ss\u00e4&#8230; -vaiko Espoon virastotalo-kolosseissa<\/a><\/p><\/blockquote>\n<p><iframe class=\"wp-embedded-content\" sandbox=\"allow-scripts\" security=\"restricted\" style=\"position: absolute; clip: rect(1px, 1px, 1px, 1px);\" title=\"&#8221;500 enkeli\u00e4 nuppineulan p\u00e4\u00e4ss\u00e4&#8230; -vaiko Espoon virastotalo-kolosseissa&#8221; &#8212; \" src=\"https:\/\/www.uutispeili.fi\/index.php\/2026\/03\/14\/500-enkelia-nuppineulan-paassa-vaiko-espoon-virastotalo-kolosseissa\/embed\/#?secret=UmdMtRkWe9#?secret=SAO4HmsDFK\" data-secret=\"SAO4HmsDFK\" width=\"600\" height=\"338\" frameborder=\"0\" marginwidth=\"0\" marginheight=\"0\" scrolling=\"no\"><\/iframe><\/p>\n<p>01.02. 2026:<\/p>\n<blockquote class=\"wp-embedded-content\" data-secret=\"CIjfSY70jm\"><p><a href=\"https:\/\/www.uutispeili.fi\/index.php\/2026\/02\/01\/mista-saisimme-lisaa-yrittajia-oikeita-yrittajia\/\">Mist\u00e4 saisimme lis\u00e4\u00e4 yritt\u00e4ji\u00e4\u2026 -oikeita yritt\u00e4ji\u00e4<\/a><\/p><\/blockquote>\n<p><iframe class=\"wp-embedded-content\" sandbox=\"allow-scripts\" security=\"restricted\" style=\"position: absolute; clip: rect(1px, 1px, 1px, 1px);\" title=\"&#8221;Mist\u00e4 saisimme lis\u00e4\u00e4 yritt\u00e4ji\u00e4\u2026 -oikeita yritt\u00e4ji\u00e4&#8221; &#8212; \" src=\"https:\/\/www.uutispeili.fi\/index.php\/2026\/02\/01\/mista-saisimme-lisaa-yrittajia-oikeita-yrittajia\/embed\/#?secret=Mkdu8rs6AK#?secret=CIjfSY70jm\" data-secret=\"CIjfSY70jm\" width=\"600\" height=\"338\" frameborder=\"0\" marginwidth=\"0\" marginheight=\"0\" scrolling=\"no\"><\/iframe><\/p>\n<p>18.01. 2026:<\/p>\n<blockquote class=\"wp-embedded-content\" data-secret=\"ApBNGUY9h0\"><p><a href=\"https:\/\/www.uutispeili.fi\/index.php\/2026\/01\/18\/palvelut-heikkenevat-tulonsiirrot-pienevat-mutta-julkinen-sektori-paisuu-yha\/\">Palvelut heikkenev\u00e4t, tulonsiirrot pienev\u00e4t, mutta &#8221;Julkinen sektori paisuu yh\u00e4&#8221;<\/a><\/p><\/blockquote>\n<p><iframe class=\"wp-embedded-content\" sandbox=\"allow-scripts\" security=\"restricted\" style=\"position: absolute; clip: rect(1px, 1px, 1px, 1px);\" title=\"&#8221;Palvelut heikkenev\u00e4t, tulonsiirrot pienev\u00e4t, mutta &#8221;Julkinen sektori paisuu yh\u00e4&#8221;&#8221; &#8212; \" src=\"https:\/\/www.uutispeili.fi\/index.php\/2026\/01\/18\/palvelut-heikkenevat-tulonsiirrot-pienevat-mutta-julkinen-sektori-paisuu-yha\/embed\/#?secret=vcIPtYifH9#?secret=ApBNGUY9h0\" data-secret=\"ApBNGUY9h0\" width=\"600\" height=\"338\" frameborder=\"0\" marginwidth=\"0\" marginheight=\"0\" scrolling=\"no\"><\/iframe><\/p>\n<p>04.11. <strong>2025<\/strong>:<\/p>\n<blockquote class=\"wp-embedded-content\" data-secret=\"T7vsl2eZe9\"><p><a href=\"https:\/\/www.uutispeili.fi\/index.php\/2025\/11\/04\/suomen-talouden-rakenteellinen-ongelma-on-nimetty-julkinen-sektori-ei-voi-olla-kasvun-veturi-se-on-jarru-ja-talouden-tappaja\/\">Suomen talouden rakenteellinen ongelma on nimetty: Julkinen sektori ei voi olla &#8221;kasvun veturi&#8221;, -se on jarru ja talouden tappaja<\/a><\/p><\/blockquote>\n<p><iframe class=\"wp-embedded-content\" sandbox=\"allow-scripts\" security=\"restricted\" style=\"position: absolute; clip: rect(1px, 1px, 1px, 1px);\" title=\"&#8221;Suomen talouden rakenteellinen ongelma on nimetty: Julkinen sektori ei voi olla &#8221;kasvun veturi&#8221;, -se on jarru ja talouden tappaja&#8221; &#8212; \" src=\"https:\/\/www.uutispeili.fi\/index.php\/2025\/11\/04\/suomen-talouden-rakenteellinen-ongelma-on-nimetty-julkinen-sektori-ei-voi-olla-kasvun-veturi-se-on-jarru-ja-talouden-tappaja\/embed\/#?secret=79yOTq3STa#?secret=T7vsl2eZe9\" data-secret=\"T7vsl2eZe9\" width=\"600\" height=\"338\" frameborder=\"0\" marginwidth=\"0\" marginheight=\"0\" scrolling=\"no\"><\/iframe><\/p>\n<p>04.05. <strong>2024<\/strong>:<\/p>\n<blockquote class=\"wp-embedded-content\" data-secret=\"IHqqZLPJ8o\"><p><a href=\"https:\/\/www.uutispeili.fi\/index.php\/2024\/05\/04\/niin-miten-suomessa-voi-yhdistya-korkea-veroaste-rapautuvat-palvelut-ja-julkinen-velkaantuminen-paradoksin-avaus\/\">Niin miten Suomessa voi &#8221;yhdisty\u00e4 korkea veroaste, rapautuvat palvelut ja julkinen velkaantuminen&#8221;, -paradoksin avaus\u00a0<\/a><\/p><\/blockquote>\n<p><iframe class=\"wp-embedded-content\" sandbox=\"allow-scripts\" security=\"restricted\" style=\"position: absolute; clip: rect(1px, 1px, 1px, 1px);\" title=\"&#8221;Niin miten Suomessa voi &#8221;yhdisty\u00e4 korkea veroaste, rapautuvat palvelut ja julkinen velkaantuminen&#8221;, -paradoksin avaus\u00a0&#8221; &#8212; \" src=\"https:\/\/www.uutispeili.fi\/index.php\/2024\/05\/04\/niin-miten-suomessa-voi-yhdistya-korkea-veroaste-rapautuvat-palvelut-ja-julkinen-velkaantuminen-paradoksin-avaus\/embed\/#?secret=ogVYAA4Cjc#?secret=IHqqZLPJ8o\" data-secret=\"IHqqZLPJ8o\" width=\"600\" height=\"338\" frameborder=\"0\" marginwidth=\"0\" marginheight=\"0\" scrolling=\"no\"><\/iframe><\/p>\n","protected":false},"excerpt":{"rendered":"<p>Hannu Rekil\u00e4 kirjoittaa Suomen 1990-luvun negatiivisesta talousihmeest\u00e4, jonka seurauksista k\u00e4rsimme yh\u00e4. ja &#8221;presidentin oikeuspoliittisesta seminaarista&#8217;, jonka presidentti Mauno Koivisto (SDP) oli kutsunut koolle linnaan keskustelemaan valuuttapoliittisesti tehdyn talouslaman j\u00e4lkitoimista. Suomen tuhon tie sai alkuunsa ns. Koiviston konklaavin p\u00e4\u00e4t\u00f6ksist\u00e4. N\u00e4iss\u00e4 p\u00e4\u00e4t\u00f6ksiss\u00e4 rehellisyys ja oikeudenmukaisuus siirrettiin syrj\u00e4\u00e4n ja oikeuslaitos sai vallan tehd\u00e4 p\u00e4\u00e4t\u00f6ksi\u00e4 ihan muun kuin lakikirjan [&hellip;]<\/p>\n","protected":false},"author":1,"featured_media":11898,"comment_status":"open","ping_status":"open","sticky":false,"template":"","format":"standard","meta":{"footnotes":""},"categories":[11],"tags":[],"_links":{"self":[{"href":"https:\/\/www.uutispeili.fi\/index.php\/wp-json\/wp\/v2\/posts\/11896"}],"collection":[{"href":"https:\/\/www.uutispeili.fi\/index.php\/wp-json\/wp\/v2\/posts"}],"about":[{"href":"https:\/\/www.uutispeili.fi\/index.php\/wp-json\/wp\/v2\/types\/post"}],"author":[{"embeddable":true,"href":"https:\/\/www.uutispeili.fi\/index.php\/wp-json\/wp\/v2\/users\/1"}],"replies":[{"embeddable":true,"href":"https:\/\/www.uutispeili.fi\/index.php\/wp-json\/wp\/v2\/comments?post=11896"}],"version-history":[{"count":2,"href":"https:\/\/www.uutispeili.fi\/index.php\/wp-json\/wp\/v2\/posts\/11896\/revisions"}],"predecessor-version":[{"id":11899,"href":"https:\/\/www.uutispeili.fi\/index.php\/wp-json\/wp\/v2\/posts\/11896\/revisions\/11899"}],"wp:featuredmedia":[{"embeddable":true,"href":"https:\/\/www.uutispeili.fi\/index.php\/wp-json\/wp\/v2\/media\/11898"}],"wp:attachment":[{"href":"https:\/\/www.uutispeili.fi\/index.php\/wp-json\/wp\/v2\/media?parent=11896"}],"wp:term":[{"taxonomy":"category","embeddable":true,"href":"https:\/\/www.uutispeili.fi\/index.php\/wp-json\/wp\/v2\/categories?post=11896"},{"taxonomy":"post_tag","embeddable":true,"href":"https:\/\/www.uutispeili.fi\/index.php\/wp-json\/wp\/v2\/tags?post=11896"}],"curies":[{"name":"wp","href":"https:\/\/api.w.org\/{rel}","templated":true}]}}