{"id":11826,"date":"2026-03-30T20:39:19","date_gmt":"2026-03-30T17:39:19","guid":{"rendered":"https:\/\/www.uutispeili.fi\/?p=11826"},"modified":"2026-03-30T20:46:12","modified_gmt":"2026-03-30T17:46:12","slug":"29-maaliskuuta-1944-inkerilaisten-siirto-suomeen-alkoi","status":"publish","type":"post","link":"https:\/\/www.uutispeili.fi\/index.php\/2026\/03\/30\/29-maaliskuuta-1944-inkerilaisten-siirto-suomeen-alkoi\/","title":{"rendered":"29. maaliskuuta 1944: Inkeril\u00e4isten siirto Suomeen alkoi"},"content":{"rendered":"<p><strong>Maaliskuussa 1944 l\u00e4hestyv\u00e4n rintaman tielt\u00e4 Inkerimaalta Viron Kluugaan siirretyt inkeril\u00e4iset saivat tarjouksen: Tulkaa Suomeen. Monelle heist\u00e4 siit\u00e4 seurannut matka oli paljon pidempi, saattoi kiert\u00e4\u00e4 jopa Vladivostokin kautta. Moni j\u00e4i matkan varrelle.<\/strong><\/p>\n<p><strong>Pietarin kaupungin<\/strong> ymp\u00e4rist\u00f6ss\u00e4, etel\u00e4- ja pohjoispuolella- asuneet <strong>inkeril\u00e4iset<\/strong> ovat suurelta osin nykyisest\u00e4 <strong>Suomesta<\/strong> muuttaneita, osin alueen alkuper\u00e4isi\u00e4 asukkaita, <strong>inkerikkoja<\/strong> (ishora) tai <strong>vatjalaisia<\/strong>. <strong>Inkeri<\/strong> (Inkerinmaa, Ingermanland) oli kuulunut <strong>Ruotsi<\/strong>lle siin\u00e4 vaiheessa, kun <strong>luterialaisuudesta<\/strong> tuli\u00a0 Ruotsissa valtionuskonto.<\/p>\n<p><strong>Savo<\/strong>sta Inkeriin muuttaneet &#8211;<em><strong>savakot<\/strong><\/em>&#8211; olivat olleet luterilaisia jo ennen muuttoaan. Inkeriss\u00e4 he olivat p\u00e4\u00e4osa alueen <strong>suomalaisesta<\/strong> v\u00e4est\u00f6st\u00e4. Inkeri oli <strong>Ven\u00e4j\u00e4n keisarikunnan<\/strong> romahtaessa hyvin vahvasti suomalainen. Kun Suomi, <strong>Viro<\/strong>, <strong>Latvia<\/strong>, <strong>Liettua<\/strong>, <strong>Puola<\/strong>, <strong>Ukraina<\/strong> ja <strong>Kaukasia<\/strong>n valtiot p\u00e4\u00e4ttiv\u00e4t pysy\u00e4 Ven\u00e4j\u00e4n raunioille ilmaantuneen <strong><em>bolshevikki<\/em><\/strong>-\u00e4\u00e4rityhm\u00e4n kaavaileman valtion, joka 1921 sai nimekseen &#8217;<em><strong>Neuvostoliittoa<\/strong><\/em>&#8217;, ulkopuolella, inkeril\u00e4isill\u00e4 oli sama henki.<\/p>\n<p>Inkeril\u00e4isten vapaustaistelulla ei ollut onnea, -suurelta osin keisarinvaltaa takaisin haluavien &#8221;valkoisten&#8221; ven\u00e4l\u00e4isten tehottomuuden, osaksi <strong><em>l\u00e4nsivaltojen<\/em><\/strong> -It\u00e4merell\u00e4 <strong>Ison-Britannian<\/strong>&#8211; p\u00e4\u00e4tt\u00e4m\u00e4tt\u00f6myyden takia. Inkeroi koki jo t\u00e4ll\u00e4in ensimm\u00e4iset etniset puhdistukset bolshevikkien surmatessa neuvostovaltaa vastustaneeseen <strong>Krasna-Gora<\/strong>n linnakkeeseen suojautuneet inkeril\u00e4isten perheet, -linnakkeen antautumissopimuksessa sovitun siviilien vapaan poistumisen rikkoen.<\/p>\n<p>Bolshevikkien perillisten tapas suhtautua sopimuksiin ei ole t\u00e4st\u00e4 muuttunut.<\/p>\n<p>Bolshevikkivallan alkaessa n\u00e4ytt\u00e4\u00e4 verisi\u00e4 kasvojaan inkeril\u00e4iset -&#8221;<em>vallankumouksen pyh\u00e4n kaupungin<\/em>&#8221;- l\u00e4hiasukkaina olivat ensimm\u00e4isi\u00e4 k\u00e4rsij\u00f6it\u00e4.<\/p>\n<p><strong>Saksalaisten<\/strong> tullessa <strong>toisessa maailmansodassa<\/strong> Inkerinmaahan, inkeril\u00e4isille ei koittanut helpotusta. Heid\u00e4n asuinalueensa j\u00e4i keskelle sotimista. Siviilien saamikseksi pois taistelujen jaloista saksalaiset olivat evakuoineet suurimman osan -bolshevikeilta s\u00e4\u00e4styneist\u00e4- inkeril\u00e4isist\u00e4 mm. <strong>Klooga<\/strong>n keskitysleirille.<\/p>\n<p>Klooga oli t\u00e4rke\u00e4 sotavarustelua palveleva tuotantokeskus, jonka inkeril\u00e4ist\u00e4 ty\u00f6voimaa Saksa ei halunnut luovuttaa, -saamatta samaa m\u00e4\u00e4r\u00e4\u00e4 tekevi\u00e4 k\u00e4si\u00e4 tilalle. Saksan toive t\u00e4ytettiin Suomessa olevia neuvosto-sotavankeja rekrytoimalla, -vaihtona.<\/p>\n<p>Maaliskuussa 1944 Suomen hallitus oli siis onnistunut sopimaan Kloogan inkeril\u00e4isten saamisesta Suomeen. Sattumalta er\u00e4s ensimm\u00e4ist\u00e4 laivoista, jotka hakivat virolaisesta satamasta inkeril\u00e4isi\u00e4, oli nimelt\u00e4\u00e4n &#8217;<strong>Suomi<\/strong>&#8217;.<\/p>\n<blockquote><p>Luterilaisina ja suomenkielt\u00e4 puhuvina inkeril\u00e4iset tulivat yleens\u00e4 hyvin vastaanotetuksi. Ongelmat alkoivat, kun Suomi ja silloinen Neuvostoliitto tekiv\u00e4t v\u00e4lirauhan syyskuussa 1944.<\/p><\/blockquote>\n<p>Neuvostoliitto alkpi pian vaatimaan omina kansalaisina pit\u00e4mi\u00e4\u00e4n ihmisi\u00e4 palautettaviksi &#8217;kotimaahansa&#8217;. -Bolshevikkivallalle oli tyypillist\u00e4 sitke\u00e4 per\u00e4\u00e4nantamattomuus siin\u00e4, ett\u00e4 he eiv\u00e4t p\u00e4\u00e4st\u00e4neet ket\u00e4\u00e4n karkuun.<\/p>\n<h2>Suomeen saapuneista 65 000:sta inkeril\u00e4ist\u00e4 palautettiin Neuvostoliittoon\u00a0 n. 60 000<\/h2>\n<p>&#8221;<em>Kuolemanjunista<\/em>&#8221;, jotka kolistelivat <strong>Vainikkalassa<\/strong> rajan yli, -niist\u00e4 ei ole paljoa kirjoiteltu. Pienemmist\u00e4kin ihmisjoukoista on tehty spektaakkeleita,<\/p>\n<p>Osa inkeril\u00e4isist\u00e4 oli sodan aikana v\u00e4rv\u00e4ytynyt taistelemaan Suomen puolella, &#8221;<em>heimosotureina<\/em>&#8221;. -Heill\u00e4h\u00e4n oli &#8217;<em>kalavelkoja<\/em>&#8217; bolshevikeille ihan itsell\u00e4\u00e4nkin. Kun v\u00e4lirauha oli allekirjoitettu, ja Suomi pakotettu &#8217;<strong><em>Lapin<\/em> <em>sotaan<\/em><\/strong>&#8217;, Suomen\u00a0 armeijan hyv\u00e4t ihmiset sijoittivat heimosoturit niihin yksil\u00f6ihin, jotka l\u00e4hetettiin ajamaan saksalaisia pois Lapista. Siksi he olivat <strong>Pohjois-Suomessa<\/strong>, -mutta et\u00e4isyys ei heit\u00e4 pelastanut.<\/p>\n<blockquote><p>Silloinen neuvosto-Ven\u00e4j\u00e4 vaati saada haltuunsa kaikki inkeril\u00e4iset. Kun heimosotureita -vangittuina- kuljettava juna l\u00e4hti liikkeelle pohjoissuomalaiselta asemalta, -kohti Vainikkalaa-veturinkuljettajat v\u00e4ittiv\u00e4t ett\u00e4 &#8221;<strong>polttopuu on m\u00e4rk\u00e4\u00e4,<\/strong><em> &#8211;<\/em><strong>emme saa h\u00f6yrynpainetta yl\u00f6s<\/strong>&#8221;.<\/p><\/blockquote>\n<p>Juna siis kulki k\u00e4velyvauhtia, yl\u00e4m\u00e4kiin pys\u00e4hdellen.<\/p>\n<p>Vankijunaan oli asetettu suomalaisia vartijoita, konepistooleineen, -etteiv\u00e4t luovutettavat karkaa. Heill\u00e4kin oli ongelma: Sodan loppupuolella sotilasmuona oli ollut heikkoa: Ei vihanneksia, ei voita, ei vitamiineja&#8230; -Siit\u00e4h\u00e4n seuraa <strong><em>h\u00e4m\u00e4r\u00e4sokeutta<\/em><\/strong>: Henkil\u00f6 ei n\u00e4e h\u00e4m\u00e4r\u00e4ss\u00e4 juuri mit\u00e4\u00e4n.<\/p>\n<p>Junan viimeisen vaunun takasillalla p\u00e4ivyst\u00e4neet konepistoolimiehet kuullemma kertoivat my\u00f6hemmin:<\/p>\n<blockquote><p>&#8221;Ehk\u00e4 siell\u00e4 jotain varjoja vilahteli mets\u00e4\u00e4n, radanvarteen? Mutta ei me mit\u00e4\u00e4n n\u00e4hty.&#8221;<\/p><\/blockquote>\n<p>Voi olla niinkin k\u00e4ynyt, ett\u00e4 -junan seistess\u00e4- pakenijoiden per\u00e4\u00e4n ratapenkalle l\u00e4hteneen vartiosotilaan kp:n lipas irtosi,\u00a0 jota nuori sotilas etsi sitten sokkona penkalta, -seuraavan ohijuoksijan taputtaessa h\u00e4nt\u00e4 olkap\u00e4\u00e4h\u00e4n. -Kuuliko jonkun sanovan: &#8221;<em>Kiitos!<\/em>&#8221;?<\/p>\n<p>Suomalaiset taitavat olla pohjimmiltaan hyvi\u00e4 ihmisi\u00e4, mutta miten selit\u00e4mme pitk\u00e4lle 1960-luvulle asti jatkuneen Suomeen j\u00e4\u00e4neiden inkeril\u00e4isten j\u00e4ljitt\u00e4misen ja ilmiantamisen? .Siit\u00e4 puhuttaessa on mainittu &#8221;<em>Rauhanpuolustajat<\/em>&#8221; ja &#8221;<em>Suomi-Neuvostoliitto Seura<\/em>&#8221;.<\/p>\n<p>Suomen joukkopalautuksia Neuvostoliittoon ei yleens\u00e4 virallisesti muistella, eiv\u00e4tk\u00e4 menehtyneet ole saaneet kunnianosoituksia, eiv\u00e4t anteeksipyynt\u00f6j\u00e4. -Ehk\u00e4 seuraavan hallituksen aikana?<\/p>\n<p>Pekka Kemppainen<\/p>\n<p>Muista aiheista:<\/p>\n<p>06.06. 2025:<\/p>\n<blockquote class=\"wp-embedded-content\" data-secret=\"TCDuOANskP\"><p><a href=\"https:\/\/www.uutispeili.fi\/index.php\/2025\/06\/06\/suomi-ei-hyokannyt-neuvostoliittoa-venajaa-vastaan-kesalla-1941\/\">Suomi ei hy\u00f6k\u00e4nnyt Neuvostoliittoa (Ven\u00e4j\u00e4\u00e4) vastaan kes\u00e4ll\u00e4 1941<\/a><\/p><\/blockquote>\n<p><iframe class=\"wp-embedded-content\" sandbox=\"allow-scripts\" security=\"restricted\" style=\"position: absolute; clip: rect(1px, 1px, 1px, 1px);\" title=\"&#8221;Suomi ei hy\u00f6k\u00e4nnyt Neuvostoliittoa (Ven\u00e4j\u00e4\u00e4) vastaan kes\u00e4ll\u00e4 1941&#8221; &#8212; \" src=\"https:\/\/www.uutispeili.fi\/index.php\/2025\/06\/06\/suomi-ei-hyokannyt-neuvostoliittoa-venajaa-vastaan-kesalla-1941\/embed\/#?secret=q3Tvy6ma7O#?secret=TCDuOANskP\" data-secret=\"TCDuOANskP\" width=\"600\" height=\"338\" frameborder=\"0\" marginwidth=\"0\" marginheight=\"0\" scrolling=\"no\"><\/iframe><\/p>\n<p>07.02. 2026:<\/p>\n<blockquote class=\"wp-embedded-content\" data-secret=\"GFbkY56afs\"><p><a href=\"https:\/\/www.uutispeili.fi\/index.php\/2026\/02\/07\/jussi-halla-aho-ylen-ykkosaamussa-venajan-vaikutuksen-avaaminen-suomessa-tekematta\/\">Jussi Halla-aho Ylen &#8217;Ykk\u00f6saamussa&#8217;: Ven\u00e4j\u00e4n vaikutuksen avaaminen Suomessa tekem\u00e4tt\u00e4<\/a><\/p><\/blockquote>\n<p><iframe class=\"wp-embedded-content\" sandbox=\"allow-scripts\" security=\"restricted\" style=\"position: absolute; clip: rect(1px, 1px, 1px, 1px);\" title=\"&#8221;Jussi Halla-aho Ylen &#8217;Ykk\u00f6saamussa&#8217;: Ven\u00e4j\u00e4n vaikutuksen avaaminen Suomessa tekem\u00e4tt\u00e4&#8221; &#8212; \" src=\"https:\/\/www.uutispeili.fi\/index.php\/2026\/02\/07\/jussi-halla-aho-ylen-ykkosaamussa-venajan-vaikutuksen-avaaminen-suomessa-tekematta\/embed\/#?secret=HpDUN9J4dS#?secret=GFbkY56afs\" data-secret=\"GFbkY56afs\" width=\"600\" height=\"338\" frameborder=\"0\" marginwidth=\"0\" marginheight=\"0\" scrolling=\"no\"><\/iframe><\/p>\n<p>21.12. 2025:<\/p>\n<blockquote class=\"wp-embedded-content\" data-secret=\"6xIqWJY5nA\"><p><a href=\"https:\/\/www.uutispeili.fi\/index.php\/2025\/12\/21\/ukrainan-tiedustelujohtaja-venaja-on-aikaistanut-hyokkayssuunnitelmaansa-baltian-valtioihin\/\">Ukrainan tiedustelujohtaja: Ven\u00e4j\u00e4 on aikaistanut hy\u00f6kk\u00e4yssuunnitelmaansa Baltian valtioihin<\/a><\/p><\/blockquote>\n<p><iframe class=\"wp-embedded-content\" sandbox=\"allow-scripts\" security=\"restricted\" style=\"position: absolute; clip: rect(1px, 1px, 1px, 1px);\" title=\"&#8221;Ukrainan tiedustelujohtaja: Ven\u00e4j\u00e4 on aikaistanut hy\u00f6kk\u00e4yssuunnitelmaansa Baltian valtioihin&#8221; &#8212; \" src=\"https:\/\/www.uutispeili.fi\/index.php\/2025\/12\/21\/ukrainan-tiedustelujohtaja-venaja-on-aikaistanut-hyokkayssuunnitelmaansa-baltian-valtioihin\/embed\/#?secret=BNFvWSpdWb#?secret=6xIqWJY5nA\" data-secret=\"6xIqWJY5nA\" width=\"600\" height=\"338\" frameborder=\"0\" marginwidth=\"0\" marginheight=\"0\" scrolling=\"no\"><\/iframe><\/p>\n<p>03.06. 2024:<\/p>\n<blockquote class=\"wp-embedded-content\" data-secret=\"JfyZGtpPex\"><p><a href=\"https:\/\/www.uutispeili.fi\/index.php\/2024\/06\/03\/pallo-on-nyt-opetusministerilla-jatkuuko-venajan-piilovaikutusjarjeston-tukeminen-verovaroista-suomessa\/\">Pallo on nyt opetusministerill\u00e4: Jatkuuko Ven\u00e4j\u00e4n piilovaikutusj\u00e4rjest\u00f6n tukeminen verovaroista Suomessa<\/a><\/p><\/blockquote>\n<p><iframe class=\"wp-embedded-content\" sandbox=\"allow-scripts\" security=\"restricted\" style=\"position: absolute; clip: rect(1px, 1px, 1px, 1px);\" title=\"&#8221;Pallo on nyt opetusministerill\u00e4: Jatkuuko Ven\u00e4j\u00e4n piilovaikutusj\u00e4rjest\u00f6n tukeminen verovaroista Suomessa&#8221; &#8212; \" src=\"https:\/\/www.uutispeili.fi\/index.php\/2024\/06\/03\/pallo-on-nyt-opetusministerilla-jatkuuko-venajan-piilovaikutusjarjeston-tukeminen-verovaroista-suomessa\/embed\/#?secret=2VFoqQ8WqY#?secret=JfyZGtpPex\" data-secret=\"JfyZGtpPex\" width=\"600\" height=\"338\" frameborder=\"0\" marginwidth=\"0\" marginheight=\"0\" scrolling=\"no\"><\/iframe><\/p>\n<p>11.11. 2025:<\/p>\n<blockquote class=\"wp-embedded-content\" data-secret=\"0g9s8IwDVa\"><p><a href=\"https:\/\/www.uutispeili.fi\/index.php\/2025\/10\/11\/arto-luukkanen-tarkastelee-a-duginin-tilannearviota-venajasta-paaton-kana-lentaa\/\">Arto Luukkanen tarkastelee A.Duginin tilannearviota Ven\u00e4j\u00e4st\u00e4: &#8217;P\u00e4\u00e4t\u00f6n kana lent\u00e4\u00e4&#8230;&#8217;<\/a><\/p><\/blockquote>\n<p><iframe class=\"wp-embedded-content\" sandbox=\"allow-scripts\" security=\"restricted\" style=\"position: absolute; clip: rect(1px, 1px, 1px, 1px);\" title=\"&#8221;Arto Luukkanen tarkastelee A.Duginin tilannearviota Ven\u00e4j\u00e4st\u00e4: &#8217;P\u00e4\u00e4t\u00f6n kana lent\u00e4\u00e4&#8230;&#8217;&#8221; &#8212; \" src=\"https:\/\/www.uutispeili.fi\/index.php\/2025\/10\/11\/arto-luukkanen-tarkastelee-a-duginin-tilannearviota-venajasta-paaton-kana-lentaa\/embed\/#?secret=cas6tDpTfd#?secret=0g9s8IwDVa\" data-secret=\"0g9s8IwDVa\" width=\"600\" height=\"338\" frameborder=\"0\" marginwidth=\"0\" marginheight=\"0\" scrolling=\"no\"><\/iframe><\/p>\n<p>20.09. 2025:<\/p>\n<blockquote class=\"wp-embedded-content\" data-secret=\"6p6inzaIUA\"><p><a href=\"https:\/\/www.uutispeili.fi\/index.php\/2025\/09\/20\/kuinka-pitkalle-venaja-voi-menna-provokaatioissaan\/\">Kuinka pitk\u00e4lle Ven\u00e4j\u00e4 voi menn\u00e4 provokaatioissaan?<\/a><\/p><\/blockquote>\n<p><iframe class=\"wp-embedded-content\" sandbox=\"allow-scripts\" security=\"restricted\" style=\"position: absolute; clip: rect(1px, 1px, 1px, 1px);\" title=\"&#8221;Kuinka pitk\u00e4lle Ven\u00e4j\u00e4 voi menn\u00e4 provokaatioissaan?&#8221; &#8212; \" src=\"https:\/\/www.uutispeili.fi\/index.php\/2025\/09\/20\/kuinka-pitkalle-venaja-voi-menna-provokaatioissaan\/embed\/#?secret=YrKFCm5ZFw#?secret=6p6inzaIUA\" data-secret=\"6p6inzaIUA\" width=\"600\" height=\"338\" frameborder=\"0\" marginwidth=\"0\" marginheight=\"0\" scrolling=\"no\"><\/iframe><\/p>\n<p>07.08. 2024:<\/p>\n<blockquote class=\"wp-embedded-content\" data-secret=\"OUc0fl9fEt\"><p><a href=\"https:\/\/www.uutispeili.fi\/index.php\/2024\/08\/07\/kirja-arvostelu-suomi-maailmansodassa-miten-selvisimme\/\">Kirja-arvostelu: Suomi maailmansodassa, -miten selvisimme<\/a><\/p><\/blockquote>\n<p><iframe class=\"wp-embedded-content\" sandbox=\"allow-scripts\" security=\"restricted\" style=\"position: absolute; clip: rect(1px, 1px, 1px, 1px);\" title=\"&#8221;Kirja-arvostelu: Suomi maailmansodassa, -miten selvisimme&#8221; &#8212; \" src=\"https:\/\/www.uutispeili.fi\/index.php\/2024\/08\/07\/kirja-arvostelu-suomi-maailmansodassa-miten-selvisimme\/embed\/#?secret=FrlnmF7pnl#?secret=OUc0fl9fEt\" data-secret=\"OUc0fl9fEt\" width=\"600\" height=\"338\" frameborder=\"0\" marginwidth=\"0\" marginheight=\"0\" scrolling=\"no\"><\/iframe><\/p>\n","protected":false},"excerpt":{"rendered":"<p>Maaliskuussa 1944 l\u00e4hestyv\u00e4n rintaman tielt\u00e4 Inkerimaalta Viron Kluugaan siirretyt inkeril\u00e4iset saivat tarjouksen: Tulkaa Suomeen. Monelle heist\u00e4 siit\u00e4 seurannut matka oli paljon pidempi, saattoi kiert\u00e4\u00e4 jopa Vladivostokin kautta. Moni j\u00e4i matkan varrelle. Pietarin kaupungin ymp\u00e4rist\u00f6ss\u00e4, etel\u00e4- ja pohjoispuolella- asuneet inkeril\u00e4iset ovat suurelta osin nykyisest\u00e4 Suomesta muuttaneita, osin alueen alkuper\u00e4isi\u00e4 asukkaita, inkerikkoja (ishora) tai vatjalaisia. Inkeri (Inkerinmaa, [&hellip;]<\/p>\n","protected":false},"author":3,"featured_media":11831,"comment_status":"open","ping_status":"open","sticky":false,"template":"","format":"standard","meta":{"footnotes":""},"categories":[54,244,71,74],"tags":[],"_links":{"self":[{"href":"https:\/\/www.uutispeili.fi\/index.php\/wp-json\/wp\/v2\/posts\/11826"}],"collection":[{"href":"https:\/\/www.uutispeili.fi\/index.php\/wp-json\/wp\/v2\/posts"}],"about":[{"href":"https:\/\/www.uutispeili.fi\/index.php\/wp-json\/wp\/v2\/types\/post"}],"author":[{"embeddable":true,"href":"https:\/\/www.uutispeili.fi\/index.php\/wp-json\/wp\/v2\/users\/3"}],"replies":[{"embeddable":true,"href":"https:\/\/www.uutispeili.fi\/index.php\/wp-json\/wp\/v2\/comments?post=11826"}],"version-history":[{"count":2,"href":"https:\/\/www.uutispeili.fi\/index.php\/wp-json\/wp\/v2\/posts\/11826\/revisions"}],"predecessor-version":[{"id":11830,"href":"https:\/\/www.uutispeili.fi\/index.php\/wp-json\/wp\/v2\/posts\/11826\/revisions\/11830"}],"wp:featuredmedia":[{"embeddable":true,"href":"https:\/\/www.uutispeili.fi\/index.php\/wp-json\/wp\/v2\/media\/11831"}],"wp:attachment":[{"href":"https:\/\/www.uutispeili.fi\/index.php\/wp-json\/wp\/v2\/media?parent=11826"}],"wp:term":[{"taxonomy":"category","embeddable":true,"href":"https:\/\/www.uutispeili.fi\/index.php\/wp-json\/wp\/v2\/categories?post=11826"},{"taxonomy":"post_tag","embeddable":true,"href":"https:\/\/www.uutispeili.fi\/index.php\/wp-json\/wp\/v2\/tags?post=11826"}],"curies":[{"name":"wp","href":"https:\/\/api.w.org\/{rel}","templated":true}]}}