{"id":11790,"date":"2026-03-28T21:08:53","date_gmt":"2026-03-28T19:08:53","guid":{"rendered":"https:\/\/www.uutispeili.fi\/?p=11790"},"modified":"2026-03-29T19:46:28","modified_gmt":"2026-03-29T16:46:28","slug":"pimeyden-ruhtinaat-inkvisiittorien-asialla","status":"publish","type":"post","link":"https:\/\/www.uutispeili.fi\/index.php\/2026\/03\/28\/pimeyden-ruhtinaat-inkvisiittorien-asialla\/","title":{"rendered":"Pimeyden ruhtinaat inkvisiittorien asialla"},"content":{"rendered":"\n<p><\/p>\n\n\n<p><strong>Ei P\u00e4ivi R\u00e4s\u00e4sen uimataitoa k\u00e4det sel\u00e4n takana sent\u00e4\u00e4n koeteltu KO:n tuomiota langetettaessa, mutta henkisesti h\u00e4nen &#8221;<em>Golgatansa&#8221;<\/em> on kest\u00e4nyt seitsem\u00e4n vuotta, ja jatkuu, koska R\u00e4s\u00e4nen todenn\u00e4k\u00f6isesti valittaa tuomiostaan Euroopan Ihmisoikeustuomioistuimeen.<\/strong><\/p>\n<p>(Arkistokuva.)<\/p>\n<p><strong>P\u00e4ivi R\u00e4s\u00e4nen<\/strong> ei valittanut Hovioikeuteen, eik\u00e4 h\u00e4n vienyt raamatunlainauksiaan k\u00e4r\u00e4j\u00e4oikeuteen, mutta koska alemmat oikeusasteet p\u00e4\u00e4stiv\u00e4t h\u00e4net pahasta, mutta Suomen ylinoikeusaste tuomitsi jalkapallonumeroin 3-2 h\u00e4net sakkoihin. Kristillisten kansanedustaja ja l\u00e4\u00e4k\u00e4ri vetosi siiihen, ett\u00e4 Raamatussa ei hyv\u00e4ksyt\u00e4 homoja.<\/p>\n<p>Ei muuten hyv\u00e4ksyt\u00e4 koraanissa, eik\u00e4 muissakaan pyhiss\u00e4 kirjoissa. Jotenkin KKO:n tuomiosta tuli mieleen, ett\u00e4 nuo kolme viisasta ihmist\u00e4 -kaksi miest\u00e4 ja yksi nainen- olivat tuomiossa Jumalalle vihaisia, kun h\u00e4n ei sanassaan ole tsempannut homoja. <strong>Sorry vaan<\/strong> mutta &#8221;arvon&#8221; kolmikko olette liki 2000 vuotta my\u00f6h\u00e4ss\u00e4.<\/p>\n<p><em>Abrahamin ajoista<\/em> on aikaa liki vain 10 000 vuotta, ja h\u00e4nen j\u00e4lkeens\u00e4 alettiin raamatun sis\u00e4lt\u00f6j\u00e4 kirjoittamaan niin, ett\u00e4 teos koostuu 60 eri kirjasta.<\/p>\n<p><em><strong>Muhammed<\/strong><\/em>in &#8221;<em>ihmeteoista<\/em>&#8221; ruvettiin kehitt\u00e4m\u00e4\u00e4n tarinoita 600-luvulla.<\/p>\n<h2>Muu kristitty maailma on kummissaan<\/h2>\n<p><strong>Suomi<\/strong> on j\u00e4\u00e4m\u00e4ss\u00e4 l\u00e4ntisen maailman takapajulaksi, jossa on otettu k\u00e4ytt\u00f6\u00f6n henkiset roviot, ja joka on oman v\u00e4hemmist\u00f6ns\u00e4 -eli siis vihervassujen- puristuksessa kommunistien ja vihreiden vallattua oikeuslaitoksen. Tietenkin maan valtamedia on ollut jo vuosikymmeni\u00e4 vihervassujen ohjaama. Sen vaikutus ei tosin ole juurikaan n\u00e4kynyt vaaleissa.<\/p>\n<p>On <em>Stnan<\/em> noloa, ett\u00e4 maa joka on synnytt\u00e4nyt mm. <strong>Nokia<\/strong>n, ja ollut peruskoulutuksen k\u00e4rkimaamaa, on luisunut islamisteja nuolevien virkamiesten, toimittajien ja vihervassujen rumaksi, rujoksi ja henkisesti k\u00f6yh\u00e4ksi esimerkiksi, jota voi kuvailla vanhan vitsin tavoin:<\/p>\n<p>Kun Saksalainen n\u00e4kee norsun h\u00e4n mietti,ett\u00e4 kuinka paljon tuosta saisi irti lihaa ja muuta hy\u00f6dyllist\u00e4, ven\u00e4l\u00e4inen keskittyy nahkaan ja sarviinm mutta suomalainen miettii, ett\u00e4 &#8221;<em>mit\u00e4h\u00e4n tuo norsu minusta ajattelee<\/em>&#8221;.<\/p>\n<p>Olette varmaan huomanneet, ett\u00e4 kuinka valtamediamme on k\u00e4ytt\u00e4nyt aikaa ja palstatilaa puolustellakseen <em>demlamaista<\/em> P\u00e4ivi R\u00e4s\u00e4sen tuomiota.<\/p>\n<p>Ilmeinen pelko vihervasemmistossa on, ett\u00e4 &#8221;<em>pahus jos t\u00e4\u00e4 inkvisitiomeinki menikin yli<\/em>&#8221;, eli kansalaiset suuttuvat. Suomaslaisista kun toistaiseksi on kristinuskon piiriss\u00e4 yli 70 %.<\/p>\n<p>Tuosta &#8221;<em>Oikeuspoliittinen yhdistys Demlasta<\/em>&#8221; sen verran, ett\u00e4 se on kommunistien 1954 perustama hyvin poliittiseksi koettu yhdistys, johon my\u00f6hempin\u00e4 vuosikymmenin\u00e4 liittyi my\u00f6s sosiaalidemokraatteja ja nk. K-linjan juristeja Keskustasta, kuten esimerkiksi <strong>Anneli J\u00e4\u00e4tteenm\u00e4ki<\/strong>.<\/p>\n<h2>Asiat ovat sit\u00e4 milt\u00e4 n\u00e4ytt\u00e4v\u00e4t<\/h2>\n<p>Todellakin, tuomiota on kuvailtu vihervasemmiston kaikilta tahoilta, ja jopa -kuinka ollakkaan- hy\u00f6dyllisten idioottien eli <em>ultra liberaali porvarien<\/em> toimesta joksikin muuksi mit\u00e4 se kansalaisten mielest\u00e4 on.<\/p>\n<p>Kun se n\u00e4ytt\u00e4\u00e4 kansan silmiss\u00e4 <strong><em>uskon vainolta<\/em><\/strong> niin sit\u00e4 se silloin on.<\/p>\n<p>Seppo Huhta<\/p>\n<h2>Aiempia uutisia:<\/h2>\n<p>27.03. 2026:<\/p>\n<p><blockquote class=\"wp-embedded-content\" data-secret=\"Cw6X7eG94S\"><a href=\"https:\/\/www.uutispeili.fi\/index.php\/2026\/03\/27\/suomi-kuva-sen-kun-sakenee\/\">Suomi-kuva sen kun sakenee&#8230;<\/a><\/blockquote><iframe class=\"wp-embedded-content\" sandbox=\"allow-scripts\" security=\"restricted\" style=\"position: absolute; clip: rect(1px, 1px, 1px, 1px);\" title=\"&#8221;Suomi-kuva sen kun sakenee&#8230;&#8221; &#8212; \" src=\"https:\/\/www.uutispeili.fi\/index.php\/2026\/03\/27\/suomi-kuva-sen-kun-sakenee\/embed\/#?secret=k5xsU2nUBR#?secret=Cw6X7eG94S\" data-secret=\"Cw6X7eG94S\" width=\"600\" height=\"338\" frameborder=\"0\" marginwidth=\"0\" marginheight=\"0\" scrolling=\"no\"><\/iframe><\/p>\n<p>27.03. 2026:<\/p>\n<p><blockquote class=\"wp-embedded-content\" data-secret=\"3H1F9njocO\"><a href=\"https:\/\/www.uutispeili.fi\/index.php\/2026\/03\/27\/perussuomalaiset-kansanedustajat-kirkon-tulee-palata-ydintehtaviensa-aareen-ja-puolustaa-rohkeasti-kristittyja-ja-omia-arvojaan\/\">Perussuomalaiset kansanedustajat: Kirkon tulee palata ydinteht\u00e4viens\u00e4 \u00e4\u00e4reen ja puolustaa rohkeasti kristittyj\u00e4 ja omia arvojaan<\/a><\/blockquote><iframe class=\"wp-embedded-content\" sandbox=\"allow-scripts\" security=\"restricted\" style=\"position: absolute; clip: rect(1px, 1px, 1px, 1px);\" title=\"&#8221;Perussuomalaiset kansanedustajat: Kirkon tulee palata ydinteht\u00e4viens\u00e4 \u00e4\u00e4reen ja puolustaa rohkeasti kristittyj\u00e4 ja omia arvojaan&#8221; &#8212; \" src=\"https:\/\/www.uutispeili.fi\/index.php\/2026\/03\/27\/perussuomalaiset-kansanedustajat-kirkon-tulee-palata-ydintehtaviensa-aareen-ja-puolustaa-rohkeasti-kristittyja-ja-omia-arvojaan\/embed\/#?secret=TErhTBy3Qu#?secret=3H1F9njocO\" data-secret=\"3H1F9njocO\" width=\"600\" height=\"338\" frameborder=\"0\" marginwidth=\"0\" marginheight=\"0\" scrolling=\"no\"><\/iframe><\/p>\n<p>23.09. 2025:<\/p>\n<p><blockquote class=\"wp-embedded-content\" data-secret=\"POnhCQjwW2\"><a href=\"https:\/\/www.uutispeili.fi\/index.php\/2025\/09\/23\/paivi-rasanen-ryhmapuheessa-budjetistavakaa-talous-ja-vahvat-arvot-kantavat-suomea-myrskyissa\/\">P\u00e4ivi R\u00e4s\u00e4nen ryhm\u00e4puheessa budjetista:Vakaa talous ja vahvat arvot kantavat Suomea myrskyiss\u00e4<\/a><\/blockquote><iframe class=\"wp-embedded-content\" sandbox=\"allow-scripts\" security=\"restricted\" style=\"position: absolute; clip: rect(1px, 1px, 1px, 1px);\" title=\"&#8221;P\u00e4ivi R\u00e4s\u00e4nen ryhm\u00e4puheessa budjetista:Vakaa talous ja vahvat arvot kantavat Suomea myrskyiss\u00e4&#8221; &#8212; \" src=\"https:\/\/www.uutispeili.fi\/index.php\/2025\/09\/23\/paivi-rasanen-ryhmapuheessa-budjetistavakaa-talous-ja-vahvat-arvot-kantavat-suomea-myrskyissa\/embed\/#?secret=fYL6UfGTGC#?secret=POnhCQjwW2\" data-secret=\"POnhCQjwW2\" width=\"600\" height=\"338\" frameborder=\"0\" marginwidth=\"0\" marginheight=\"0\" scrolling=\"no\"><\/iframe><\/p>\n<p>16.02. 2025:<\/p>\n<p><blockquote class=\"wp-embedded-content\" data-secret=\"qfPpRqNWKY\"><a href=\"https:\/\/www.uutispeili.fi\/index.php\/2025\/02\/16\/paivi-rasanen-toivottavasti-jd-vancen-puhe-avaisi-euroopassa-silmat-havaitsemaan-sensuurin-ja-sanavapauden-rajoitusten-ilmapiirin\/\">P\u00e4ivi R\u00e4s\u00e4nen: Toivottavasti JD Vancen puhe avaisi Euroopassa silm\u00e4t havaitsemaan sensuurin ja sanavapauden rajoitusten ilmapiirin!<\/a><\/blockquote><iframe class=\"wp-embedded-content\" sandbox=\"allow-scripts\" security=\"restricted\" style=\"position: absolute; clip: rect(1px, 1px, 1px, 1px);\" title=\"&#8221;P\u00e4ivi R\u00e4s\u00e4nen: Toivottavasti JD Vancen puhe avaisi Euroopassa silm\u00e4t havaitsemaan sensuurin ja sanavapauden rajoitusten ilmapiirin!&#8221; &#8212; \" src=\"https:\/\/www.uutispeili.fi\/index.php\/2025\/02\/16\/paivi-rasanen-toivottavasti-jd-vancen-puhe-avaisi-euroopassa-silmat-havaitsemaan-sensuurin-ja-sanavapauden-rajoitusten-ilmapiirin\/embed\/#?secret=94TsEVWcb3#?secret=qfPpRqNWKY\" data-secret=\"qfPpRqNWKY\" width=\"600\" height=\"338\" frameborder=\"0\" marginwidth=\"0\" marginheight=\"0\" scrolling=\"no\"><\/iframe><\/p>","protected":false},"excerpt":{"rendered":"<p>Ei P\u00e4ivi R\u00e4s\u00e4sen uimataitoa k\u00e4det sel\u00e4n takana sent\u00e4\u00e4n koeteltu KO:n tuomiota langetettaessa, mutta henkisesti h\u00e4nen &#8221;Golgatansa&#8221; on kest\u00e4nyt seitsem\u00e4n vuotta, ja jatkuu, koska R\u00e4s\u00e4nen todenn\u00e4k\u00f6isesti valittaa tuomiostaan Euroopan Ihmisoikeustuomioistuimeen. (Arkistokuva.) P\u00e4ivi R\u00e4s\u00e4nen ei valittanut Hovioikeuteen, eik\u00e4 h\u00e4n vienyt raamatunlainauksiaan k\u00e4r\u00e4j\u00e4oikeuteen, mutta koska alemmat oikeusasteet p\u00e4\u00e4stiv\u00e4t h\u00e4net pahasta, mutta Suomen ylinoikeusaste tuomitsi jalkapallonumeroin 3-2 h\u00e4net sakkoihin. [&hellip;]<\/p>\n","protected":false},"author":5,"featured_media":5076,"comment_status":"open","ping_status":"open","sticky":false,"template":"","format":"standard","meta":{"footnotes":""},"categories":[21],"tags":[],"_links":{"self":[{"href":"https:\/\/www.uutispeili.fi\/index.php\/wp-json\/wp\/v2\/posts\/11790"}],"collection":[{"href":"https:\/\/www.uutispeili.fi\/index.php\/wp-json\/wp\/v2\/posts"}],"about":[{"href":"https:\/\/www.uutispeili.fi\/index.php\/wp-json\/wp\/v2\/types\/post"}],"author":[{"embeddable":true,"href":"https:\/\/www.uutispeili.fi\/index.php\/wp-json\/wp\/v2\/users\/5"}],"replies":[{"embeddable":true,"href":"https:\/\/www.uutispeili.fi\/index.php\/wp-json\/wp\/v2\/comments?post=11790"}],"version-history":[{"count":3,"href":"https:\/\/www.uutispeili.fi\/index.php\/wp-json\/wp\/v2\/posts\/11790\/revisions"}],"predecessor-version":[{"id":11806,"href":"https:\/\/www.uutispeili.fi\/index.php\/wp-json\/wp\/v2\/posts\/11790\/revisions\/11806"}],"wp:featuredmedia":[{"embeddable":true,"href":"https:\/\/www.uutispeili.fi\/index.php\/wp-json\/wp\/v2\/media\/5076"}],"wp:attachment":[{"href":"https:\/\/www.uutispeili.fi\/index.php\/wp-json\/wp\/v2\/media?parent=11790"}],"wp:term":[{"taxonomy":"category","embeddable":true,"href":"https:\/\/www.uutispeili.fi\/index.php\/wp-json\/wp\/v2\/categories?post=11790"},{"taxonomy":"post_tag","embeddable":true,"href":"https:\/\/www.uutispeili.fi\/index.php\/wp-json\/wp\/v2\/tags?post=11790"}],"curies":[{"name":"wp","href":"https:\/\/api.w.org\/{rel}","templated":true}]}}