{"id":11787,"date":"2026-03-27T19:07:30","date_gmt":"2026-03-27T17:07:30","guid":{"rendered":"https:\/\/www.uutispeili.fi\/?p=11787"},"modified":"2026-03-27T19:07:31","modified_gmt":"2026-03-27T17:07:31","slug":"perussuomalaiset-kansanedustajat-kirkon-tulee-palata-ydintehtaviensa-aareen-ja-puolustaa-rohkeasti-kristittyja-ja-omia-arvojaan","status":"publish","type":"post","link":"https:\/\/www.uutispeili.fi\/index.php\/2026\/03\/27\/perussuomalaiset-kansanedustajat-kirkon-tulee-palata-ydintehtaviensa-aareen-ja-puolustaa-rohkeasti-kristittyja-ja-omia-arvojaan\/","title":{"rendered":"Perussuomalaiset kansanedustajat: Kirkon tulee palata ydinteht\u00e4viens\u00e4 \u00e4\u00e4reen ja puolustaa rohkeasti kristittyj\u00e4 ja omia arvojaan"},"content":{"rendered":"<p><strong>Johanneksen evankeliumissa Jeesus erottaa hyv\u00e4n paimenen palkkapaimenesta: hyv\u00e4 paimen panee henkens\u00e4 alttiiksi lampaiden puolesta, mutta palkkapaimen pakenee, kun susi tulee ja lauma hajoaa.<\/strong><\/p>\n<p>T\u00e4m\u00e4n vertauksen ydins\u00e4vy on suojelu, uskollisuus ja vaaran n\u00e4keminen ajoissa.<\/p>\n<p>Kirkon oma virallinen teht\u00e4v\u00e4 on kirjattu selv\u00e4sti. Kirkkolain mukaan kirkon teht\u00e4v\u00e4n\u00e4 on tunnustuksensa mukaisesti julistaa Jumalan sanaa ja jakaa sakramentteja sek\u00e4 edist\u00e4\u00e4 kristillisen sanoman levi\u00e4mist\u00e4 ja l\u00e4himm\u00e4isenrakkauden toteutumista.<\/p>\n<p><strong>Suomen evankelis-luterilainen kirkko<\/strong> on ajautunut syv\u00e4\u00e4n identiteettikriisiin, jossa sen julkiset ulostulot paljastavat karmean arvojen vinoutumisen.<\/p>\n<p>Kirkko uppoutuu intohimoisesti woke-ideologian, antirasismin ja identiteettipolitiikan kysymyksiin, ik\u00e4\u00e4n kuin sen p\u00e4\u00e4teht\u00e4v\u00e4 olisi signaloida hyveellisyytt\u00e4 modernille vasemmistolaiselle eliitille eik\u00e4 en\u00e4\u00e4 puolustaa omaa ydinsanomaa tai kristikuntaa.<\/p>\n<blockquote><p>\u2014 Kirkon tulee toimia hyv\u00e4n paimenen tavoin: suojella omiaan, tunnistaa vaarat ja pysy\u00e4 uskollisena perusteht\u00e4v\u00e4lleen, ei ajautua ajan hengen viet\u00e4v\u00e4ksi, toteaa kansanedustaja <strong>Sanna Antikainen<\/strong>.<\/p><\/blockquote>\n<p>T\u00e4m\u00e4 ei ole vain harmitonta ajan hermolla pysymist\u00e4. Se on omiensa hylk\u00e4\u00e4mist\u00e4. Kirkko asettuu korostetusti \u201c<em>v\u00e4hemmist\u00f6jen<\/em>\u201d puolelle kotimaassa, korostaa vuoropuhelua muslimiyhteis\u00f6jen kanssa ja tuomitsee rasismia jatkuvasti julkisissa esiintymisiss\u00e4\u00e4n. Samaan aikaan se vaikenee tai puhuu vaisusti siit\u00e4 todellisesta ahdingosta, jossa kristityt el\u00e4v\u00e4t maailmanlaajuisesti.<\/p>\n<blockquote><p>\u2014 Satojen miljoonien kristittyjen vaino maailmalla ja kotimaan tiukentunut uskonnonvapaustilanne j\u00e4\u00e4v\u00e4t varjoon, kun kirkko keskittyy l\u00e4hinn\u00e4 kotimaan identiteettipoliittisiin kiistoihin. Kristittyjen oikeudet harjoittaa ja tunnustaa uskoaan eiv\u00e4t saa olla kirkolle toissijainen kysymys, sanoo kansanedustaja <strong>Pekka Aittakumpu<\/strong>.<\/p><\/blockquote>\n<p>Vuoden 2026 <strong>Open Doors World Watch List<\/strong>in mukaan yli 388 miljoonaa kristitty\u00e4 k\u00e4rsii korkeasta tai \u00e4\u00e4rimm\u00e4isest\u00e4 vainosta uskon takia \u2013 eli yksi seitsem\u00e4st\u00e4 kristityst\u00e4 maailmassa.<\/p>\n<p>Viimeisen raportointikauden aikana tapettiin ainakin 4 849 kristitty\u00e4 uskonsa vuoksi, joista valtaosa (3 490) <strong>Nigeriassa<\/strong>, jossa islamilainen ekstremismi ja jihadistiryhm\u00e4t tekev\u00e4t kristittyjen el\u00e4m\u00e4st\u00e4 helvetti\u00e4. <strong>Pakistanissa, Iranissa, Somaliassa, Jemeniss\u00e4<\/strong> ja monissa muissa muslimienemmist\u00f6isiss\u00e4 maissa kristityt kohtaavat kidutusta, raiskauksia, pakkok\u00e4\u00e4nnytyksi\u00e4 ja kuolemantuomioita. T\u00e4m\u00e4 on systemaattista sortoa ja v\u00e4kivaltaa.<\/p>\n<h2>&#8217;<em>Kristuksen kirkko ei voi vaieta<\/em>&#8217;<\/h2>\n<blockquote><p>\u2014 Kristuksen kirkko ei voi vaieta, kun velji\u00e4 ja sisaria vainotaan maailmanlaajuisesti. Kristinuskon sanoma velvoittaa seisomaan heid\u00e4n rinnallaan ja puolustamaan uskonnonvapautta aina ja kaikkialla, painottaa kansanedustaja <strong>Kaisa Garedew<\/strong>.<\/p><\/blockquote>\n<p>Miss\u00e4 on kirkon \u00e4\u00e4ni n\u00e4iss\u00e4 asioissa? Miss\u00e4 ovat piispojen vahvat vetoomukset, mediakampanjat tai rukousp\u00e4iv\u00e4t vainottujen veljien ja sisarten puolesta? Sen sijaan kirkko k\u00e4ytt\u00e4\u00e4 voimavarojaan ja julkisuuttaan teemoihin, joissa panokset ovat t\u00e4ysin eri mittaluokkaa.<\/p>\n<p>Kirkkoa ei ole juuri n\u00e4kynyt puolustamassa Raamattuun sitoutuneita kristittyj\u00e4 tai kristittyjen oikeutta kokoontua vapaasti Raamatun sanan kuuloon. Viime kes\u00e4n\u00e4 <em>pride<\/em>-aktivistien h\u00e4irik\u00f6idess\u00e4 Suviseuroja, piispojen hiljaisuus oli suorastaan k\u00e4sinkosketeltavaa.<\/p>\n<h2>&#8217;<em>Kirkko ei en\u00e4\u00e4 johda omista arvoistaan k\u00e4sin<\/em>&#8217;<\/h2>\n<p>Suomessa kristityt ovat enemmist\u00f6n perinteinen osa, joka on menett\u00e4nyt vaikutusvaltaansa maallistumisen my\u00f6t\u00e4. Kuitenkin kirkko jatkaa puhettaan rasismista, omaksuu <em>woke<\/em>-k\u00e4sitteist\u00f6n ja asemoituu osaksi l\u00e4nsimaista kulttuurisotaa, jossa kristinusko itse n\u00e4hd\u00e4\u00e4n usein \u201cvalkoisena patriarkaalisena sortoj\u00e4rjestelm\u00e4n\u00e4\u201d.<\/p>\n<p>T\u00e4m\u00e4 on itsemurhaa: kirkko ei en\u00e4\u00e4 johda omista arvoistaan k\u00e4sin, vaan seuraa ajan henke\u00e4 n\u00f6yr\u00e4sti per\u00e4ss\u00e4, pel\u00e4ten leimautumista \u201ctakapajuiseksi\u201d tai \u201crasistiseksi\u201d.<\/p>\n<blockquote><p>\u2014 Kirkon tulee rohkeasti johtaa omista arvoistaan ja sanomastaan k\u00e4sin, eik\u00e4 asemoida itse\u00e4\u00e4n osaksi kulttuurisotaa, jossa se itse lopulta n\u00e4hd\u00e4\u00e4n sortavana rakenteena, painottaa kansanedustaja <strong>Laura<\/strong> <strong>Huhtasaari<\/strong>.<\/p><\/blockquote>\n<p>Erityisen skandaalimaista on islamin my\u00f6t\u00e4ily. Kirkko korostaa \u201c<em>yhteisymm\u00e4rryst\u00e4<\/em>\u201d ja vuoropuhelua <strong>muslimien<\/strong> kanssa Suomessa, ik\u00e4\u00e4n kuin kyseess\u00e4 olisi tasavertainen kumppanuus. Samalla se tuskin mainitsee, ett\u00e4 juuri muslimienemmist\u00f6isiss\u00e4 maissa kristittyjen asema on kaikkein surkein, suoraan islamilaisen lain tai ekstremismin seurauksena.<\/p>\n<blockquote><p>Kun kirkko k\u00e4ytt\u00e4\u00e4 energiaa \u201c<strong>islamofobian<\/strong>\u201d vastustamiseen tai monikulttuurisuuden ylist\u00e4miseen, se hiljent\u00e4\u00e4 itsens\u00e4 niiss\u00e4 kysymyksiss\u00e4, joissa sen moraalinen velvollisuus olisi suorastaan huutaa \u00e4\u00e4neen.<\/p><\/blockquote>\n<p>Vuoropuhelu on arvokasta, mutta ei silloin, jos se perustuu yksipuoliselle alistumiselle. Miksi kirkko ei vaadi yht\u00e4 n\u00e4kyv\u00e4sti muslimimaiden johtajilta suvaitsevaisuutta kristittyj\u00e4 kohtaan, kuin se vaatii suomalaisilta \u201c<em>nollatoleranssia rasismille<\/em>\u201d?<\/p>\n<blockquote><p>\u2014 Kirkon pit\u00e4isi olla nimenomaisesti se, joka edellytt\u00e4\u00e4 muita uskontokuntia suvaitsemaan kristittyj\u00e4, eik\u00e4 keskitty\u00e4 monikulttuurisuuden vaatimiseen oman uskomme kustannuksella, toteaa kansanedustaja <strong>Sara<\/strong> <strong>Sepp\u00e4nen<\/strong>.<\/p><\/blockquote>\n<p>T\u00e4m\u00e4 <em>woke<\/em>-sekoilu ja ydinteht\u00e4vien t\u00e4ydellinen hylk\u00e4\u00e4minen kertoo syvemm\u00e4st\u00e4 ongelmasta: kirkko ei ole en\u00e4\u00e4 ensisijaisesti huolissaan Kristuksesta, evankeliumista tai vainotuista kristityist\u00e4. Se on huolissaan omasta sosiaalisesta asemastaan <em>\u201chyv\u00e4n\u00e4\u201d, \u201cinklusiivisena\u201d<\/em> ja \u201c<em>oikeamielisen\u00e4<\/em>\u201d instituutiona modernissa, maallistuneessa Suomessa.<\/p>\n<blockquote><p>Se haluaa olla osa hyv\u00e4ksyv\u00e4\u00e4 eliitti\u00e4, eik\u00e4 maailmanlaajuista, k\u00e4rsiv\u00e4\u00e4 kirkkoa.<\/p><\/blockquote>\n<p>Tuloksena on kirkko, joka on et\u00e4\u00e4ntynyt ydinteht\u00e4v\u00e4st\u00e4\u00e4n: julistaa totuutta, lohduttaa ahdistettuja ja puolustaa uskovia siell\u00e4, miss\u00e4 uskomisen hinta on kaikkein korkein.<\/p>\n<p><strong><em>Rasismia vastaan<\/em><\/strong> voi ja pit\u00e4\u00e4kin nousta, mutta kun se muuttuu pakkomielteeksi ja peitt\u00e4\u00e4 alleen kristittyjen veren, asioiden t\u00e4rkeysj\u00e4rjestys on t\u00e4ysin sekaisin. Kirkon nykyinen linja ei pelasta sen omaa arvoa ja merkityst\u00e4. P\u00e4invastoin, se kiihdytt\u00e4\u00e4 maallistumista ja vieraannuttaa ne, jotka odottavat kirkolta rohkeutta ja uskollisuutta omaan sanomaansa. Jos kirkko jatkaa n\u00e4in, se ei ole en\u00e4\u00e4 Kristuksen kirkko, vaan ajan hengen n\u00f6yr\u00e4 palvelija. Ja se jos joku on traagista.<\/p>\n<p>P\u00e4\u00e4si\u00e4inen on l\u00e4hell\u00e4 ja haluamme toivottaa kaikille siunattua ja rauhallista vapahtajan yl\u00f6snousemuksen juhlaa.<\/p>\n<p>Perussuomalaiset kansanedustajat<\/p>\n<p>Sara Sepp\u00e4nen<br \/>\nPekka Aittakumpu<br \/>\nSanna Antikainen<br \/>\nKaisa Garedew<br \/>\nLaura Huhtasaari<\/p>\n","protected":false},"excerpt":{"rendered":"<p>Johanneksen evankeliumissa Jeesus erottaa hyv\u00e4n paimenen palkkapaimenesta: hyv\u00e4 paimen panee henkens\u00e4 alttiiksi lampaiden puolesta, mutta palkkapaimen pakenee, kun susi tulee ja lauma hajoaa. T\u00e4m\u00e4n vertauksen ydins\u00e4vy on suojelu, uskollisuus ja vaaran n\u00e4keminen ajoissa. Kirkon oma virallinen teht\u00e4v\u00e4 on kirjattu selv\u00e4sti. Kirkkolain mukaan kirkon teht\u00e4v\u00e4n\u00e4 on tunnustuksensa mukaisesti julistaa Jumalan sanaa ja jakaa sakramentteja sek\u00e4 edist\u00e4\u00e4 [&hellip;]<\/p>\n","protected":false},"author":3,"featured_media":1857,"comment_status":"open","ping_status":"open","sticky":false,"template":"","format":"standard","meta":{"footnotes":""},"categories":[43],"tags":[],"_links":{"self":[{"href":"https:\/\/www.uutispeili.fi\/index.php\/wp-json\/wp\/v2\/posts\/11787"}],"collection":[{"href":"https:\/\/www.uutispeili.fi\/index.php\/wp-json\/wp\/v2\/posts"}],"about":[{"href":"https:\/\/www.uutispeili.fi\/index.php\/wp-json\/wp\/v2\/types\/post"}],"author":[{"embeddable":true,"href":"https:\/\/www.uutispeili.fi\/index.php\/wp-json\/wp\/v2\/users\/3"}],"replies":[{"embeddable":true,"href":"https:\/\/www.uutispeili.fi\/index.php\/wp-json\/wp\/v2\/comments?post=11787"}],"version-history":[{"count":1,"href":"https:\/\/www.uutispeili.fi\/index.php\/wp-json\/wp\/v2\/posts\/11787\/revisions"}],"predecessor-version":[{"id":11789,"href":"https:\/\/www.uutispeili.fi\/index.php\/wp-json\/wp\/v2\/posts\/11787\/revisions\/11789"}],"wp:featuredmedia":[{"embeddable":true,"href":"https:\/\/www.uutispeili.fi\/index.php\/wp-json\/wp\/v2\/media\/1857"}],"wp:attachment":[{"href":"https:\/\/www.uutispeili.fi\/index.php\/wp-json\/wp\/v2\/media?parent=11787"}],"wp:term":[{"taxonomy":"category","embeddable":true,"href":"https:\/\/www.uutispeili.fi\/index.php\/wp-json\/wp\/v2\/categories?post=11787"},{"taxonomy":"post_tag","embeddable":true,"href":"https:\/\/www.uutispeili.fi\/index.php\/wp-json\/wp\/v2\/tags?post=11787"}],"curies":[{"name":"wp","href":"https:\/\/api.w.org\/{rel}","templated":true}]}}