{"id":11772,"date":"2026-03-27T15:22:01","date_gmt":"2026-03-27T13:22:01","guid":{"rendered":"https:\/\/www.uutispeili.fi\/?p=11772"},"modified":"2026-03-27T15:22:01","modified_gmt":"2026-03-27T13:22:01","slug":"eduskunnan-suuri-valiokunta-antoi-lausuntonsa-eun-sotilaallisen-liikkuvuuden-paketista","status":"publish","type":"post","link":"https:\/\/www.uutispeili.fi\/index.php\/2026\/03\/27\/eduskunnan-suuri-valiokunta-antoi-lausuntonsa-eun-sotilaallisen-liikkuvuuden-paketista\/","title":{"rendered":"Eduskunnan suuri valiokunta antoi lausuntonsa EU:n sotilaallisen liikkuvuuden paketista"},"content":{"rendered":"<p class=\"v1Ingressi\"><strong>Valiokunta korostaa lausunnossaan sotilaallisen liikkuvuuden t\u00e4rkeytt\u00e4, mutta edellytt\u00e4\u00e4 valtioneuvostolta oikeusperustan ja perustuslakiarvioiden t\u00e4ydent\u00e4mist\u00e4 U-jatkokirjelm\u00e4ss\u00e4.<\/strong><\/p>\n<p class=\"v1Leipis\"><strong>Eduskunnan suuri valiokunta<\/strong> antoi perjantaina (27. 03.) lausuntonsa <strong>Euroopan komission<\/strong> sotilaallista liikkuvuutta koskevasta tiedonannosta ja asetusehdotuksesta, jolla luodaan puitteet sotilasalan tarvikkeiden, tavaroiden ja henkil\u00f6st\u00f6n kuljetusten helpottamiseksi unionissa. Tavoitteena on EU:n laajuinen sotilaallisen liikkuvuuden alue vuoden 2027 loppuun menness\u00e4.<\/p>\n<blockquote>\n<p class=\"v1Leipis\">Yksimielisesti hyv\u00e4ksytyss\u00e4 lausunnossaan suuri valiokunta muodosti eduskunnan kannan, jota valtioneuvosto k\u00e4ytt\u00e4\u00e4 Suomen kannan valmistelussa ja EU-k\u00e4sittelyss\u00e4.<\/p>\n<\/blockquote>\n<h2>Valiokunta edellytt\u00e4\u00e4 U-jatkokirjelm\u00e4\u00e4<\/h2>\n<p class=\"v1Leipis\">Suuri valiokunta pit\u00e4\u00e4 sotilaallisen liikkuvuuden tavoitteita yleisesti kannatettavina ja korostaa, ett\u00e4 EU-tason toimien sotilaallisen liikkuvuuden kehitt\u00e4misess\u00e4 tulee olla yhteensopivia sen kanssa, miten sotilaallista liikkuvuutta edistet\u00e4\u00e4n Naton puolustussuunnitteluprosessissa.<\/p>\n<blockquote>\n<p class=\"v1Leipis\">Valiokunta kiinnitt\u00e4\u00e4 huomiota asetusehdotuksen oikeusperustaan liittyviin ep\u00e4selvyyksiin ja pit\u00e4\u00e4 v\u00e4ltt\u00e4m\u00e4tt\u00f6m\u00e4n\u00e4, ett\u00e4 valtioneuvosto selvitt\u00e4\u00e4 oikeusperustan asianmukaisuuden jatkoneuvotteluissa ja tekee t\u00e4st\u00e4 selkoa eduskunnalle.<\/p>\n<\/blockquote>\n<p class=\"v1Leipis\">Valiokunta edellytt\u00e4\u00e4 lis\u00e4ksi, ett\u00e4 valtioneuvosto t\u00e4ydent\u00e4\u00e4 arviotaan <strong>U-jatkokirjelm\u00e4ss\u00e4<\/strong>, mukaan lukien arvio asetusehdotuksen suhteesta perustuslakiin sek\u00e4 oikeusperustasta ja suhteesta <strong>Ahvenanmaan<\/strong> maakunnan asemaa koskevaan s\u00e4\u00e4ntelyyn.<\/p>\n<h2>Suomen liikenneinfrastruktuurin merkitys korostuu<\/h2>\n<p class=\"v1Leipis\">Suuri valiokunta korostaa Suomen liikenneinfrastruktuurin kehitt\u00e4misen merkityst\u00e4 sotilaallisen liikkuvuuden ja huoltovarmuuden vahvistamisessa. Valiokunta yhtyy <strong>puolustusvaliokunnan<\/strong> n\u00e4kemykseen siit\u00e4, ett\u00e4 erityisen t\u00e4rke\u00e4\u00e4 olisi varmistaa toimivat ja kapasiteetiltaan riitt\u00e4v\u00e4t yhteydet <strong>Ruotsiin<\/strong> ja<strong> Norjaan<\/strong>.<\/p>\n<blockquote>\n<p class=\"v1Leipis\">Uskottavan puolustussuunnittelun n\u00e4k\u00f6kulmasta pohjoisten liikenneyhteyksien parantaminen ulkorajalla olevissa maissa on ensiarvoisen t\u00e4rke\u00e4\u00e4.<\/p>\n<\/blockquote>\n<p class=\"v1Leipis\">Suuri valiokunta sai asiassa lausunnot puolustusvaliokunnasta ja perustuslakivaliokunnasta. Puolustusvaliokunnan lausunnossa (<a href=\"https:\/\/www.eduskunta.fi\/FI\/vaski\/Lausunto\/Sivut\/PuVL_3+2026.aspx\" target=\"_blank\" rel=\"noopener noreferrer\">PuVL 3\/2026 vp<\/a>) pidet\u00e4\u00e4n esityksen tavoitteita yleisesti kannatettavina ja kiinnitet\u00e4\u00e4n huomiota muun muassa yhteensopivuuteen Naton puolustussuunnittelun kanssa. <strong>Perustuslakivaliokunta<\/strong> (<a href=\"https:\/\/www.eduskunta.fi\/FI\/vaski\/Lausunto\/Sivut\/PeVL_13+2026.aspx\" target=\"_blank\" rel=\"noopener noreferrer\">PeVL 13\/2026 vp<\/a>) kiinnitt\u00e4\u00e4 huomiota valtioneuvoston kirjelm\u00e4n oikeudellisen arvioinnin puutteisiin ja edellytt\u00e4\u00e4 jatkokirjelm\u00e4ss\u00e4 arviota muun muassa asetusehdotuksen suhteesta perustuslakiin sek\u00e4 oikeusperustasta.<\/p>\n<ul>\n<li class=\"v1Leipis\">Tutustu suuren valiokunnan lausuntoon:<br \/>\n<a href=\"https:\/\/www.eduskunta.fi\/FI\/vaski\/Lausunto\/Sivut\/SuVL_2+2026.aspx\" target=\"_blank\" rel=\"noopener noreferrer\">SuVL 2\/2026 vp<\/a><\/li>\n<\/ul>\n<h2>P\u00e4\u00e4t\u00f6sasiana EU:n lis\u00e4el\u00e4kkeit\u00e4 ja PEPP-tuotetta koskevat ehdotukset sek\u00e4 lannoitteet<\/h2>\n<p class=\"v1Leipis\">Suuri valiokunta yhtyi valtioneuvoston kantaan Euroopan komission ehdotuksiin, joilla tarkastellaan uudelleen IORP II -direktiivi\u00e4 (EU) 2016\/2341, vakuutusten tarjoamista koskevaa direktiivi\u00e4 (EU) 2016\/97 sek\u00e4 PEPP-asetusta (EU) 2019\/1238.<\/p>\n<p class=\"v1Leipis\">Ehdotuksissa on kyse <strong>Euroopan komission el\u00e4kepaketista<\/strong>, jossa ehdotetaan muutoksia lis\u00e4el\u00e4kkeit\u00e4 koskevaan IORP II -direktiiviin, vakuutusten tarjoamista koskevaan IDD-direktiiviin sek\u00e4 PEPP-yksil\u00f6el\u00e4ketuotetta koskevaan asetukseen.<\/p>\n<blockquote>\n<p class=\"v1Leipis\">Tavoitteena on vahvistaa ja yhdenmukaistaa lis\u00e4el\u00e4ke- ja el\u00e4kes\u00e4\u00e4st\u00f6markkinoita, lis\u00e4t\u00e4 tuotteiden rajat ylitt\u00e4v\u00e4\u00e4 tarjontaa sek\u00e4 kehitt\u00e4\u00e4 muun muassa sijoitus- ja tiedonantovelvoitteita.<\/p>\n<\/blockquote>\n<h2>&#8217;Kansallisten el\u00e4kej\u00e4rjestelmien erityispiirteet turvattava&#8217;<\/h2>\n<p class=\"v1Leipis\">Suurelle valiokunnalle saapuneessa <strong>sosiaali- ja terveysvaliokunnan<\/strong> lausunnossa (<a href=\"https:\/\/www.eduskunta.fi\/FI\/vaski\/Lausunto\/Sivut\/StVL_3+2026.aspx\" target=\"_blank\" rel=\"noopener noreferrer\">StVL 3\/2026 vp<\/a>) yhdyt\u00e4\u00e4n valtioneuvoston kantaan ja todetaan, ett\u00e4 kansallisten el\u00e4kej\u00e4rjestelmien erityispiirteet on turvattava eik\u00e4, Suomen lakis\u00e4\u00e4teisen <strong><em>ty\u00f6el\u00e4kej\u00e4rjestelm\u00e4n erityisasema<\/em><\/strong> saa vaarantua.<\/p>\n<p class=\"v1Leipis\">Lausunnossa kiinnitet\u00e4\u00e4n huomiota my\u00f6s s\u00e4\u00e4ntelyn suhteellisuuteen erityisesti pienille lis\u00e4el\u00e4ketoimijoille, el\u00e4kkeiden seurantaj\u00e4rjestelmi\u00e4 koskevan s\u00e4\u00e4ntelyn suositusluonteisuuteen sek\u00e4 <strong>EU:n vakuutus- ja<\/strong> <strong>lis\u00e4el\u00e4keviranomaiselle<\/strong> (EIOPA) ja komissiolle ehdotettuihin ohjeistus- ja delegointivaltuuksiin.<\/p>\n<blockquote>\n<p class=\"v1Leipis\">Kokouksen toisena p\u00e4\u00e4t\u00f6sasiana Suuri valiokunta k\u00e4sitteli EU:n asetusehdotusta, joka koskee tiettyjen lannoitteiden ja niiden valmistusaineiden tullien v\u00e4liaikaista suspensiota sek\u00e4 autonomisten tariffikiinti\u00f6iden avaamista ja hallinnointia. Suuri valiokunta yhtyi valtioneuvoston kantaan ja tuki ehdotusta.<\/p>\n<\/blockquote>\n<h2>Selvitys tulevasta EU-kokouksesta<\/h2>\n<p class=\"v1Leipis\">Suuri valiokunta sai kokouksessaan selvityksen tulevasta EU:n maatalous- ja kalastusneuvoston kokouksesta, joka j\u00e4rjestet\u00e4\u00e4n Brysseliss\u00e4 maanantaina 30. maaliskuuta. Suomea kokouksessa edustaa maa- ja mets\u00e4talousministeri <strong>Sari Essayah<\/strong> (Kristillisdemokraatit). Selvityksen antoi <strong>maa- ja<\/strong> <strong>mets\u00e4talousministeri\u00f6n<\/strong> osastop\u00e4\u00e4llikk\u00f6 <strong>Minna-Mari Kaila<\/strong>.<\/p>\n<p class=\"v1Leipis\">Kokouksessa asialistalla on muun muassa <strong>L\u00e4hi-id\u00e4n kriisin<\/strong> vaikutus maatalousmarkkinoille sek\u00e4 EU:n maataloutta ja elintarvikkeita koskeva visio. Kansanedustajat esittiv\u00e4t kysymyksi\u00e4 liittyen muun muassa maatalouden s\u00e4\u00e4ntelyn yksinkertaistamispakettiin (<strong><em>omnibus<\/em><\/strong>), ep\u00e4terveiden kauppatapojen uudistamiseen sek\u00e4 EU:n kauppasopimuksiin. <img loading=\"lazy\" decoding=\"async\" class=\"alignnone size-full wp-image-144\" src=\"https:\/\/www.uutispeili.fi\/wp-content\/uploads\/2023\/11\/di.gold_.gif\" alt=\"\" width=\"11\" height=\"11\" \/><\/p>\n<p>(Uutispeili ei ole muokannut artikkelin sis\u00e4lt\u00f6\u00e4.)<\/p>\n<p>Luettavaa:<\/p>\n<ul>\n<li class=\"v1Leipis\"><a href=\"https:\/\/www.eduskunta.fi\/FI\/valiokunnat\/suuri_valiokunta\/Sivut\/default.aspx\" target=\"_blank\" rel=\"noopener noreferrer\">Suuren valiokunnan kokousten p\u00f6yt\u00e4kirjat valiokunnan sivulla<\/a><u><\/u><\/li>\n<li class=\"v1Leipis\"><a href=\"https:\/\/www.consilium.europa.eu\/fi\/meetings\/calendar\/?daterange=future\" target=\"_blank\" rel=\"noopener noreferrer\">EU:n neuvoston kokouskalenteri (consilium.europa.eu)<\/a><\/li>\n<\/ul>\n","protected":false},"excerpt":{"rendered":"<p>Valiokunta korostaa lausunnossaan sotilaallisen liikkuvuuden t\u00e4rkeytt\u00e4, mutta edellytt\u00e4\u00e4 valtioneuvostolta oikeusperustan ja perustuslakiarvioiden t\u00e4ydent\u00e4mist\u00e4 U-jatkokirjelm\u00e4ss\u00e4. Eduskunnan suuri valiokunta antoi perjantaina (27. 03.) lausuntonsa Euroopan komission sotilaallista liikkuvuutta koskevasta tiedonannosta ja asetusehdotuksesta, jolla luodaan puitteet sotilasalan tarvikkeiden, tavaroiden ja henkil\u00f6st\u00f6n kuljetusten helpottamiseksi unionissa. Tavoitteena on EU:n laajuinen sotilaallisen liikkuvuuden alue vuoden 2027 loppuun menness\u00e4. Yksimielisesti hyv\u00e4ksytyss\u00e4 lausunnossaan [&hellip;]<\/p>\n","protected":false},"author":3,"featured_media":6492,"comment_status":"open","ping_status":"open","sticky":false,"template":"","format":"standard","meta":{"footnotes":""},"categories":[49,51,25],"tags":[],"_links":{"self":[{"href":"https:\/\/www.uutispeili.fi\/index.php\/wp-json\/wp\/v2\/posts\/11772"}],"collection":[{"href":"https:\/\/www.uutispeili.fi\/index.php\/wp-json\/wp\/v2\/posts"}],"about":[{"href":"https:\/\/www.uutispeili.fi\/index.php\/wp-json\/wp\/v2\/types\/post"}],"author":[{"embeddable":true,"href":"https:\/\/www.uutispeili.fi\/index.php\/wp-json\/wp\/v2\/users\/3"}],"replies":[{"embeddable":true,"href":"https:\/\/www.uutispeili.fi\/index.php\/wp-json\/wp\/v2\/comments?post=11772"}],"version-history":[{"count":1,"href":"https:\/\/www.uutispeili.fi\/index.php\/wp-json\/wp\/v2\/posts\/11772\/revisions"}],"predecessor-version":[{"id":11773,"href":"https:\/\/www.uutispeili.fi\/index.php\/wp-json\/wp\/v2\/posts\/11772\/revisions\/11773"}],"wp:featuredmedia":[{"embeddable":true,"href":"https:\/\/www.uutispeili.fi\/index.php\/wp-json\/wp\/v2\/media\/6492"}],"wp:attachment":[{"href":"https:\/\/www.uutispeili.fi\/index.php\/wp-json\/wp\/v2\/media?parent=11772"}],"wp:term":[{"taxonomy":"category","embeddable":true,"href":"https:\/\/www.uutispeili.fi\/index.php\/wp-json\/wp\/v2\/categories?post=11772"},{"taxonomy":"post_tag","embeddable":true,"href":"https:\/\/www.uutispeili.fi\/index.php\/wp-json\/wp\/v2\/tags?post=11772"}],"curies":[{"name":"wp","href":"https:\/\/api.w.org\/{rel}","templated":true}]}}