{"id":11767,"date":"2026-03-27T14:52:25","date_gmt":"2026-03-27T12:52:25","guid":{"rendered":"https:\/\/www.uutispeili.fi\/?p=11767"},"modified":"2026-03-27T14:52:26","modified_gmt":"2026-03-27T12:52:26","slug":"turvedieselista-ratkaisu-polttoaineomavaraisuuteen-kansanedustaja-mikko-savolan-kirjallinen-kysymys","status":"publish","type":"post","link":"https:\/\/www.uutispeili.fi\/index.php\/2026\/03\/27\/turvedieselista-ratkaisu-polttoaineomavaraisuuteen-kansanedustaja-mikko-savolan-kirjallinen-kysymys\/","title":{"rendered":"Turvedieselist\u00e4 ratkaisu polttoaineomavaraisuuteen, -kansanedustaja Mikko Savolan kirjallinen kysymys"},"content":{"rendered":"<p><strong>Kansanedustaja Mikko Savola per\u00e4\u00e4nkuuluttaa toimia kotimaisten synteettisten polttoaineiden, erityisesti turvedieselin, tuotannon k\u00e4ynnist\u00e4miseksi.<\/strong><\/p>\n<p>(Arkistokuva, kuval\u00e4hde: Eduskunta.)<\/p>\n<p><strong>Mikko Savola<\/strong> j\u00e4tti aiheesta t\u00e4n\u00e4\u00e4n kirjallisen kysymyksen ministerin vastattavaksi.<\/p>\n<blockquote><p>Mihin toimiin hallitus aikoo ryhty\u00e4 polttoaineiden saatavuuden turvaamiseksi pitk\u00e4kestoisissa kriiseiss\u00e4?<\/p><\/blockquote>\n<blockquote><p>Mill\u00e4 keinoin hallitus mahdollistaa omavaraisuuden edist\u00e4misen turvedieseli\u00e4 tai muita kotimaisia synteettisi\u00e4 polttonesteit\u00e4 tuottamalla?<\/p><\/blockquote>\n<p>Maailman geopoliittinen ep\u00e4varmuus ja sodat, viimeisimp\u00e4n\u00e4 <strong>Hormuzin salmen<\/strong> liikenteen est\u00e4nyt konflikti, ovat Savolan mukaan paljastaneet Suomen polttoaineinfrastruktuurin haavoittuvuuden. Kun raaka\u00f6ljyn (Brent) hinta on ylitt\u00e4nyt 100 dollaria tynnyrilt\u00e4, kotimaisiin luonnonvaroihin perustuvien ratkaisujen kilpailukyky ja strateginen merkitys ovat nousseet uuteen arvoon.<\/p>\n<h2>&#8217;Synteettisten polttoaineiden kehitt\u00e4minen on v\u00e4ltt\u00e4m\u00e4t\u00f6nt\u00e4&#8217;<\/h2>\n<blockquote><p>Siirtyminen pois polttonesteist\u00e4 tulee joka tapauksessa viem\u00e4\u00e4n vuosikymmeni\u00e4. <strong>Mikko Savola<\/strong>\u00a0toteaa. Siksi synteettisten polttoaineiden kehitt\u00e4minen on edelleen paitsi perusteltua, my\u00f6s v\u00e4ltt\u00e4m\u00e4t\u00f6nt\u00e4,<\/p><\/blockquote>\n<p>Savola muistuttaa, ett\u00e4 Suomessa kehitettiin jo vuosituhannen alussa turpeesta jalostettavaa synteettist\u00e4 liikennepolttoainetta. <strong>Turvediesel<\/strong> on niin sanottu <em>drop-in<\/em>-polttoaine, joka sopii suoraan nykyisiin dieselautoihin ja raskaalle kalustolle. Oikein tuotettuna sen hiilidioksidip\u00e4\u00e4st\u00f6t voivat jopa alittaa perinteisen fossiilisen dieselin p\u00e4\u00e4st\u00f6t.<\/p>\n<p><strong>Energiaturpeen<\/strong> k\u00e4yt\u00f6n v\u00e4hennytty\u00e4 turvedieselin tuotanto voisi samalla ratkaista maatalouden kuivike- ja kasvuturpeen saatavuusongelmia ja tuoda kaivattuja ty\u00f6llisyysvaikutuksia. <img loading=\"lazy\" decoding=\"async\" class=\"alignnone size-full wp-image-144\" src=\"https:\/\/www.uutispeili.fi\/wp-content\/uploads\/2023\/11\/di.gold_.gif\" alt=\"\" width=\"11\" height=\"11\" \/><\/p>\n<p>Muita aiheita:<\/p>\n<p>11.03. 2026:<\/p>\n<blockquote class=\"wp-embedded-content\" data-secret=\"pdipRcB8gD\"><p><a href=\"https:\/\/www.uutispeili.fi\/index.php\/2026\/03\/11\/adblue-ongelma-ratkeamassa\/\">AdBlue-ongelma ratkeamassa<\/a><\/p><\/blockquote>\n<p><iframe class=\"wp-embedded-content\" sandbox=\"allow-scripts\" security=\"restricted\" style=\"position: absolute; clip: rect(1px, 1px, 1px, 1px);\" title=\"&#8221;AdBlue-ongelma ratkeamassa&#8221; &#8212; \" src=\"https:\/\/www.uutispeili.fi\/index.php\/2026\/03\/11\/adblue-ongelma-ratkeamassa\/embed\/#?secret=GdYI7fpGG5#?secret=pdipRcB8gD\" data-secret=\"pdipRcB8gD\" width=\"600\" height=\"338\" frameborder=\"0\" marginwidth=\"0\" marginheight=\"0\" scrolling=\"no\"><\/iframe><\/p>\n<p>06.09. 2025:<\/p>\n<blockquote class=\"wp-embedded-content\" data-secret=\"B5un4AyGWQ\"><p><a href=\"https:\/\/www.uutispeili.fi\/index.php\/2025\/09\/06\/ruokatuotantoa-tukeva-koulutus-turvattava-sanoo-kansanedustaja\/\">Ruokatuotantoa tukeva koulutus turvattava, sanoo kansanedustaja<\/a><\/p><\/blockquote>\n<p><iframe class=\"wp-embedded-content\" sandbox=\"allow-scripts\" security=\"restricted\" style=\"position: absolute; clip: rect(1px, 1px, 1px, 1px);\" title=\"&#8221;Ruokatuotantoa tukeva koulutus turvattava, sanoo kansanedustaja&#8221; &#8212; \" src=\"https:\/\/www.uutispeili.fi\/index.php\/2025\/09\/06\/ruokatuotantoa-tukeva-koulutus-turvattava-sanoo-kansanedustaja\/embed\/#?secret=UhAuLeUyee#?secret=B5un4AyGWQ\" data-secret=\"B5un4AyGWQ\" width=\"600\" height=\"338\" frameborder=\"0\" marginwidth=\"0\" marginheight=\"0\" scrolling=\"no\"><\/iframe><\/p>\n<p>15.05. 2025:<\/p>\n<blockquote class=\"wp-embedded-content\" data-secret=\"lsL2noDt8I\"><p><a href=\"https:\/\/www.uutispeili.fi\/index.php\/2025\/05\/15\/jari-koskela-datakeskukset-kuormittavat-sahkoverkkoa-kustannukset-eivat-saa-jaada-kuluttajien-maksettaviksi\/\">Jari Koskela: Datakeskukset kuormittavat s\u00e4hk\u00f6verkkoa \u2013 kustannukset eiv\u00e4t saa j\u00e4\u00e4d\u00e4 kuluttajien maksettaviksi<\/a><\/p><\/blockquote>\n<p><iframe class=\"wp-embedded-content\" sandbox=\"allow-scripts\" security=\"restricted\" style=\"position: absolute; clip: rect(1px, 1px, 1px, 1px);\" title=\"&#8221;Jari Koskela: Datakeskukset kuormittavat s\u00e4hk\u00f6verkkoa \u2013 kustannukset eiv\u00e4t saa j\u00e4\u00e4d\u00e4 kuluttajien maksettaviksi&#8221; &#8212; \" src=\"https:\/\/www.uutispeili.fi\/index.php\/2025\/05\/15\/jari-koskela-datakeskukset-kuormittavat-sahkoverkkoa-kustannukset-eivat-saa-jaada-kuluttajien-maksettaviksi\/embed\/#?secret=JACt59Qmja#?secret=lsL2noDt8I\" data-secret=\"lsL2noDt8I\" width=\"600\" height=\"338\" frameborder=\"0\" marginwidth=\"0\" marginheight=\"0\" scrolling=\"no\"><\/iframe><\/p>\n<p>09.04. 2025:<\/p>\n<blockquote class=\"wp-embedded-content\" data-secret=\"EiR1vZ8lwE\"><p><a href=\"https:\/\/www.uutispeili.fi\/index.php\/2025\/04\/09\/mika-se-on-jattaa-auton-tielle-on-pakollinen-ja-valvottu-ja-viranomais-ajoneuvoilla-vapautus\/\">Mik\u00e4 se on: J\u00e4tt\u00e4\u00e4 auton tielle, on pakollinen -ja valvottu- ja viranomais-ajoneuvoilla vapautus<\/a><\/p><\/blockquote>\n<p><iframe class=\"wp-embedded-content\" sandbox=\"allow-scripts\" security=\"restricted\" style=\"position: absolute; clip: rect(1px, 1px, 1px, 1px);\" title=\"&#8221;Mik\u00e4 se on: J\u00e4tt\u00e4\u00e4 auton tielle, on pakollinen -ja valvottu- ja viranomais-ajoneuvoilla vapautus&#8221; &#8212; \" src=\"https:\/\/www.uutispeili.fi\/index.php\/2025\/04\/09\/mika-se-on-jattaa-auton-tielle-on-pakollinen-ja-valvottu-ja-viranomais-ajoneuvoilla-vapautus\/embed\/#?secret=iE5FZddxpX#?secret=EiR1vZ8lwE\" data-secret=\"EiR1vZ8lwE\" width=\"600\" height=\"338\" frameborder=\"0\" marginwidth=\"0\" marginheight=\"0\" scrolling=\"no\"><\/iframe><\/p>\n<p>17.04. 2025:<\/p>\n<blockquote class=\"wp-embedded-content\" data-secret=\"WogSfgpVkg\"><p><a href=\"https:\/\/www.uutispeili.fi\/index.php\/2025\/03\/17\/nesteella-tanaan-turbulenssia-porssissa\/\">NESTEell\u00e4 t\u00e4n\u00e4\u00e4n turbulenssia p\u00f6rssiss\u00e4<\/a><\/p><\/blockquote>\n<p><iframe class=\"wp-embedded-content\" sandbox=\"allow-scripts\" security=\"restricted\" style=\"position: absolute; clip: rect(1px, 1px, 1px, 1px);\" title=\"&#8221;NESTEell\u00e4 t\u00e4n\u00e4\u00e4n turbulenssia p\u00f6rssiss\u00e4&#8221; &#8212; \" src=\"https:\/\/www.uutispeili.fi\/index.php\/2025\/03\/17\/nesteella-tanaan-turbulenssia-porssissa\/embed\/#?secret=idxUwg2WDz#?secret=WogSfgpVkg\" data-secret=\"WogSfgpVkg\" width=\"600\" height=\"338\" frameborder=\"0\" marginwidth=\"0\" marginheight=\"0\" scrolling=\"no\"><\/iframe><\/p>\n<p>04.02. 2025:<\/p>\n<blockquote class=\"wp-embedded-content\" data-secret=\"SMZNIk1BIZ\"><p><a href=\"https:\/\/www.uutispeili.fi\/index.php\/2025\/02\/04\/keskusta-saastotoimet-vaarantavat-viljan-varmuusvarastoinnin\/\">Keskusta: S\u00e4\u00e4st\u00f6toimet vaarantavat viljan varmuusvarastoinnin<\/a><\/p><\/blockquote>\n<p><iframe class=\"wp-embedded-content\" sandbox=\"allow-scripts\" security=\"restricted\" style=\"position: absolute; clip: rect(1px, 1px, 1px, 1px);\" title=\"&#8221;Keskusta: S\u00e4\u00e4st\u00f6toimet vaarantavat viljan varmuusvarastoinnin&#8221; &#8212; \" src=\"https:\/\/www.uutispeili.fi\/index.php\/2025\/02\/04\/keskusta-saastotoimet-vaarantavat-viljan-varmuusvarastoinnin\/embed\/#?secret=oKeAofnzXg#?secret=SMZNIk1BIZ\" data-secret=\"SMZNIk1BIZ\" width=\"600\" height=\"338\" frameborder=\"0\" marginwidth=\"0\" marginheight=\"0\" scrolling=\"no\"><\/iframe><\/p>\n<p>25.11. 2024:<\/p>\n<blockquote class=\"wp-embedded-content\" data-secret=\"jUvmAlPX20\"><p><a href=\"https:\/\/www.uutispeili.fi\/index.php\/2024\/11\/25\/jari-ronkainen-kaupan-ala-mukaan-tukemaan-kotivarautumista\/\">Jari Ronkainen: Kaupan ala mukaan tukemaan kotivarautumista<\/a><\/p><\/blockquote>\n<p><iframe class=\"wp-embedded-content\" sandbox=\"allow-scripts\" security=\"restricted\" style=\"position: absolute; clip: rect(1px, 1px, 1px, 1px);\" title=\"&#8221;Jari Ronkainen: Kaupan ala mukaan tukemaan kotivarautumista&#8221; &#8212; \" src=\"https:\/\/www.uutispeili.fi\/index.php\/2024\/11\/25\/jari-ronkainen-kaupan-ala-mukaan-tukemaan-kotivarautumista\/embed\/#?secret=Frz0emfPus#?secret=jUvmAlPX20\" data-secret=\"jUvmAlPX20\" width=\"600\" height=\"338\" frameborder=\"0\" marginwidth=\"0\" marginheight=\"0\" scrolling=\"no\"><\/iframe><\/p>\n<p>16.03. 2026:<\/p>\n<blockquote class=\"wp-embedded-content\" data-secret=\"eg8MF6cLkM\"><p><a href=\"https:\/\/www.uutispeili.fi\/index.php\/2026\/03\/16\/vihreiden-harjanne-ja-kokoomuksen-vestman-iloitsevat-uudesta-ydinenergialaista\/\">Vihreiden Harjanne ja kokoomuksen Vestman iloitsevat uudesta ydinenergialaista<\/a><\/p><\/blockquote>\n<p><iframe class=\"wp-embedded-content\" sandbox=\"allow-scripts\" security=\"restricted\" style=\"position: absolute; clip: rect(1px, 1px, 1px, 1px);\" title=\"&#8221;Vihreiden Harjanne ja kokoomuksen Vestman iloitsevat uudesta ydinenergialaista&#8221; &#8212; \" src=\"https:\/\/www.uutispeili.fi\/index.php\/2026\/03\/16\/vihreiden-harjanne-ja-kokoomuksen-vestman-iloitsevat-uudesta-ydinenergialaista\/embed\/#?secret=hT8hdOKLKI#?secret=eg8MF6cLkM\" data-secret=\"eg8MF6cLkM\" width=\"600\" height=\"338\" frameborder=\"0\" marginwidth=\"0\" marginheight=\"0\" scrolling=\"no\"><\/iframe><\/p>\n<p>11.03. 2026:<\/p>\n<blockquote class=\"wp-embedded-content\" data-secret=\"0Elxt5LQv0\"><p><a href=\"https:\/\/www.uutispeili.fi\/index.php\/2026\/03\/11\/mia-laiho-toimenpidealoite-yksityishenkiloita-koskevan-dieselin-kayttovoimaveron-poistosta\/\">Mia Laiho: Toimenpidealoite yksityishenkil\u00f6it\u00e4 koskevan dieselin k\u00e4ytt\u00f6voimaveron poistosta<\/a><\/p><\/blockquote>\n<p><iframe class=\"wp-embedded-content\" sandbox=\"allow-scripts\" security=\"restricted\" style=\"position: absolute; clip: rect(1px, 1px, 1px, 1px);\" title=\"&#8221;Mia Laiho: Toimenpidealoite yksityishenkil\u00f6it\u00e4 koskevan dieselin k\u00e4ytt\u00f6voimaveron poistosta&#8221; &#8212; \" src=\"https:\/\/www.uutispeili.fi\/index.php\/2026\/03\/11\/mia-laiho-toimenpidealoite-yksityishenkiloita-koskevan-dieselin-kayttovoimaveron-poistosta\/embed\/#?secret=VJjxWnzFJp#?secret=0Elxt5LQv0\" data-secret=\"0Elxt5LQv0\" width=\"600\" height=\"338\" frameborder=\"0\" marginwidth=\"0\" marginheight=\"0\" scrolling=\"no\"><\/iframe><\/p>\n","protected":false},"excerpt":{"rendered":"<p>Kansanedustaja Mikko Savola per\u00e4\u00e4nkuuluttaa toimia kotimaisten synteettisten polttoaineiden, erityisesti turvedieselin, tuotannon k\u00e4ynnist\u00e4miseksi. (Arkistokuva, kuval\u00e4hde: Eduskunta.) Mikko Savola j\u00e4tti aiheesta t\u00e4n\u00e4\u00e4n kirjallisen kysymyksen ministerin vastattavaksi. Mihin toimiin hallitus aikoo ryhty\u00e4 polttoaineiden saatavuuden turvaamiseksi pitk\u00e4kestoisissa kriiseiss\u00e4? Mill\u00e4 keinoin hallitus mahdollistaa omavaraisuuden edist\u00e4misen turvedieseli\u00e4 tai muita kotimaisia synteettisi\u00e4 polttonesteit\u00e4 tuottamalla? Maailman geopoliittinen ep\u00e4varmuus ja sodat, viimeisimp\u00e4n\u00e4 Hormuzin salmen [&hellip;]<\/p>\n","protected":false},"author":3,"featured_media":4702,"comment_status":"open","ping_status":"open","sticky":false,"template":"","format":"standard","meta":{"footnotes":""},"categories":[49,58,60],"tags":[],"_links":{"self":[{"href":"https:\/\/www.uutispeili.fi\/index.php\/wp-json\/wp\/v2\/posts\/11767"}],"collection":[{"href":"https:\/\/www.uutispeili.fi\/index.php\/wp-json\/wp\/v2\/posts"}],"about":[{"href":"https:\/\/www.uutispeili.fi\/index.php\/wp-json\/wp\/v2\/types\/post"}],"author":[{"embeddable":true,"href":"https:\/\/www.uutispeili.fi\/index.php\/wp-json\/wp\/v2\/users\/3"}],"replies":[{"embeddable":true,"href":"https:\/\/www.uutispeili.fi\/index.php\/wp-json\/wp\/v2\/comments?post=11767"}],"version-history":[{"count":3,"href":"https:\/\/www.uutispeili.fi\/index.php\/wp-json\/wp\/v2\/posts\/11767\/revisions"}],"predecessor-version":[{"id":11771,"href":"https:\/\/www.uutispeili.fi\/index.php\/wp-json\/wp\/v2\/posts\/11767\/revisions\/11771"}],"wp:featuredmedia":[{"embeddable":true,"href":"https:\/\/www.uutispeili.fi\/index.php\/wp-json\/wp\/v2\/media\/4702"}],"wp:attachment":[{"href":"https:\/\/www.uutispeili.fi\/index.php\/wp-json\/wp\/v2\/media?parent=11767"}],"wp:term":[{"taxonomy":"category","embeddable":true,"href":"https:\/\/www.uutispeili.fi\/index.php\/wp-json\/wp\/v2\/categories?post=11767"},{"taxonomy":"post_tag","embeddable":true,"href":"https:\/\/www.uutispeili.fi\/index.php\/wp-json\/wp\/v2\/tags?post=11767"}],"curies":[{"name":"wp","href":"https:\/\/api.w.org\/{rel}","templated":true}]}}