{"id":11757,"date":"2026-03-27T12:02:31","date_gmt":"2026-03-27T10:02:31","guid":{"rendered":"https:\/\/www.uutispeili.fi\/?p=11757"},"modified":"2026-03-27T12:38:44","modified_gmt":"2026-03-27T10:38:44","slug":"sotejarjestoille-75-000-euron-palkkakatto-kansanedustaja-vigelius-tuet-ohjattava-ydintoimintaan-ei-johdon-palkkoihin","status":"publish","type":"post","link":"https:\/\/www.uutispeili.fi\/index.php\/2026\/03\/27\/sotejarjestoille-75-000-euron-palkkakatto-kansanedustaja-vigelius-tuet-ohjattava-ydintoimintaan-ei-johdon-palkkoihin\/","title":{"rendered":"Sotej\u00e4rjest\u00f6ille 75 000 euron palkkakatto &#8211; kansanedustaja Vigelius: &#8221;Tuet ohjattava ydintoimintaan, ei johdon palkkoihin&#8221;"},"content":{"rendered":"<p><strong>Sosiaali- ja terveysministeri Wille Rydman (Perussuomalaiset) linjasi torstaina valtion avustuksia saaville sote-j\u00e4rjest\u00f6ille asetettavasta 75 000 euron palkkakatosta.<\/strong><\/p>\n<p>(Arkistokuva, kuval\u00e4hde: Eduskunta.)<\/p>\n<p>Perussuomalaisten kansanedustaja ja toinen varapuheenjohtaja <strong>Joakim Vigelius<\/strong> katsoo palkkakaton tarpeelliseksi.<\/p>\n<h2>&#8217;Tuet toimintaan, ei johdon ylimpiin palkkoihin&#8217;<\/h2>\n<blockquote><p>\u2013 Tuet on ohjattava j\u00e4rjest\u00f6jen ydintoimintaan, ei johdon ylimpiin palkkoihin. Moni j\u00e4rjest\u00f6 tekee arvokasta ja julkista puolta t\u00e4ydent\u00e4v\u00e4\u00e4 ty\u00f6t\u00e4. Valtion tukieurojen soisi kohdistuvan juuri siihen, Vigelius toteaa.<\/p>\n<p>\u2013 T\u00e4m\u00e4n uskoisi olevan my\u00f6s j\u00e4rjest\u00f6jen omassa intressiss\u00e4 s\u00e4\u00e4st\u00f6paineiden keskell\u00e4.<\/p><\/blockquote>\n<p>Kuitenkin sosiaali- ja terveysalan toimijoiden kattoj\u00e4rjest\u00f6 <strong>Soste<\/strong>n p\u00e4\u00e4sihteeri <strong>Vertti Kiukas<\/strong> vastasi <em>Helsingin Sanomille<\/em>, ett\u00e4 &#8221;<em>muutoksella ei ole vaikutusta<\/em>&#8221;, koska j\u00e4rjest\u00f6ill\u00e4 on muitakin tuloja, kuten j\u00e4senmaksutuloja. Vigelius pit\u00e4\u00e4 lausuntoa erikoisena.<\/p>\n<h2>&#8217;<em>Prioriteettina johdon korkeat palkat?<\/em>&#8217;<\/h2>\n<blockquote><p>\u2013 Onko siis j\u00e4rjest\u00f6jen prioriteettina s\u00e4\u00e4st\u00f6jens\u00e4kin keskell\u00e4 turvata nimenomaan johdon korkeat palkat eik\u00e4 ydintoimintojaan? Vigelius kysyy. <img loading=\"lazy\" decoding=\"async\" class=\"alignnone size-full wp-image-144\" src=\"https:\/\/www.uutispeili.fi\/wp-content\/uploads\/2023\/11\/di.gold_.gif\" alt=\"\" width=\"11\" height=\"11\" \/><\/p><\/blockquote>\n<p>(Uutispeili ei ole muokannut artikkelin sis\u00e4lt\u00f6\u00e4.)<\/p>\n<h2>Aiempia SOTE-uutisia:<\/h2>\n<p>27.02. 2026:<\/p>\n<blockquote class=\"wp-embedded-content\" data-secret=\"HlZlc4zTOU\"><p><a href=\"https:\/\/www.uutispeili.fi\/index.php\/2026\/02\/27\/kielitaidon-ongelmat-sotealalla-ay-liikkeen-tiedossa-ovatko-super-ja-tehy-valmiita-yhteistyohon-rydmanin-kanssa-kysyy-miko-bergbom\/\">Kielitaidon ongelmat sotealalla ay-liikkeen tiedossa \u2013 Ovatko Super ja Tehy valmiita yhteisty\u00f6h\u00f6n Rydmanin kanssa? -kysyy Miko Bergbom<\/a><\/p><\/blockquote>\n<p><iframe class=\"wp-embedded-content\" sandbox=\"allow-scripts\" security=\"restricted\" style=\"position: absolute; clip: rect(1px, 1px, 1px, 1px);\" title=\"&#8221;Kielitaidon ongelmat sotealalla ay-liikkeen tiedossa \u2013 Ovatko Super ja Tehy valmiita yhteisty\u00f6h\u00f6n Rydmanin kanssa? -kysyy Miko Bergbom&#8221; &#8212; \" src=\"https:\/\/www.uutispeili.fi\/index.php\/2026\/02\/27\/kielitaidon-ongelmat-sotealalla-ay-liikkeen-tiedossa-ovatko-super-ja-tehy-valmiita-yhteistyohon-rydmanin-kanssa-kysyy-miko-bergbom\/embed\/#?secret=mhN3OTlWks#?secret=HlZlc4zTOU\" data-secret=\"HlZlc4zTOU\" width=\"600\" height=\"338\" frameborder=\"0\" marginwidth=\"0\" marginheight=\"0\" scrolling=\"no\"><\/iframe><\/p>\n<p>17.11. 2025:<\/p>\n<blockquote class=\"wp-embedded-content\" data-secret=\"RbF7njSGEM\"><p><a href=\"https:\/\/www.uutispeili.fi\/index.php\/2025\/10\/17\/sote-rahoitus-on-uudistettava-tasapuoliseksi-sanoo-keskustan-anne-kalmari\/\">Sote-rahoitus on uudistettava tasapuoliseksi, sanoo Keskustan Anne Kalmari<\/a><\/p><\/blockquote>\n<p><iframe class=\"wp-embedded-content\" sandbox=\"allow-scripts\" security=\"restricted\" style=\"position: absolute; clip: rect(1px, 1px, 1px, 1px);\" title=\"&#8221;Sote-rahoitus on uudistettava tasapuoliseksi, sanoo Keskustan Anne Kalmari&#8221; &#8212; \" src=\"https:\/\/www.uutispeili.fi\/index.php\/2025\/10\/17\/sote-rahoitus-on-uudistettava-tasapuoliseksi-sanoo-keskustan-anne-kalmari\/embed\/#?secret=Dw7t19218g#?secret=RbF7njSGEM\" data-secret=\"RbF7njSGEM\" width=\"600\" height=\"338\" frameborder=\"0\" marginwidth=\"0\" marginheight=\"0\" scrolling=\"no\"><\/iframe><\/p>\n<p>21.11. 2024:<\/p>\n<blockquote class=\"wp-embedded-content\" data-secret=\"3ghPywSGXa\"><p><a href=\"https:\/\/www.uutispeili.fi\/index.php\/2024\/11\/21\/selvitys-ihmisoikeuksien-systemaattista-huomioimista-sote-alan-yrityksissa-on-vahvistettava\/\">Selvitys: Ihmisoikeuksien systemaattista huomioimista sote-alan yrityksiss\u00e4 on vahvistettava<\/a><\/p><\/blockquote>\n<p><iframe class=\"wp-embedded-content\" sandbox=\"allow-scripts\" security=\"restricted\" style=\"position: absolute; clip: rect(1px, 1px, 1px, 1px);\" title=\"&#8221;Selvitys: Ihmisoikeuksien systemaattista huomioimista sote-alan yrityksiss\u00e4 on vahvistettava&#8221; &#8212; \" src=\"https:\/\/www.uutispeili.fi\/index.php\/2024\/11\/21\/selvitys-ihmisoikeuksien-systemaattista-huomioimista-sote-alan-yrityksissa-on-vahvistettava\/embed\/#?secret=gDJr1KiVXS#?secret=3ghPywSGXa\" data-secret=\"3ghPywSGXa\" width=\"600\" height=\"338\" frameborder=\"0\" marginwidth=\"0\" marginheight=\"0\" scrolling=\"no\"><\/iframe><\/p>\n<p>07.11. 2024:<\/p>\n<blockquote class=\"wp-embedded-content\" data-secret=\"c0O8lGJ3xu\"><p><a href=\"https:\/\/www.uutispeili.fi\/index.php\/2024\/10\/07\/rautavaaran-kunta-haluaa-turvata-sote-asiakkaiden-perustuslailliset-oikeudet\/\">Rautavaaran kunta haluaa turvata Sote-asiakkaiden perustuslailliset oikeudet<\/a><\/p><\/blockquote>\n<p><iframe class=\"wp-embedded-content\" sandbox=\"allow-scripts\" security=\"restricted\" style=\"position: absolute; clip: rect(1px, 1px, 1px, 1px);\" title=\"&#8221;Rautavaaran kunta haluaa turvata Sote-asiakkaiden perustuslailliset oikeudet&#8221; &#8212; \" src=\"https:\/\/www.uutispeili.fi\/index.php\/2024\/10\/07\/rautavaaran-kunta-haluaa-turvata-sote-asiakkaiden-perustuslailliset-oikeudet\/embed\/#?secret=28SR5gWeBt#?secret=c0O8lGJ3xu\" data-secret=\"c0O8lGJ3xu\" width=\"600\" height=\"338\" frameborder=\"0\" marginwidth=\"0\" marginheight=\"0\" scrolling=\"no\"><\/iframe><\/p>\n<p>11.04. 2024:<\/p>\n<blockquote class=\"wp-embedded-content\" data-secret=\"botb1xkGnu\"><p><a href=\"https:\/\/www.uutispeili.fi\/index.php\/2024\/04\/11\/sote-jarjestolla-30-erikoisasiantuntijaa-tuupovaara-ja-kiihtelysvaara-menettavat-koulut-ja-kirjastot\/\">Sote-j\u00e4rjest\u00f6ll\u00e4 30 &#8221;erikoisasiantuntijaa&#8221;, Tuupovaara ja Kiihtelysvaara menett\u00e4v\u00e4t koulut ja kirjastot<\/a><\/p><\/blockquote>\n<p><iframe class=\"wp-embedded-content\" sandbox=\"allow-scripts\" security=\"restricted\" style=\"position: absolute; clip: rect(1px, 1px, 1px, 1px);\" title=\"&#8221;Sote-j\u00e4rjest\u00f6ll\u00e4 30 &#8221;erikoisasiantuntijaa&#8221;, Tuupovaara ja Kiihtelysvaara menett\u00e4v\u00e4t koulut ja kirjastot&#8221; &#8212; \" src=\"https:\/\/www.uutispeili.fi\/index.php\/2024\/04\/11\/sote-jarjestolla-30-erikoisasiantuntijaa-tuupovaara-ja-kiihtelysvaara-menettavat-koulut-ja-kirjastot\/embed\/#?secret=jp0wozQVNB#?secret=botb1xkGnu\" data-secret=\"botb1xkGnu\" width=\"600\" height=\"338\" frameborder=\"0\" marginwidth=\"0\" marginheight=\"0\" scrolling=\"no\"><\/iframe><\/p>\n<p>11.01. 2024:<\/p>\n<blockquote class=\"wp-embedded-content\" data-secret=\"cCND51JHtS\"><p><a href=\"https:\/\/www.uutispeili.fi\/index.php\/2024\/01\/11\/maahanmuutosta-aiheutuvat-helsingin-sote-kustannukset-ovat-tahtitieteelliset\/\">Maahanmuutosta aiheutuvat Helsingin SOTE-kustannukset ovat t\u00e4htitieteelliset<\/a><\/p><\/blockquote>\n<p><iframe class=\"wp-embedded-content\" sandbox=\"allow-scripts\" security=\"restricted\" style=\"position: absolute; clip: rect(1px, 1px, 1px, 1px);\" title=\"&#8221;Maahanmuutosta aiheutuvat Helsingin SOTE-kustannukset ovat t\u00e4htitieteelliset&#8221; &#8212; \" src=\"https:\/\/www.uutispeili.fi\/index.php\/2024\/01\/11\/maahanmuutosta-aiheutuvat-helsingin-sote-kustannukset-ovat-tahtitieteelliset\/embed\/#?secret=NYgtJLMTav#?secret=cCND51JHtS\" data-secret=\"cCND51JHtS\" width=\"600\" height=\"338\" frameborder=\"0\" marginwidth=\"0\" marginheight=\"0\" scrolling=\"no\"><\/iframe><\/p>\n<p>18.01. 2026:<\/p>\n<blockquote class=\"wp-embedded-content\" data-secret=\"2TjiLHr4MQ\"><p><a href=\"https:\/\/www.uutispeili.fi\/index.php\/2026\/01\/18\/palvelut-heikkenevat-tulonsiirrot-pienevat-mutta-julkinen-sektori-paisuu-yha\/\">Palvelut heikkenev\u00e4t, tulonsiirrot pienev\u00e4t, mutta &#8221;Julkinen sektori paisuu yh\u00e4&#8221;<\/a><\/p><\/blockquote>\n<p><iframe class=\"wp-embedded-content\" sandbox=\"allow-scripts\" security=\"restricted\" style=\"position: absolute; clip: rect(1px, 1px, 1px, 1px);\" title=\"&#8221;Palvelut heikkenev\u00e4t, tulonsiirrot pienev\u00e4t, mutta &#8221;Julkinen sektori paisuu yh\u00e4&#8221;&#8221; &#8212; \" src=\"https:\/\/www.uutispeili.fi\/index.php\/2026\/01\/18\/palvelut-heikkenevat-tulonsiirrot-pienevat-mutta-julkinen-sektori-paisuu-yha\/embed\/#?secret=oj0tRbg5sy#?secret=2TjiLHr4MQ\" data-secret=\"2TjiLHr4MQ\" width=\"600\" height=\"338\" frameborder=\"0\" marginwidth=\"0\" marginheight=\"0\" scrolling=\"no\"><\/iframe><\/p>\n","protected":false},"excerpt":{"rendered":"<p>Sosiaali- ja terveysministeri Wille Rydman (Perussuomalaiset) linjasi torstaina valtion avustuksia saaville sote-j\u00e4rjest\u00f6ille asetettavasta 75 000 euron palkkakatosta. (Arkistokuva, kuval\u00e4hde: Eduskunta.) Perussuomalaisten kansanedustaja ja toinen varapuheenjohtaja Joakim Vigelius katsoo palkkakaton tarpeelliseksi. &#8217;Tuet toimintaan, ei johdon ylimpiin palkkoihin&#8217; \u2013 Tuet on ohjattava j\u00e4rjest\u00f6jen ydintoimintaan, ei johdon ylimpiin palkkoihin. Moni j\u00e4rjest\u00f6 tekee arvokasta ja julkista puolta t\u00e4ydent\u00e4v\u00e4\u00e4 ty\u00f6t\u00e4. [&hellip;]<\/p>\n","protected":false},"author":3,"featured_media":2492,"comment_status":"open","ping_status":"open","sticky":false,"template":"","format":"standard","meta":{"footnotes":""},"categories":[49,102],"tags":[],"_links":{"self":[{"href":"https:\/\/www.uutispeili.fi\/index.php\/wp-json\/wp\/v2\/posts\/11757"}],"collection":[{"href":"https:\/\/www.uutispeili.fi\/index.php\/wp-json\/wp\/v2\/posts"}],"about":[{"href":"https:\/\/www.uutispeili.fi\/index.php\/wp-json\/wp\/v2\/types\/post"}],"author":[{"embeddable":true,"href":"https:\/\/www.uutispeili.fi\/index.php\/wp-json\/wp\/v2\/users\/3"}],"replies":[{"embeddable":true,"href":"https:\/\/www.uutispeili.fi\/index.php\/wp-json\/wp\/v2\/comments?post=11757"}],"version-history":[{"count":2,"href":"https:\/\/www.uutispeili.fi\/index.php\/wp-json\/wp\/v2\/posts\/11757\/revisions"}],"predecessor-version":[{"id":11764,"href":"https:\/\/www.uutispeili.fi\/index.php\/wp-json\/wp\/v2\/posts\/11757\/revisions\/11764"}],"wp:featuredmedia":[{"embeddable":true,"href":"https:\/\/www.uutispeili.fi\/index.php\/wp-json\/wp\/v2\/media\/2492"}],"wp:attachment":[{"href":"https:\/\/www.uutispeili.fi\/index.php\/wp-json\/wp\/v2\/media?parent=11757"}],"wp:term":[{"taxonomy":"category","embeddable":true,"href":"https:\/\/www.uutispeili.fi\/index.php\/wp-json\/wp\/v2\/categories?post=11757"},{"taxonomy":"post_tag","embeddable":true,"href":"https:\/\/www.uutispeili.fi\/index.php\/wp-json\/wp\/v2\/tags?post=11757"}],"curies":[{"name":"wp","href":"https:\/\/api.w.org\/{rel}","templated":true}]}}