{"id":1175,"date":"2024-02-01T19:32:07","date_gmt":"2024-02-01T19:32:07","guid":{"rendered":"https:\/\/www.uutispeili.fi\/?p=1175"},"modified":"2024-02-01T19:32:08","modified_gmt":"2024-02-01T19:32:08","slug":"qatarin-ulkoministerio-myonteinen-vastaus-seka-israelilta-etta-hamasilta","status":"publish","type":"post","link":"https:\/\/www.uutispeili.fi\/index.php\/2024\/02\/01\/qatarin-ulkoministerio-myonteinen-vastaus-seka-israelilta-etta-hamasilta\/","title":{"rendered":"Qatarin ulkoministeri\u00f6: My\u00f6nteinen vastaus sek\u00e4 Israelilta ett\u00e4 Hamasilta"},"content":{"rendered":"<p><strong>Qatarin ulkoministeri\u00f6n tiedottaja ilmoitti t\u00e4n\u00e4\u00e4n torstaina, ett\u00e4 Gazan kaistaa kontrolloiva Hamas on antanut &#8221;alkuper\u00e4isen my\u00f6nteisen vahvistuksen&#8221; Yhdysvaltojen, Qatarin ha Egyptin ehdotukseen taistelujen lopettamisesta m\u00e4\u00e4r\u00e4ajaksi, ja Gazassa pidettyjen panttivankien asteettaisesta vapauttamisesta.<\/strong><\/p>\n<p>Rauhansuunnitelmasta keskusteltiin sunnuntaina (28.01.) <strong>Kairossa<\/strong> Yhdysvaltain, Egyptin ja Qatarin neuvottelijoiden kesken. Suunnitelmaan kuuluu kuuden viikon taistelutauko, ja panttivankien ja Israelin vankiloissa olevien vankien vaihto tauon kuluessa.<\/p>\n<p>&#8221;<em>Israelilainen osapuoli on hyv\u00e4ksynyt ehdotuksen, ja nyt meill\u00e4 on ensimm\u00e4inen my\u00f6nteinen vahvistus Hamasin puolelta<\/em>&#8221;, Qatarin ulkoministeri\u00f6n tiedottaja <strong>Majed al-Ansari<\/strong> kertoi <strong>Washingtonissa<\/strong>. Qatarin neuvotteli oli Kairon-tapaamisen j\u00e4lkeen lent\u00e4nyt Washingtoniin samana iltana.<\/p>\n<blockquote><p>&#8221;Olemme optimistisia, koska molemmat osapuolet sopivat nyt l\u00e4ht\u00f6kohdasta, joka johtaisi seuraavaan tulitaukoon&#8221;, sanoi al-Ansari. Neuvotteluprosessi jatkuu viel\u00e4 parisen viikkoa.<span style=\"font-size: revert; color: initial;\">.<\/span><\/p><\/blockquote>\n<p>Qatarissa pysyv\u00e4sti asuvan Hamasin johtajan <strong>Ismail Haniyehi<\/strong>n odotetaan saapuvan Kairoon t\u00e4n\u00e4\u00e4n torstaina tai perjantaina. <img loading=\"lazy\" decoding=\"async\" class=\"alignnone size-full wp-image-144\" src=\"https:\/\/www.uutispeili.fi\/wp-content\/uploads\/2023\/11\/di.gold_.gif\" alt=\"\" width=\"11\" height=\"11\" \/>Aiempi viikon mittainen tulitauko marraskuussa oli my\u00f6s Qatarin v\u00e4litt\u00e4m\u00e4.<\/p>\n<p>Luettavaa:<\/p>\n<ul>\n<li><a href=\"https:\/\/english.alarabiya.net\/News\/middle-east\/2024\/02\/01\/Hamas-gives-initial-positive-confirmation-on-truce-plan-Qatar\" target=\"_blank\" rel=\"noopener\">Al-Arabiya<\/a> 01.02. 2024,<\/li>\n<\/ul>\n<blockquote class=\"wp-embedded-content\" data-secret=\"YVd6QFbRNj\"><p><a href=\"https:\/\/www.uutispeili.fi\/index.php\/2024\/01\/31\/gazan-sota-aselepo-lahella\/\">Gazan sota: Aselepo l\u00e4hell\u00e4<\/a><\/p><\/blockquote>\n<p><iframe class=\"wp-embedded-content\" sandbox=\"allow-scripts\" security=\"restricted\" style=\"position: absolute; clip: rect(1px, 1px, 1px, 1px);\" title=\"&#8221;Gazan sota: Aselepo l\u00e4hell\u00e4&#8221; &#8212; \" src=\"https:\/\/www.uutispeili.fi\/index.php\/2024\/01\/31\/gazan-sota-aselepo-lahella\/embed\/#?secret=hgyE3glVU6#?secret=YVd6QFbRNj\" data-secret=\"YVd6QFbRNj\" width=\"600\" height=\"338\" frameborder=\"0\" marginwidth=\"0\" marginheight=\"0\" scrolling=\"no\"><\/iframe><\/p>\n<blockquote class=\"wp-embedded-content\" data-secret=\"ZpW5OhlGh3\"><p><a href=\"https:\/\/www.uutispeili.fi\/index.php\/2024\/01\/21\/panttivankien-vapauttaminen-ja-palestiinan-valtion-muodostaminen-osana-yhdysvaltojen-egyptin-ja-qatarin-rauhansuunnitelmaa\/\">Panttivankien vapauttaminen ja Palestiinan valtion muodostaminen osana Yhdysvaltojen, Egyptin ja Qatarin rauhansuunnitelmaa<\/a><\/p><\/blockquote>\n<p><iframe class=\"wp-embedded-content\" sandbox=\"allow-scripts\" security=\"restricted\" style=\"position: absolute; clip: rect(1px, 1px, 1px, 1px);\" title=\"&#8221;Panttivankien vapauttaminen ja Palestiinan valtion muodostaminen osana Yhdysvaltojen, Egyptin ja Qatarin rauhansuunnitelmaa&#8221; &#8212; \" src=\"https:\/\/www.uutispeili.fi\/index.php\/2024\/01\/21\/panttivankien-vapauttaminen-ja-palestiinan-valtion-muodostaminen-osana-yhdysvaltojen-egyptin-ja-qatarin-rauhansuunnitelmaa\/embed\/#?secret=ehvvzA2Zr9#?secret=ZpW5OhlGh3\" data-secret=\"ZpW5OhlGh3\" width=\"600\" height=\"338\" frameborder=\"0\" marginwidth=\"0\" marginheight=\"0\" scrolling=\"no\"><\/iframe><\/p>\n","protected":false},"excerpt":{"rendered":"<p>Qatarin ulkoministeri\u00f6n tiedottaja ilmoitti t\u00e4n\u00e4\u00e4n torstaina, ett\u00e4 Gazan kaistaa kontrolloiva Hamas on antanut &#8221;alkuper\u00e4isen my\u00f6nteisen vahvistuksen&#8221; Yhdysvaltojen, Qatarin ha Egyptin ehdotukseen taistelujen lopettamisesta m\u00e4\u00e4r\u00e4ajaksi, ja Gazassa pidettyjen panttivankien asteettaisesta vapauttamisesta. Rauhansuunnitelmasta keskusteltiin sunnuntaina (28.01.) Kairossa Yhdysvaltain, Egyptin ja Qatarin neuvottelijoiden kesken. Suunnitelmaan kuuluu kuuden viikon taistelutauko, ja panttivankien ja Israelin vankiloissa olevien vankien vaihto tauon [&hellip;]<\/p>\n","protected":false},"author":3,"featured_media":1165,"comment_status":"open","ping_status":"open","sticky":false,"template":"","format":"standard","meta":{"footnotes":""},"categories":[7],"tags":[],"_links":{"self":[{"href":"https:\/\/www.uutispeili.fi\/index.php\/wp-json\/wp\/v2\/posts\/1175"}],"collection":[{"href":"https:\/\/www.uutispeili.fi\/index.php\/wp-json\/wp\/v2\/posts"}],"about":[{"href":"https:\/\/www.uutispeili.fi\/index.php\/wp-json\/wp\/v2\/types\/post"}],"author":[{"embeddable":true,"href":"https:\/\/www.uutispeili.fi\/index.php\/wp-json\/wp\/v2\/users\/3"}],"replies":[{"embeddable":true,"href":"https:\/\/www.uutispeili.fi\/index.php\/wp-json\/wp\/v2\/comments?post=1175"}],"version-history":[{"count":2,"href":"https:\/\/www.uutispeili.fi\/index.php\/wp-json\/wp\/v2\/posts\/1175\/revisions"}],"predecessor-version":[{"id":1177,"href":"https:\/\/www.uutispeili.fi\/index.php\/wp-json\/wp\/v2\/posts\/1175\/revisions\/1177"}],"wp:featuredmedia":[{"embeddable":true,"href":"https:\/\/www.uutispeili.fi\/index.php\/wp-json\/wp\/v2\/media\/1165"}],"wp:attachment":[{"href":"https:\/\/www.uutispeili.fi\/index.php\/wp-json\/wp\/v2\/media?parent=1175"}],"wp:term":[{"taxonomy":"category","embeddable":true,"href":"https:\/\/www.uutispeili.fi\/index.php\/wp-json\/wp\/v2\/categories?post=1175"},{"taxonomy":"post_tag","embeddable":true,"href":"https:\/\/www.uutispeili.fi\/index.php\/wp-json\/wp\/v2\/tags?post=1175"}],"curies":[{"name":"wp","href":"https:\/\/api.w.org\/{rel}","templated":true}]}}