{"id":11746,"date":"2026-03-26T19:26:38","date_gmt":"2026-03-26T17:26:38","guid":{"rendered":"https:\/\/www.uutispeili.fi\/?p=11746"},"modified":"2026-03-26T19:39:22","modified_gmt":"2026-03-26T17:39:22","slug":"kaja-kallas-tanaan-venaja-tukee-irania-amerikkalaisten-tappamisessa","status":"publish","type":"post","link":"https:\/\/www.uutispeili.fi\/index.php\/2026\/03\/26\/kaja-kallas-tanaan-venaja-tukee-irania-amerikkalaisten-tappamisessa\/","title":{"rendered":"Kaja Kallas t\u00e4n\u00e4\u00e4n: &#8217;Ven\u00e4j\u00e4 tukee Irania amerikkalaisten tappamisessa&#8217; (VIDEO)"},"content":{"rendered":"<p><strong>EU:n komission varapuheenjohtaja ja korkea ulkopoliittinen edustaja Kaja Kallas \u00a0puhui torstaina G7-kokouksessa Pariisissa &#8221;<em>amerikkalaisten tappamisesta<\/em>&#8221;, tarkoittaen Ven\u00e4j\u00e4n tukea Iranille, -mm. Yhdysvaltain tukikohtia Persianlahden maissa koskevan tiedustelutiedon jakamista Iranille,<\/strong><\/p>\n<p>(Kuva: Kaja Kallas\u00a0 \/&#8217;X&#8217;, kuvakaappaus.)<\/p>\n<blockquote><p>\u201dN\u00e4emme, ett\u00e4 Ven\u00e4j\u00e4 auttaa Irania tiedustelutiedoilla amerikkalaisten kohdistamiseksi ja tappamiseksi, ja Ven\u00e4j\u00e4 tukee nyt Irania my\u00f6s <strong>drooneilla<\/strong>, jotta se voi hy\u00f6k\u00e4t\u00e4 naapurimaihin ja my\u00f6s Yhdysvaltojen sotilastukikohtiin\u201d, sanoi Kaja Kallas.<\/p><\/blockquote>\n<p>Toimittajan kysymykseen <strong>Ukrainan<\/strong> ja <strong>Iranin<\/strong> sodista Kallas vastasi:<\/p>\n<p>\u201dN\u00e4m\u00e4 sodat ovat hyvin tiiviisti kytk\u00f6ksiss\u00e4 toisiinsa&#8230; Jos Amerikka haluaa L\u00e4hi-id\u00e4n sodan loppuvan, Iranin lopettavan hy\u00f6kk\u00e4yksens\u00e4, heid\u00e4n pit\u00e4isi my\u00f6s painostaa Ven\u00e4j\u00e4\u00e4, jotta se ei pystyisi auttamaan heit\u00e4 t\u00e4ss\u00e4\u201d, jatkoi EU:n ulkopoliittinen edustaja. <img loading=\"lazy\" decoding=\"async\" class=\"alignnone size-full wp-image-144\" src=\"https:\/\/www.uutispeili.fi\/wp-content\/uploads\/2023\/11\/di.gold_.gif\" alt=\"\" width=\"11\" height=\"11\" \/><\/p>\n<p>Aiheesta kertoivat my\u00f6s:<\/p>\n<ul>\n<li><a href=\"https:\/\/x.com\/kajakallas\/status\/2037204560578539784\" target=\"_blank\" rel=\"noopener\"><strong>Kaja Kallas<\/strong><\/a>, viestipalvelu X:ss\u00e4 26.03. 2026, -lausunto kokonaisuudessaan.<\/li>\n<li><a href=\"https:\/\/english.alarabiya.net\/News\/world\/2026\/03\/26\/eu-says-russia-gave-iran-intelligence-to-kill-americans-in-mideast-\" target=\"_blank\" rel=\"noopener\"><strong>al-Arabiya<\/strong><\/a> 26.03. 2026,<\/li>\n<li><a href=\"https:\/\/www.cbsnews.com\/news\/russia-helping-iran-ntel-target-kill-americans\/\" target=\"_blank\" rel=\"noopener\"><strong>CBS<\/strong><\/a> 26.03. 2026,<\/li>\n<\/ul>\n<p>Video 26.03. 2026, <strong>DRM News<\/strong>:<\/p>\n<p><iframe loading=\"lazy\" width=\"859\" height=\"285\" src=\"https:\/\/www.youtube.com\/embed\/eB_58HAZVnY\" title=\"BREAKING NEWS: Kaja Kallas Issues Strong Warning on Ukraine Land Deals at G7 Summit Meeting | AC14\" frameborder=\"0\" allow=\"accelerometer; autoplay; clipboard-write; encrypted-media; gyroscope; picture-in-picture; web-share\" referrerpolicy=\"strict-origin-when-cross-origin\" allowfullscreen><\/iframe><\/p>\n<h2>Aiempia uutisia:<\/h2>\n<p>23.02. 2026:<\/p>\n<blockquote class=\"wp-embedded-content\" data-secret=\"jVBeTxzS9L\"><p><a href=\"https:\/\/www.uutispeili.fi\/index.php\/2026\/02\/23\/kaja-kallas-diplomaattinen-ratkaisu-iranin-kiistaan\/\">Kaja Kallas: &#8221;Diplomaattinen ratkaisu&#8221; Iranin kiistaan<\/a><\/p><\/blockquote>\n<p><iframe class=\"wp-embedded-content\" sandbox=\"allow-scripts\" security=\"restricted\" style=\"position: absolute; clip: rect(1px, 1px, 1px, 1px);\" title=\"&#8221;Kaja Kallas: &#8221;Diplomaattinen ratkaisu&#8221; Iranin kiistaan&#8221; &#8212; \" src=\"https:\/\/www.uutispeili.fi\/index.php\/2026\/02\/23\/kaja-kallas-diplomaattinen-ratkaisu-iranin-kiistaan\/embed\/#?secret=5kUgvbphaR#?secret=jVBeTxzS9L\" data-secret=\"jVBeTxzS9L\" width=\"600\" height=\"338\" frameborder=\"0\" marginwidth=\"0\" marginheight=\"0\" scrolling=\"no\"><\/iframe><\/p>\n<p>26.03. 2026:<\/p>\n<blockquote class=\"wp-embedded-content\" data-secret=\"FtopKBq8AL\"><p><a href=\"https:\/\/www.uutispeili.fi\/index.php\/2026\/03\/26\/iranin-korkein-diplomaatti-ja-parlamentin-puhemies-israelilla-jo-koordinaateissa-neuvottelujen-valittajavaltio-pakistanilta-veto\/\">Iranin korkein diplomaatti ja parlamentin puhemies Israelilla jo &#8221;koordinaateissa&#8221;, -neuvottelujen v\u00e4litt\u00e4j\u00e4valtio Pakistanilta: &#8217;VETO!&#8217;<\/a><\/p><\/blockquote>\n<p><iframe class=\"wp-embedded-content\" sandbox=\"allow-scripts\" security=\"restricted\" style=\"position: absolute; clip: rect(1px, 1px, 1px, 1px);\" title=\"&#8221;Iranin korkein diplomaatti ja parlamentin puhemies Israelilla jo &#8221;koordinaateissa&#8221;, -neuvottelujen v\u00e4litt\u00e4j\u00e4valtio Pakistanilta: &#8217;VETO!&#8217;&#8221; &#8212; \" src=\"https:\/\/www.uutispeili.fi\/index.php\/2026\/03\/26\/iranin-korkein-diplomaatti-ja-parlamentin-puhemies-israelilla-jo-koordinaateissa-neuvottelujen-valittajavaltio-pakistanilta-veto\/embed\/#?secret=ZJUX5iSm4W#?secret=FtopKBq8AL\" data-secret=\"FtopKBq8AL\" width=\"600\" height=\"338\" frameborder=\"0\" marginwidth=\"0\" marginheight=\"0\" scrolling=\"no\"><\/iframe><\/p>\n<p>22.03. 2026:<\/p>\n<blockquote class=\"wp-embedded-content\" data-secret=\"NMbosNJW2s\"><p><a href=\"https:\/\/www.uutispeili.fi\/index.php\/2026\/03\/22\/japani-ei-sitten-ollut-kiitollinen-japanilaiset-sotalalaivat-hormuz-operaatioon-vasta-aselevon-jalkeen-kauppalaivat-heti-iranin-luvalla\/\">Japani ei sitten ollut &#8217;kiitollinen&#8217;: Japanilaiset sotalalaivat Hormuz-operaatioon vasta aselevon j\u00e4lkeen, kauppalaivat heti: Iranin luvalla<\/a><\/p><\/blockquote>\n<p><iframe class=\"wp-embedded-content\" sandbox=\"allow-scripts\" security=\"restricted\" style=\"position: absolute; clip: rect(1px, 1px, 1px, 1px);\" title=\"&#8221;Japani ei sitten ollut &#8217;kiitollinen&#8217;: Japanilaiset sotalalaivat Hormuz-operaatioon vasta aselevon j\u00e4lkeen, kauppalaivat heti: Iranin luvalla&#8221; &#8212; \" src=\"https:\/\/www.uutispeili.fi\/index.php\/2026\/03\/22\/japani-ei-sitten-ollut-kiitollinen-japanilaiset-sotalalaivat-hormuz-operaatioon-vasta-aselevon-jalkeen-kauppalaivat-heti-iranin-luvalla\/embed\/#?secret=QL6OB1vgkm#?secret=NMbosNJW2s\" data-secret=\"NMbosNJW2s\" width=\"600\" height=\"338\" frameborder=\"0\" marginwidth=\"0\" marginheight=\"0\" scrolling=\"no\"><\/iframe><\/p>\n<p>24.03. 2026:<\/p>\n<blockquote class=\"wp-embedded-content\" data-secret=\"r8spyS7L42\"><p><a href=\"https:\/\/www.uutispeili.fi\/index.php\/2026\/03\/24\/sodan-tarkoitus-on-sotiminen\/\">Sodan tarkoitus on sotiminen<\/a><\/p><\/blockquote>\n<p><iframe class=\"wp-embedded-content\" sandbox=\"allow-scripts\" security=\"restricted\" style=\"position: absolute; clip: rect(1px, 1px, 1px, 1px);\" title=\"&#8221;Sodan tarkoitus on sotiminen&#8221; &#8212; \" src=\"https:\/\/www.uutispeili.fi\/index.php\/2026\/03\/24\/sodan-tarkoitus-on-sotiminen\/embed\/#?secret=GcHk6TnDlU#?secret=r8spyS7L42\" data-secret=\"r8spyS7L42\" width=\"600\" height=\"338\" frameborder=\"0\" marginwidth=\"0\" marginheight=\"0\" scrolling=\"no\"><\/iframe><\/p>\n<p>16.06. <strong>2025<\/strong>:<\/p>\n<blockquote class=\"wp-embedded-content\" data-secret=\"6mJg4MN9C4\"><p><a href=\"https:\/\/www.uutispeili.fi\/index.php\/2025\/06\/16\/iran-ei-aio-kehittaa-ydinaseita-mutta-se-aikoo-ajaa-oikeuttaan-ydinenergiaan-sanoo-iranin-presidentti-iran-irtautuu-ydinsulkusopimuksesta\/\">&#8221;Iran ei aio kehitt\u00e4\u00e4 ydinaseita, mutta se aikoo ajaa oikeuttaan ydinenergiaan&#8221;, sanoo Iranin presidentti, -Iran irtautuu ydinsulkusopimuksesta<\/a><\/p><\/blockquote>\n<p><iframe class=\"wp-embedded-content\" sandbox=\"allow-scripts\" security=\"restricted\" style=\"position: absolute; clip: rect(1px, 1px, 1px, 1px);\" title=\"&#8221;&#8221;Iran ei aio kehitt\u00e4\u00e4 ydinaseita, mutta se aikoo ajaa oikeuttaan ydinenergiaan&#8221;, sanoo Iranin presidentti, -Iran irtautuu ydinsulkusopimuksesta&#8221; &#8212; \" src=\"https:\/\/www.uutispeili.fi\/index.php\/2025\/06\/16\/iran-ei-aio-kehittaa-ydinaseita-mutta-se-aikoo-ajaa-oikeuttaan-ydinenergiaan-sanoo-iranin-presidentti-iran-irtautuu-ydinsulkusopimuksesta\/embed\/#?secret=7MrJPWDUf8#?secret=6mJg4MN9C4\" data-secret=\"6mJg4MN9C4\" width=\"600\" height=\"338\" frameborder=\"0\" marginwidth=\"0\" marginheight=\"0\" scrolling=\"no\"><\/iframe><\/p>\n","protected":false},"excerpt":{"rendered":"<p>EU:n komission varapuheenjohtaja ja korkea ulkopoliittinen edustaja Kaja Kallas \u00a0puhui torstaina G7-kokouksessa Pariisissa &#8221;amerikkalaisten tappamisesta&#8221;, tarkoittaen Ven\u00e4j\u00e4n tukea Iranille, -mm. Yhdysvaltain tukikohtia Persianlahden maissa koskevan tiedustelutiedon jakamista Iranille, (Kuva: Kaja Kallas\u00a0 \/&#8217;X&#8217;, kuvakaappaus.) \u201dN\u00e4emme, ett\u00e4 Ven\u00e4j\u00e4 auttaa Irania tiedustelutiedoilla amerikkalaisten kohdistamiseksi ja tappamiseksi, ja Ven\u00e4j\u00e4 tukee nyt Irania my\u00f6s drooneilla, jotta se voi hy\u00f6k\u00e4t\u00e4 naapurimaihin [&hellip;]<\/p>\n","protected":false},"author":3,"featured_media":11748,"comment_status":"open","ping_status":"open","sticky":false,"template":"","format":"standard","meta":{"footnotes":""},"categories":[112,71,78,74,127],"tags":[],"_links":{"self":[{"href":"https:\/\/www.uutispeili.fi\/index.php\/wp-json\/wp\/v2\/posts\/11746"}],"collection":[{"href":"https:\/\/www.uutispeili.fi\/index.php\/wp-json\/wp\/v2\/posts"}],"about":[{"href":"https:\/\/www.uutispeili.fi\/index.php\/wp-json\/wp\/v2\/types\/post"}],"author":[{"embeddable":true,"href":"https:\/\/www.uutispeili.fi\/index.php\/wp-json\/wp\/v2\/users\/3"}],"replies":[{"embeddable":true,"href":"https:\/\/www.uutispeili.fi\/index.php\/wp-json\/wp\/v2\/comments?post=11746"}],"version-history":[{"count":5,"href":"https:\/\/www.uutispeili.fi\/index.php\/wp-json\/wp\/v2\/posts\/11746\/revisions"}],"predecessor-version":[{"id":11756,"href":"https:\/\/www.uutispeili.fi\/index.php\/wp-json\/wp\/v2\/posts\/11746\/revisions\/11756"}],"wp:featuredmedia":[{"embeddable":true,"href":"https:\/\/www.uutispeili.fi\/index.php\/wp-json\/wp\/v2\/media\/11748"}],"wp:attachment":[{"href":"https:\/\/www.uutispeili.fi\/index.php\/wp-json\/wp\/v2\/media?parent=11746"}],"wp:term":[{"taxonomy":"category","embeddable":true,"href":"https:\/\/www.uutispeili.fi\/index.php\/wp-json\/wp\/v2\/categories?post=11746"},{"taxonomy":"post_tag","embeddable":true,"href":"https:\/\/www.uutispeili.fi\/index.php\/wp-json\/wp\/v2\/tags?post=11746"}],"curies":[{"name":"wp","href":"https:\/\/api.w.org\/{rel}","templated":true}]}}