{"id":11743,"date":"2026-03-26T18:04:57","date_gmt":"2026-03-26T16:04:57","guid":{"rendered":"https:\/\/www.uutispeili.fi\/?p=11743"},"modified":"2026-03-26T18:04:58","modified_gmt":"2026-03-26T16:04:58","slug":"ymparistovaliokunta-ilmastopolitiikan-suunnittelun-kokonaisuutta-on-selkeytettava","status":"publish","type":"post","link":"https:\/\/www.uutispeili.fi\/index.php\/2026\/03\/26\/ymparistovaliokunta-ilmastopolitiikan-suunnittelun-kokonaisuutta-on-selkeytettava\/","title":{"rendered":"Ymp\u00e4rist\u00f6valiokunta: Ilmastopolitiikan suunnittelun kokonaisuutta on selkeytett\u00e4v\u00e4"},"content":{"rendered":"<p><strong>Eduskunnan ymp\u00e4rist\u00f6valiokunta ehdottaa, ett\u00e4 ilmastopolitiikan suunnitteluj\u00e4rjestelm\u00e4\u00e4 kehitet\u00e4\u00e4n tiiviiksi ja selke\u00e4ksi kokonaisuudeksi, jonka toteutus voi alkaa kokonaisuuden hyv\u00e4ksyneen hallituksen toimikauden alkupuolella.<\/strong><\/p>\n<p>(Kuvituskuva.)<\/p>\n<p><strong>Eduskunnan ymp\u00e4rist\u00f6valiokunta<\/strong> on antanut mietint\u00f6ns\u00e4 <strong>valtioneuvoston selonteosta<\/strong> keskipitk\u00e4n aikav\u00e4lin ilmastosuunnitelmasta. Suunnitelma sis\u00e4lt\u00e4\u00e4 taakanjakosektorin p\u00e4\u00e4st\u00f6v\u00e4hennystoimet, joilla pyrit\u00e4\u00e4n saavuttamaan EU:n ja kansallisen ilmastolain tavoitteet.<\/p>\n<p>Valiokunta hyv\u00e4ksyi mietinn\u00f6n kokouksessaan torstaina (26.03). Mietint\u00f6\u00f6n sis\u00e4ltyi kaksi vastalausetta.<\/p>\n<p>Ymp\u00e4rist\u00f6valiokunta ehdottaa, ett\u00e4 eduskunta hyv\u00e4ksyy selonteon johdosta kannanoton:<\/p>\n<blockquote><p>&#8221; Eduskunta edellytt\u00e4\u00e4, ett\u00e4 ilmastopolitiikan suunnitteluj\u00e4rjestelm\u00e4\u00e4 kehitet\u00e4\u00e4n sellaiseksi tiiviiksi ja selke\u00e4ksi kokonaisuudeksi, joka mahdollistaa tavoitteiden ja toimenpiteiden tehokkaan seurannan, ja jonka toteutus voi alkaa kokonaisuuden hyv\u00e4ksyneen hallituksen toimikauden alkupuolella,&#8221; valiokunta lausuu.<\/p><\/blockquote>\n<p>Eduskunnan kannanoton tarkoituksena on ohjata ilmastopolitiikan suunnittelua ja suunnitelmien toimeenpanoa.<\/p>\n<h2>Valiokunta: Yhteiskunnalliset vaikutukset otettava huomioon<\/h2>\n<p>Valiokunta painottaa, ett\u00e4 ilmastopolitiikan suunnitteluj\u00e4rjestelm\u00e4\u00e4 on kehitett\u00e4v\u00e4 tiiviimm\u00e4ksi ja selke\u00e4mm\u00e4ksi kokonaisuudeksi, joka mahdollistaa toimenpiteiden seurannan ja toimeenpanon vaalikauden alkupuolella.<\/p>\n<p>Valiokunnan mukaan suunnitelman toimenpidevalikoima on laaja, mutta osa toimista edellytt\u00e4\u00e4 lis\u00e4valmistelua ja p\u00e4\u00e4t\u00f6ksi\u00e4. Lausuntopalautteessa on korostettu my\u00f6s rahoituksen varmistamista ja tarvetta arvioida toimien riitt\u00e4vyytt\u00e4 jatkossa. Valiokunta kiinnitt\u00e4\u00e4 huomiota siihen, ett\u00e4 taloudellisten vaikutusten rinnalla on tarkasteltava my\u00f6s sosiaalisia vaikutuksia ja toimien oikeudenmukaisuutta.<\/p>\n<blockquote><p><strong>Fossiilisen polttoaineen jakeluun<\/strong> tuleva uusi p\u00e4\u00e4st\u00f6kauppa (ETS2) kattaa suuren osan taakanjakosektorin p\u00e4\u00e4st\u00f6ist\u00e4.<\/p><\/blockquote>\n<p>Valiokunta kiinnitt\u00e4\u00e4 huomiota siihen, ett\u00e4 j\u00e4rjestelm\u00e4n vaikutuksia on tarkoitus liennytt\u00e4\u00e4 erityisesti yritysten, kotitalouksien ja tieliikenteen k\u00e4ytt\u00e4jien kohdalla. EU:n sosiaalisen ilmastorahaston tuella voidaan tukea kotitalouksia ja mikroyrityksi\u00e4, mutta vaikutukset eiv\u00e4t viel\u00e4 n\u00e4y suunnitelman laskelmissa.<\/p>\n<h2>Taakanjakosektorin p\u00e4\u00e4st\u00f6v\u00e4hennyksiin liittyv\u00e4 ep\u00e4varmuus<\/h2>\n<p><strong>Taakanjakosektorin p\u00e4\u00e4st\u00f6t<\/strong> ovat v\u00e4hentyneet etenkin liikenteess\u00e4 ja rakennusten erillisl\u00e4mmityksess\u00e4, mutta vuoden 2030 velvoitteeseen j\u00e4\u00e4 edelleen kurottavaa. Valiokunta nostaa esiin ep\u00e4varmuudet, jotka liittyv\u00e4t EU:n tuleviin p\u00e4\u00e4st\u00f6kiinti\u00f6ihin, joustojen saatavuuteen ja maank\u00e4ytt\u00f6sektorin kehittymiseen. Maank\u00e4ytt\u00f6sektorin heikentynyt nettonielu voi lis\u00e4t\u00e4 tarvetta p\u00e4\u00e4st\u00f6v\u00e4hennystoimille taakanjakosektorilla.<\/p>\n<h2>Luotettavaa p\u00e4\u00e4st\u00f6- ja nieluseurantaa tarvitaan<\/h2>\n<blockquote><p>Liikenteess\u00e4 p\u00e4\u00e4st\u00f6j\u00e4 on v\u00e4hennetty, mutta tavoitteisiin ei p\u00e4\u00e4st\u00e4 nykytoimilla. Liikenne- ja viestint\u00e4valiokunta korostaa lausunnossaan toimien kustannustehokkuutta, ennakoitavuutta ja Suomen erityisolosuhteiden huomioimista.<\/p><\/blockquote>\n<p><strong>Maatalouden p\u00e4\u00e4st\u00f6jen<\/strong> v\u00e4hent\u00e4misess\u00e4 valiokunta pit\u00e4\u00e4 perusteltuna heikkotuottoisten peltojen metsitt\u00e4mist\u00e4. Biokaasun tuotanto ja ravinteiden kierr\u00e4tys n\u00e4hd\u00e4\u00e4n toimina, joilla voidaan v\u00e4hent\u00e4\u00e4 p\u00e4\u00e4st\u00f6j\u00e4 ja vahvistaa energia\u2011 ja ravinnehuoltovarmuutta.<\/p>\n<p><strong>Rakennusten erillisl\u00e4mmityksen<\/strong> p\u00e4\u00e4st\u00f6t ovat v\u00e4hentyneet merkitt\u00e4v\u00e4sti \u00f6ljyl\u00e4mmityksest\u00e4 luopumisen ja energiatehokkuuden paranemisen ansiosta. Valiokunta pit\u00e4\u00e4 t\u00e4rke\u00e4n\u00e4, ett\u00e4 tukea kohdennetaan fossiilisia l\u00e4mmitysj\u00e4rjestelmi\u00e4 korvaaviin toimiin ja ett\u00e4 rakennusmateriaalien ilmastovaikutuksia kehitet\u00e4\u00e4n ohjauskeinoin. Lis\u00e4ksi se korostaa puurakentamisen mahdollisuuksia erityisesti julkisissa hankinnoissa.<\/p>\n<h2>Suomen tavoite olla biotalouden k\u00e4rkimaa<\/h2>\n<p>Valiokunta painottaa, ett\u00e4 Suomen tavoite olla biotalouden k\u00e4rkimaa on otettava huomioon ilmastosuunnitelmien valmistelussa. Ilmastosuunnitelmien valmistelussa on varmistettava, etteiv\u00e4t ne ohjaa teollisuuden raaka-aineiden hankintaa ja tuotteiden tuotantoa muihin maihin. Suunnittelun tulee olla johdonmukaista ja aikataulultaan sellaista, ett\u00e4 toimet voidaan toteuttaa hallituskauden aikana.<\/p>\n<h2>Valiokunnan mietinn\u00f6st\u00e4 t\u00e4ysistuntoon<\/h2>\n<p>Selonteon eduskuntak\u00e4sittely alkoi l\u00e4hetekeskustelulla t\u00e4ysistunnossa, josta asia eteni valiokuntak\u00e4sittelyyn ymp\u00e4rist\u00f6valiokuntaan. Asia etenee seuraavaksi eduskunnan t\u00e4ysistunnon k\u00e4sitelt\u00e4v\u00e4ksi, jossa p\u00e4\u00e4tet\u00e4\u00e4n valiokunnan esityksen hyv\u00e4ksymisest\u00e4, muuttamisesta tai hylk\u00e4\u00e4misest\u00e4.<\/p>\n<p>Asian k\u00e4sittelyn aikana valiokunta kuuli laajasti asiantuntijoita. Lis\u00e4ksi valiokunta sai lausunnot <strong>maa- ja mets\u00e4talousvaliokunnalta<\/strong>, <strong>liikenne- ja viestint\u00e4valiokunnalta<\/strong>) sek\u00e4 <strong>talousvaliokunnalta<\/strong>. <img loading=\"lazy\" decoding=\"async\" class=\"alignnone size-full wp-image-144\" src=\"https:\/\/www.uutispeili.fi\/wp-content\/uploads\/2023\/11\/di.gold_.gif\" alt=\"\" width=\"11\" height=\"11\" \/><\/p>\n<p>Luettavaa:<\/p>\n<ul>\n<li>Valiokunnan mietint\u00f6 <a href=\"https:\/\/www.eduskunta.fi\/FI\/vaski\/Mietinto\/Sivut\/YmVM_5+2026.aspx\" target=\"_blank\" rel=\"noopener\">YvVM 5\/2026 vp<\/a>.<\/li>\n<\/ul>\n","protected":false},"excerpt":{"rendered":"<p>Eduskunnan ymp\u00e4rist\u00f6valiokunta ehdottaa, ett\u00e4 ilmastopolitiikan suunnitteluj\u00e4rjestelm\u00e4\u00e4 kehitet\u00e4\u00e4n tiiviiksi ja selke\u00e4ksi kokonaisuudeksi, jonka toteutus voi alkaa kokonaisuuden hyv\u00e4ksyneen hallituksen toimikauden alkupuolella. (Kuvituskuva.) Eduskunnan ymp\u00e4rist\u00f6valiokunta on antanut mietint\u00f6ns\u00e4 valtioneuvoston selonteosta keskipitk\u00e4n aikav\u00e4lin ilmastosuunnitelmasta. Suunnitelma sis\u00e4lt\u00e4\u00e4 taakanjakosektorin p\u00e4\u00e4st\u00f6v\u00e4hennystoimet, joilla pyrit\u00e4\u00e4n saavuttamaan EU:n ja kansallisen ilmastolain tavoitteet. Valiokunta hyv\u00e4ksyi mietinn\u00f6n kokouksessaan torstaina (26.03). Mietint\u00f6\u00f6n sis\u00e4ltyi kaksi vastalausetta. Ymp\u00e4rist\u00f6valiokunta ehdottaa, [&hellip;]<\/p>\n","protected":false},"author":3,"featured_media":11744,"comment_status":"open","ping_status":"open","sticky":false,"template":"","format":"standard","meta":{"footnotes":""},"categories":[49,96],"tags":[],"_links":{"self":[{"href":"https:\/\/www.uutispeili.fi\/index.php\/wp-json\/wp\/v2\/posts\/11743"}],"collection":[{"href":"https:\/\/www.uutispeili.fi\/index.php\/wp-json\/wp\/v2\/posts"}],"about":[{"href":"https:\/\/www.uutispeili.fi\/index.php\/wp-json\/wp\/v2\/types\/post"}],"author":[{"embeddable":true,"href":"https:\/\/www.uutispeili.fi\/index.php\/wp-json\/wp\/v2\/users\/3"}],"replies":[{"embeddable":true,"href":"https:\/\/www.uutispeili.fi\/index.php\/wp-json\/wp\/v2\/comments?post=11743"}],"version-history":[{"count":1,"href":"https:\/\/www.uutispeili.fi\/index.php\/wp-json\/wp\/v2\/posts\/11743\/revisions"}],"predecessor-version":[{"id":11745,"href":"https:\/\/www.uutispeili.fi\/index.php\/wp-json\/wp\/v2\/posts\/11743\/revisions\/11745"}],"wp:featuredmedia":[{"embeddable":true,"href":"https:\/\/www.uutispeili.fi\/index.php\/wp-json\/wp\/v2\/media\/11744"}],"wp:attachment":[{"href":"https:\/\/www.uutispeili.fi\/index.php\/wp-json\/wp\/v2\/media?parent=11743"}],"wp:term":[{"taxonomy":"category","embeddable":true,"href":"https:\/\/www.uutispeili.fi\/index.php\/wp-json\/wp\/v2\/categories?post=11743"},{"taxonomy":"post_tag","embeddable":true,"href":"https:\/\/www.uutispeili.fi\/index.php\/wp-json\/wp\/v2\/tags?post=11743"}],"curies":[{"name":"wp","href":"https:\/\/api.w.org\/{rel}","templated":true}]}}