{"id":11741,"date":"2026-03-26T17:44:12","date_gmt":"2026-03-26T15:44:12","guid":{"rendered":"https:\/\/www.uutispeili.fi\/?p=11741"},"modified":"2026-03-26T17:44:12","modified_gmt":"2026-03-26T15:44:12","slug":"osaamistakuu-etenee-ari-koponen-peruskoulun-taso-on-saatava-takaisin-kuntoon","status":"publish","type":"post","link":"https:\/\/www.uutispeili.fi\/index.php\/2026\/03\/26\/osaamistakuu-etenee-ari-koponen-peruskoulun-taso-on-saatava-takaisin-kuntoon\/","title":{"rendered":"Osaamistakuu etenee \u2013 Ari Koponen: &#8221;peruskoulun taso on saatava takaisin kuntoon&#8221;"},"content":{"rendered":"<p><strong>Hallitus on p\u00e4\u00e4tt\u00e4nyt antaa lakiesityksen perusopetuksen osaamistakuusta. Uudistuksen tavoitteena on varmistaa, ett\u00e4 jokainen oppilas saavuttaa riitt\u00e4v\u00e4n v\u00e4himm\u00e4isosaamistason ennen siirtymist\u00e4\u00e4n seuraavalle vuosiluokalle.<\/strong><\/p>\n<p><strong>Eduskunnan sivistysvaliokunnan<\/strong> varapuheenjohtaja <strong>Ari Koponen<\/strong> (Perussuomalaiset) pit\u00e4\u00e4 esityst\u00e4 t\u00e4rke\u00e4n\u00e4 suunnanmuutoksena suomalaisessa koulutuspolitiikassa.<\/p>\n<h2>Osaamistakuu on askel oikeaan suuntaan<\/h2>\n<p><strong>Suomalaisen peruskoulun<\/strong> taso on p\u00e4\u00e4stetty rapautumaan liian pitk\u00e4\u00e4n. Osaamistakuu on askel oikeaan suuntaan. T\u00e4m\u00e4 on ollut perussuomalaisten tavoite jo pitk\u00e4\u00e4n, ja on hienoa, ett\u00e4 se saatiin neuvoteltua mukaan hallitusohjelmaan ja nyt my\u00f6s toteutukseen, Koponen sanoo.<\/p>\n<p>Lakiesityksess\u00e4 yhten\u00e4istet\u00e4\u00e4n oppilaiden arviointia ja etenemist\u00e4 koskevia s\u00e4\u00e4nt\u00f6j\u00e4. Taustalla on huoli siit\u00e4, ett\u00e4 arvosanat eiv\u00e4t nykyisin vastaa todellista osaamista ja eri koulujen v\u00e4lill\u00e4 on merkitt\u00e4vi\u00e4 eroja arvioinnissa.<\/p>\n<h2>Samalla osaamisella eri kouluissa t\u00e4ysin erilaisia arvosanoja<\/h2>\n<blockquote><p>Ei voi olla niin, ett\u00e4 samalla osaamisella saa eri kouluissa t\u00e4ysin erilaisia arvosanoja. Arvioinnin pit\u00e4\u00e4 olla reilua ja l\u00e4pin\u00e4kyv\u00e4\u00e4 kaikkialla Suomessa, Koponen painottaa.<\/p><\/blockquote>\n<p>Uudistus kiritt\u00e4\u00e4 my\u00f6s puuttumaan oppimisvaikeuksiin ajoissa. Jatkossa oppilas voi j\u00e4\u00e4d\u00e4 luokalle, jos h\u00e4n ei saavuta oppiaineen tavoitteita tukitoimista huolimatta. Esityksen on tarkoitus est\u00e4\u00e4 niin sanonut &#8221;<em>armovitoset<\/em>&#8221;.<\/p>\n<blockquote><p>Oppilasta ei saa p\u00e4\u00e4st\u00e4\u00e4 eteenp\u00e4in, jos perustaidot eiv\u00e4t ole kunnossa. Jokaisella lapsella on oikeus oppia ja aikuisten velvollisuus on huolehtia, ett\u00e4 meid\u00e4n nuoremme oppivat, Koponen toteaa.<\/p><\/blockquote>\n<p>Lakimuutoksen on tarkoitus tulla voimaan elokuussa 2027, ja se n\u00e4kyisi koulujen arjessa elokuusta 2028 alkaen. <img loading=\"lazy\" decoding=\"async\" class=\"alignnone size-full wp-image-144\" src=\"https:\/\/www.uutispeili.fi\/wp-content\/uploads\/2023\/11\/di.gold_.gif\" alt=\"\" width=\"11\" height=\"11\" \/><\/p>\n","protected":false},"excerpt":{"rendered":"<p>Hallitus on p\u00e4\u00e4tt\u00e4nyt antaa lakiesityksen perusopetuksen osaamistakuusta. Uudistuksen tavoitteena on varmistaa, ett\u00e4 jokainen oppilas saavuttaa riitt\u00e4v\u00e4n v\u00e4himm\u00e4isosaamistason ennen siirtymist\u00e4\u00e4n seuraavalle vuosiluokalle. Eduskunnan sivistysvaliokunnan varapuheenjohtaja Ari Koponen (Perussuomalaiset) pit\u00e4\u00e4 esityst\u00e4 t\u00e4rke\u00e4n\u00e4 suunnanmuutoksena suomalaisessa koulutuspolitiikassa. Osaamistakuu on askel oikeaan suuntaan Suomalaisen peruskoulun taso on p\u00e4\u00e4stetty rapautumaan liian pitk\u00e4\u00e4n. Osaamistakuu on askel oikeaan suuntaan. T\u00e4m\u00e4 on ollut perussuomalaisten [&hellip;]<\/p>\n","protected":false},"author":3,"featured_media":5463,"comment_status":"open","ping_status":"open","sticky":false,"template":"","format":"standard","meta":{"footnotes":""},"categories":[49,25,42],"tags":[],"_links":{"self":[{"href":"https:\/\/www.uutispeili.fi\/index.php\/wp-json\/wp\/v2\/posts\/11741"}],"collection":[{"href":"https:\/\/www.uutispeili.fi\/index.php\/wp-json\/wp\/v2\/posts"}],"about":[{"href":"https:\/\/www.uutispeili.fi\/index.php\/wp-json\/wp\/v2\/types\/post"}],"author":[{"embeddable":true,"href":"https:\/\/www.uutispeili.fi\/index.php\/wp-json\/wp\/v2\/users\/3"}],"replies":[{"embeddable":true,"href":"https:\/\/www.uutispeili.fi\/index.php\/wp-json\/wp\/v2\/comments?post=11741"}],"version-history":[{"count":1,"href":"https:\/\/www.uutispeili.fi\/index.php\/wp-json\/wp\/v2\/posts\/11741\/revisions"}],"predecessor-version":[{"id":11742,"href":"https:\/\/www.uutispeili.fi\/index.php\/wp-json\/wp\/v2\/posts\/11741\/revisions\/11742"}],"wp:featuredmedia":[{"embeddable":true,"href":"https:\/\/www.uutispeili.fi\/index.php\/wp-json\/wp\/v2\/media\/5463"}],"wp:attachment":[{"href":"https:\/\/www.uutispeili.fi\/index.php\/wp-json\/wp\/v2\/media?parent=11741"}],"wp:term":[{"taxonomy":"category","embeddable":true,"href":"https:\/\/www.uutispeili.fi\/index.php\/wp-json\/wp\/v2\/categories?post=11741"},{"taxonomy":"post_tag","embeddable":true,"href":"https:\/\/www.uutispeili.fi\/index.php\/wp-json\/wp\/v2\/tags?post=11741"}],"curies":[{"name":"wp","href":"https:\/\/api.w.org\/{rel}","templated":true}]}}