{"id":11730,"date":"2026-03-26T16:07:13","date_gmt":"2026-03-26T14:07:13","guid":{"rendered":"https:\/\/www.uutispeili.fi\/?p=11730"},"modified":"2026-03-27T12:40:27","modified_gmt":"2026-03-27T10:40:27","slug":"perustuslakivaliokunnan-lausunto-hankintalain-muuttamisesta-valmistui","status":"publish","type":"post","link":"https:\/\/www.uutispeili.fi\/index.php\/2026\/03\/26\/perustuslakivaliokunnan-lausunto-hankintalain-muuttamisesta-valmistui\/","title":{"rendered":"Perustuslakivaliokunnan lausunto hankintalain muuttamisesta valmistui"},"content":{"rendered":"<p class=\"v1Ingressi\"><strong>Eduskunnan perustuslakivaliokunnan lausunto sidosyksikk\u00f6jen k\u00e4ytt\u00f6\u00e4 koskevasta hankintalain muutoksesta on valmistunut. <\/strong><\/p>\n<blockquote>\n<p class=\"v1Ingressi\">Lakiehdotus ei valiokunnan mukaan ole ongelmallinen perustuslain kannalta. Lausuntoon liittyy eri\u00e4v\u00e4 mielipide.<\/p>\n<\/blockquote>\n<h2>Hankintalain muutos koskee sidosyksikk\u00f6jen k\u00e4ytt\u00f6\u00e4<\/h2>\n<p class=\"v1Leipis\"><strong>Perustuslakivaliokunta<\/strong> sai t\u00e4n\u00e4\u00e4n torstaina valmiiksi lausuntonsa hankintalain muuttamisesta. Se on valiokunnan 17. lausunto n\u00e4ill\u00e4 valtiop\u00e4ivill\u00e4.<\/p>\n<blockquote>\n<p class=\"v1Leipis\"><strong>Hankintalain<\/strong> muutos koskee sidosyksikk\u00f6jen k\u00e4ytt\u00f6\u00e4. Hankintalakia ei sovelleta hankintaan, jonka hankintayksikk\u00f6 tekee sidosyksik\u00f6lt\u00e4\u00e4n.<\/p>\n<\/blockquote>\n<h2>V\u00e4hint\u00e4\u00e4n kymmenen prosentin omistus-vaatimus<\/h2>\n<p class=\"v1Leipis\">Lakia ehdotetaan muutettavaksi niin, ett\u00e4 edellytyksen\u00e4 sidosyksik\u00f6n k\u00e4yt\u00f6lle on, ett\u00e4 <strong><em>hankintayksik\u00f6n omistusosuus sidosyksik\u00f6st\u00e4 on v\u00e4hint\u00e4\u00e4n kymmenen prosenttia<\/em><\/strong>, johon lasketaan omistus sidosyksik\u00f6n emoyhti\u00f6st\u00e4 sek\u00e4 sen tyt\u00e4r- ja osakkuusyhti\u00f6ist\u00e4.<\/p>\n<p class=\"v1Leipis\">Perustuslakivaliokunta on tarkastellut lakiehdotusta ennen muuta <strong>kunnallisen itsehallinon<\/strong> kannalta.<\/p>\n<blockquote>\n<p class=\"v1Leipis\">Valiokunta toteaa, ett\u00e4 s\u00e4\u00e4ntely sin\u00e4ns\u00e4 vaikuttaa kunnallista itsehallintoa rajoittavasti. Ehdotettu s\u00e4\u00e4nn\u00f6s koskee vain yhti\u00f6muotoisia toimijoita ja j\u00e4tt\u00e4\u00e4 edelleen kunnilla ja hyvinvointialueilla mahdollisuuden organisoida toimintojaan eri organisaatiomuodoissa kuten kuntayhtymiss\u00e4 ja liikelaitoskuntayhtymiss\u00e4.<\/p>\n<\/blockquote>\n<p class=\"v1Leipis\">Valiokunta toteaa my\u00f6s, ett\u00e4 nyt ehdotetun muutoksen vaikutuksia kuntiin ei voida merkitykselt\u00e4\u00e4n rinnastaa vaikkapa nykyisen hankintalain vaikutuksiin kuntien toiminnalle, jolle perustuslakivaliokunta ei ole n\u00e4hnyt kunnallisen itsehallinnon kannalta valtios\u00e4\u00e4nt\u00f6oikeudellista estett\u00e4. Ehdotettu sidosyksik\u00f6n k\u00e4ytt\u00e4miselle asetettava 10 prosentin omistusosuuden vaatimus ei ole merkitykselt\u00e4\u00e4n niin olennainen lis\u00e4edellytys, ett\u00e4 se asiallisesti ottaen tekisi itsehallinnon merkityksett\u00f6m\u00e4ksi.<\/p>\n<p class=\"v1Leipis\">S\u00e4\u00e4ntelyll\u00e4 ei puututa perustuslain 121 \u00a7:n tarkoittaman kunnallisen itsehallinnon vaatimukseen kunnan hallinnon kansanvaltaisuudesta taikka kunnallista itsehallintoa keskeisesti turvaavaan lailla s\u00e4\u00e4t\u00e4misen vaatimukseen. Siin\u00e4 ei puututa perustuslakivaliokunnan t\u00e4h\u00e4nastisessa k\u00e4yt\u00e4nn\u00f6ss\u00e4 ja perustuslain esit\u00f6iss\u00e4 tarkoitetulla tavalla itsehallinnon keskeisiin ominaispiirteisiin.<\/p>\n<p class=\"v1Leipis\">Ehdotetun s\u00e4\u00e4ntelyn ei my\u00f6sk\u00e4\u00e4n voida arvioida johtavan sellaiseen kuntien taloudellisen itsehallinnon laaja-alaiseen heikennykseen tai olennaiseen rajoittamiseen, joka vaarantaisi kuntien mahdollisuudet p\u00e4\u00e4tt\u00e4\u00e4 itsen\u00e4isesti omasta taloudestaan.<\/p>\n<p class=\"v1Leipis\">Perustuslakivaliokunta toteaa, ett\u00e4 lainmuutoksen vaikutukset vaihtelevat merkitt\u00e4v\u00e4sti muun muassa eri kokoisissa ja eri alueilla sijaitsevissa kunnissa. Valiokunta pit\u00e4\u00e4 v\u00e4ltt\u00e4m\u00e4tt\u00f6m\u00e4n\u00e4, ett\u00e4 s\u00e4\u00e4ntelyn toteutumista seurataan erityisesti silt\u00e4 kannalta, miten se vaikuttaa kunnan lakis\u00e4\u00e4teisten teht\u00e4vien asianmukaiseen hoitamiseen ja palvelujen saatavuuteen sek\u00e4 kuntien ja niiden asukkaiden v\u00e4lisiin eroihin ja ett\u00e4 seurannassa havaittuihin ongelmiin puututaan.<\/p>\n<p class=\"v1Leipis\">Lausuntoon liittyy eri\u00e4v\u00e4 mielipide. <img loading=\"lazy\" decoding=\"async\" class=\"alignnone size-full wp-image-144\" src=\"https:\/\/www.uutispeili.fi\/wp-content\/uploads\/2023\/11\/di.gold_.gif\" alt=\"\" width=\"11\" height=\"11\" \/><\/p>\n<ul>\n<li class=\"v1Leipis\">Valiokunnan lausunto PeVL 17\/2026 vp eduskunnan sivuilla:<br \/><a href=\"https:\/\/www.eduskunta.fi\/FI\/vaski\/Lausunto\/Sivut\/PeVL_17+2026.aspx\" target=\"_blank\" rel=\"noopener noreferrer\">https:\/\/www.eduskunta.fi\/FI\/vaski\/Lausunto\/Sivut\/PeVL_17+2026.aspx<\/a><\/li>\n<\/ul>\n<p>(Uutispeili ei ole muokannut artikkelin sis\u00e4lt\u00f6\u00e4.)<\/p>\n<p>Luettavaa:<\/p>\n<ul>\n<li><a href=\"https:\/\/www.yrittajat.fi\/tiedotteet\/yrittajat-inhouse-yhtiot-rapauttavat-markkinoita-ja-kayvat-kalliiksi-veronmaksajille\/\" target=\"_blank\" rel=\"noopener\"><strong>Yritt\u00e4j\u00e4t<\/strong><\/a>\u00a017.04. 2024:\u00a0<a href=\"https:\/\/www.yrittajat.fi\/tiedotteet\/yrittajat-inhouse-yhtiot-rapauttavat-markkinoita-ja-kayvat-kalliiksi-veronmaksajille\/\" target=\"_blank\" rel=\"noopener\"><em>Inhouse<\/em>-yhti\u00f6t rapauttavat markkinoita ja k\u00e4yv\u00e4t kalliiksi veronmaksajille<\/a>,<\/li>\n<li><a href=\"https:\/\/www.verkkouutiset.fi\/a\/julkinen-hallinto-hankkii-omilta-yhtioiltaan-kay-kalliiksi-veronmaksajille\/#c81e7733\" target=\"_blank\" rel=\"noopener\"><strong>Verkkouutiset<\/strong><\/a>\u00a017.04. 2024:\u00a0<a href=\"https:\/\/www.verkkouutiset.fi\/a\/julkinen-hallinto-hankkii-omilta-yhtioiltaan-kay-kalliiksi-veronmaksajille\/#c81e7733\" target=\"_blank\" rel=\"noopener\">Julkinen hallinto hankkii omilta yhti\u00f6ilt\u00e4\u00e4n \u2013 \u201dK\u00e4y kalliiksi veronmaksajille\u201d<\/a>; Suomen Yritt\u00e4j\u00e4t vaatii kustannusvertailun k\u00e4ytt\u00f6\u00f6nottoa ja omistuksen v\u00e4himm\u00e4isosuuden asettamista,<\/li>\n<li><a href=\"https:\/\/www.kkv.fi\/tutkimus-ja-vaikuttaminen\/julkiset-hankinnat\/\" target=\"_blank\" rel=\"noopener\"><strong>KKV<\/strong><\/a>,<\/li>\n<li><a href=\"https:\/\/www.hs.fi\/kaupunki\/art-2000010297625.html\" target=\"_blank\" rel=\"noopener\"><strong>Helsingin Sanomat<\/strong><\/a>\u00a015.03. 2024:\u00a0<a href=\"https:\/\/www.hs.fi\/kaupunki\/art-2000010297625.html\" target=\"_blank\" rel=\"noopener\">Markkinaoikeuden p\u00e4\u00e4t\u00f6s: Hyvinvointialueen Sarastia-hankinta rikkoi lakia;<\/a>\u00a0Markkinaoikeus totesi, ett\u00e4 Vantaan ja Keravan hyvinvointialue on toiminut vastoin lakia hankkiessaan palkanlaskentapalvelut Sarastialta vuonna 2022.<\/li>\n<li><a href=\"https:\/\/valtioneuvosto.fi\/hallitukset\/hallitusohjelma#\/\" target=\"_blank\" rel=\"noopener\"><strong>Hallitusohjelma<\/strong><\/a>, voimassaoleva,<\/li>\n<\/ul>\n<h2>Aiempia uutisia:<\/h2>\n<p>19.04. 2024:<\/p>\n<p><blockquote class=\"wp-embedded-content\" data-secret=\"TYIgt9VHgw\"><a href=\"https:\/\/www.uutispeili.fi\/index.php\/2024\/04\/19\/julkista-sektoria-ymparoi-inhouse-yhtioiden-risukko-jossa-hankintoja-ei-kilpailuteta-vinkki-talouden-sopeuttajille\/\">Julkista sektoria ymp\u00e4r\u00f6i INHOUSE-yhti\u00f6iden risukko, jossa hankintoja ei kilpailuteta, -vinkki talouden sopeuttajille<\/a><\/blockquote><iframe class=\"wp-embedded-content\" sandbox=\"allow-scripts\" security=\"restricted\" style=\"position: absolute; clip: rect(1px, 1px, 1px, 1px);\" title=\"&#8221;Julkista sektoria ymp\u00e4r\u00f6i INHOUSE-yhti\u00f6iden risukko, jossa hankintoja ei kilpailuteta, -vinkki talouden sopeuttajille&#8221; &#8212; \" src=\"https:\/\/www.uutispeili.fi\/index.php\/2024\/04\/19\/julkista-sektoria-ymparoi-inhouse-yhtioiden-risukko-jossa-hankintoja-ei-kilpailuteta-vinkki-talouden-sopeuttajille\/embed\/#?secret=I27DXyWTax#?secret=TYIgt9VHgw\" data-secret=\"TYIgt9VHgw\" width=\"600\" height=\"338\" frameborder=\"0\" marginwidth=\"0\" marginheight=\"0\" scrolling=\"no\"><\/iframe><\/p>\n<p>21.11. 2024:<\/p>\n<p><blockquote class=\"wp-embedded-content\" data-secret=\"m5tIs121i6\"><a href=\"https:\/\/www.uutispeili.fi\/index.php\/2024\/11\/21\/jouko-heyno-varhalta-rahat-loppu-miksi-vaikka-ostopalvelut-tulevat-niin-halvoiksi\/\">Jouko Heyno: VARHA:lta rahat loppu -Miksi, vaikka ostopalvelut tulevat niin halvoiksi?<\/a><\/blockquote><iframe class=\"wp-embedded-content\" sandbox=\"allow-scripts\" security=\"restricted\" style=\"position: absolute; clip: rect(1px, 1px, 1px, 1px);\" title=\"&#8221;Jouko Heyno: VARHA:lta rahat loppu -Miksi, vaikka ostopalvelut tulevat niin halvoiksi?&#8221; &#8212; \" src=\"https:\/\/www.uutispeili.fi\/index.php\/2024\/11\/21\/jouko-heyno-varhalta-rahat-loppu-miksi-vaikka-ostopalvelut-tulevat-niin-halvoiksi\/embed\/#?secret=ySaqjuDokS#?secret=m5tIs121i6\" data-secret=\"m5tIs121i6\" width=\"600\" height=\"338\" frameborder=\"0\" marginwidth=\"0\" marginheight=\"0\" scrolling=\"no\"><\/iframe><\/p>\n<p>04.05. 2024:<\/p>\n<p><blockquote class=\"wp-embedded-content\" data-secret=\"P4uOOW3XTJ\"><a href=\"https:\/\/www.uutispeili.fi\/index.php\/2024\/05\/04\/niin-miten-suomessa-voi-yhdistya-korkea-veroaste-rapautuvat-palvelut-ja-julkinen-velkaantuminen-paradoksin-avaus\/\">Niin miten Suomessa voi &#8221;yhdisty\u00e4 korkea veroaste, rapautuvat palvelut ja julkinen velkaantuminen&#8221;, -paradoksin avaus\u00a0<\/a><\/blockquote><iframe class=\"wp-embedded-content\" sandbox=\"allow-scripts\" security=\"restricted\" style=\"position: absolute; clip: rect(1px, 1px, 1px, 1px);\" title=\"&#8221;Niin miten Suomessa voi &#8221;yhdisty\u00e4 korkea veroaste, rapautuvat palvelut ja julkinen velkaantuminen&#8221;, -paradoksin avaus\u00a0&#8221; &#8212; \" src=\"https:\/\/www.uutispeili.fi\/index.php\/2024\/05\/04\/niin-miten-suomessa-voi-yhdistya-korkea-veroaste-rapautuvat-palvelut-ja-julkinen-velkaantuminen-paradoksin-avaus\/embed\/#?secret=6mLXhjtzVJ#?secret=P4uOOW3XTJ\" data-secret=\"P4uOOW3XTJ\" width=\"600\" height=\"338\" frameborder=\"0\" marginwidth=\"0\" marginheight=\"0\" scrolling=\"no\"><\/iframe><\/p>\n<p>26.03. 2026:<\/p>\n<p><blockquote class=\"wp-embedded-content\" data-secret=\"9sNzGyV4Yk\"><a href=\"https:\/\/www.uutispeili.fi\/index.php\/2026\/03\/26\/diarra-esitys-hankintalaista-on-ongelmallinen-mutta-ongelmat-ovat-muualla-kuin-perustuslaissa\/\">Diarra: Esitys hankintalaista on ongelmallinen, mutta ongelmat ovat muualla kuin perustuslaissa<\/a><\/blockquote><iframe class=\"wp-embedded-content\" sandbox=\"allow-scripts\" security=\"restricted\" style=\"position: absolute; clip: rect(1px, 1px, 1px, 1px);\" title=\"&#8221;Diarra: Esitys hankintalaista on ongelmallinen, mutta ongelmat ovat muualla kuin perustuslaissa&#8221; &#8212; \" src=\"https:\/\/www.uutispeili.fi\/index.php\/2026\/03\/26\/diarra-esitys-hankintalaista-on-ongelmallinen-mutta-ongelmat-ovat-muualla-kuin-perustuslaissa\/embed\/#?secret=TJ41wdy9OA#?secret=9sNzGyV4Yk\" data-secret=\"9sNzGyV4Yk\" width=\"600\" height=\"338\" frameborder=\"0\" marginwidth=\"0\" marginheight=\"0\" scrolling=\"no\"><\/iframe><\/p>\n<p>18.01. 2026:<\/p>\n<p><blockquote class=\"wp-embedded-content\" data-secret=\"fsTKX9tVKA\"><a href=\"https:\/\/www.uutispeili.fi\/index.php\/2026\/01\/18\/palvelut-heikkenevat-tulonsiirrot-pienevat-mutta-julkinen-sektori-paisuu-yha\/\">Palvelut heikkenev\u00e4t, tulonsiirrot pienev\u00e4t, mutta &#8221;Julkinen sektori paisuu yh\u00e4&#8221;<\/a><\/blockquote><iframe class=\"wp-embedded-content\" sandbox=\"allow-scripts\" security=\"restricted\" style=\"position: absolute; clip: rect(1px, 1px, 1px, 1px);\" title=\"&#8221;Palvelut heikkenev\u00e4t, tulonsiirrot pienev\u00e4t, mutta &#8221;Julkinen sektori paisuu yh\u00e4&#8221;&#8221; &#8212; \" src=\"https:\/\/www.uutispeili.fi\/index.php\/2026\/01\/18\/palvelut-heikkenevat-tulonsiirrot-pienevat-mutta-julkinen-sektori-paisuu-yha\/embed\/#?secret=G4ZOCTYacP#?secret=fsTKX9tVKA\" data-secret=\"fsTKX9tVKA\" width=\"600\" height=\"338\" frameborder=\"0\" marginwidth=\"0\" marginheight=\"0\" scrolling=\"no\"><\/iframe><\/p>\n\n\n<p><\/p>\n","protected":false},"excerpt":{"rendered":"<p>Eduskunnan perustuslakivaliokunnan lausunto sidosyksikk\u00f6jen k\u00e4ytt\u00f6\u00e4 koskevasta hankintalain muutoksesta on valmistunut. Lakiehdotus ei valiokunnan mukaan ole ongelmallinen perustuslain kannalta. Lausuntoon liittyy eri\u00e4v\u00e4 mielipide. Hankintalain muutos koskee sidosyksikk\u00f6jen k\u00e4ytt\u00f6\u00e4 Perustuslakivaliokunta sai t\u00e4n\u00e4\u00e4n torstaina valmiiksi lausuntonsa hankintalain muuttamisesta. Se on valiokunnan 17. lausunto n\u00e4ill\u00e4 valtiop\u00e4ivill\u00e4. Hankintalain muutos koskee sidosyksikk\u00f6jen k\u00e4ytt\u00f6\u00e4. Hankintalakia ei sovelleta hankintaan, jonka hankintayksikk\u00f6 tekee sidosyksik\u00f6lt\u00e4\u00e4n. [&hellip;]<\/p>\n","protected":false},"author":3,"featured_media":11732,"comment_status":"open","ping_status":"open","sticky":false,"template":"","format":"standard","meta":{"footnotes":""},"categories":[49,6],"tags":[],"_links":{"self":[{"href":"https:\/\/www.uutispeili.fi\/index.php\/wp-json\/wp\/v2\/posts\/11730"}],"collection":[{"href":"https:\/\/www.uutispeili.fi\/index.php\/wp-json\/wp\/v2\/posts"}],"about":[{"href":"https:\/\/www.uutispeili.fi\/index.php\/wp-json\/wp\/v2\/types\/post"}],"author":[{"embeddable":true,"href":"https:\/\/www.uutispeili.fi\/index.php\/wp-json\/wp\/v2\/users\/3"}],"replies":[{"embeddable":true,"href":"https:\/\/www.uutispeili.fi\/index.php\/wp-json\/wp\/v2\/comments?post=11730"}],"version-history":[{"count":3,"href":"https:\/\/www.uutispeili.fi\/index.php\/wp-json\/wp\/v2\/posts\/11730\/revisions"}],"predecessor-version":[{"id":11737,"href":"https:\/\/www.uutispeili.fi\/index.php\/wp-json\/wp\/v2\/posts\/11730\/revisions\/11737"}],"wp:featuredmedia":[{"embeddable":true,"href":"https:\/\/www.uutispeili.fi\/index.php\/wp-json\/wp\/v2\/media\/11732"}],"wp:attachment":[{"href":"https:\/\/www.uutispeili.fi\/index.php\/wp-json\/wp\/v2\/media?parent=11730"}],"wp:term":[{"taxonomy":"category","embeddable":true,"href":"https:\/\/www.uutispeili.fi\/index.php\/wp-json\/wp\/v2\/categories?post=11730"},{"taxonomy":"post_tag","embeddable":true,"href":"https:\/\/www.uutispeili.fi\/index.php\/wp-json\/wp\/v2\/tags?post=11730"}],"curies":[{"name":"wp","href":"https:\/\/api.w.org\/{rel}","templated":true}]}}