{"id":11726,"date":"2026-03-26T15:38:08","date_gmt":"2026-03-26T13:38:08","guid":{"rendered":"https:\/\/www.uutispeili.fi\/?p=11726"},"modified":"2026-03-27T12:40:53","modified_gmt":"2026-03-27T10:40:53","slug":"iranin-korkein-diplomaatti-ja-parlamentin-puhemies-israelilla-jo-koordinaateissa-neuvottelujen-valittajavaltio-pakistanilta-veto","status":"publish","type":"post","link":"https:\/\/www.uutispeili.fi\/index.php\/2026\/03\/26\/iranin-korkein-diplomaatti-ja-parlamentin-puhemies-israelilla-jo-koordinaateissa-neuvottelujen-valittajavaltio-pakistanilta-veto\/","title":{"rendered":"Iranin korkein diplomaatti ja parlamentin puhemies Israelilla jo &#8221;koordinaateissa&#8221;, -neuvottelujen v\u00e4litt\u00e4j\u00e4valtio Pakistanilta: &#8217;VETO!&#8217;"},"content":{"rendered":"<p><strong>Israel poisti Iranin ulkoministerin Abbas Araghchin ja parlamentin puhemiehen Mohammad Baqer Ghalibafin kohdelistaltaan Pakistanin pyydetty\u00e4, kertoo pakistanilainen l\u00e4hde torstaina. Tarkastelemme.<\/strong><\/p>\n<p><strong>Pakistan<\/strong> on toiminut v\u00e4litt\u00e4j\u00e4n\u00e4 &#8211;<strong>Egyptin<\/strong> ja <strong>Turkin<\/strong> ohella- <strong>Iranin<\/strong> ja <strong>Yhdysvaltain<\/strong> neuvotteluissa, joiden edellinen &#8211;<strong>Oman<\/strong>in v\u00e4litt\u00e4m\u00e4- kierros <strong>Geneve<\/strong>ss\u00e4 (26.02. 2026) katkesi <strong>Israelin<\/strong> ja Yhdysvaltain yll\u00e4tyshy\u00f6kk\u00e4ykseen 28. helmikuuta.<\/p>\n<p>T\u00e4n\u00e4\u00e4n kuulemme Pakistanin vedonneen <strong>Washington<\/strong>iin,\u00a0 ett\u00e4 <strong>Israel<\/strong>in aie kohdistaa isku Iranin ulkoministeriin <strong>Abbas Araghchi<\/strong>in ja parlamentin puhemieheen <strong>Mohammad Baqer Ghalibaf<\/strong>iin pys\u00e4ytett\u00e4isiin.<\/p>\n<p>Israel on sek\u00e4 kes\u00e4kuun 2025 hy\u00f6kk\u00e4ysten, ja meneill\u00e4\u00e4n olevan kampanjan aikana kohdistanut pommi-iskuja valittuihin iranilaisiin poliittisiin ja sotilaallisiin johtajiin, -heid\u00e4n kotiosoitteisiinsa. Kes\u00e4ll\u00e4 2025 Iranin presidentti <strong>Masoud Pezeshkian<\/strong> kertoi olleensa my\u00f6s Jerusalemin &#8217;<em>tappolistalla<\/em>&#8217;.<\/p>\n<p>(Jatkuu linkin j\u00e4lkeen.)<\/p>\n<h2>&#8221;<em>Israelilla oli heid\u00e4n koordinaattinsa ja he halusivat eliminoida heid\u00e4t<\/em>&#8221;<\/h2>\n<p>07.07. 2025:<\/p>\n<blockquote class=\"wp-embedded-content\" data-secret=\"iZkos3bZId\"><p><a href=\"https:\/\/www.uutispeili.fi\/index.php\/2025\/07\/07\/iranin-presidentti-vaittaa-israel-yritti-murhata-minut\/\">Iranin presidentti v\u00e4itt\u00e4\u00e4: &#8217;Israel yritti murhata minut&#8217;<\/a><\/p><\/blockquote>\n<p><iframe class=\"wp-embedded-content\" sandbox=\"allow-scripts\" security=\"restricted\" style=\"position: absolute; clip: rect(1px, 1px, 1px, 1px);\" title=\"&#8221;Iranin presidentti v\u00e4itt\u00e4\u00e4: &#8217;Israel yritti murhata minut&#8217;&#8221; &#8212; \" src=\"https:\/\/www.uutispeili.fi\/index.php\/2025\/07\/07\/iranin-presidentti-vaittaa-israel-yritti-murhata-minut\/embed\/#?secret=MKiEr6I3RV#?secret=iZkos3bZId\" data-secret=\"iZkos3bZId\" width=\"600\" height=\"338\" frameborder=\"0\" marginwidth=\"0\" marginheight=\"0\" scrolling=\"no\"><\/iframe><\/p>\n<p>Pakistanilainen l\u00e4hde, &#8217;<em>jolla oli tietoa keskusteluista<\/em>&#8217;, kertoi Reutersille torstaina Pakistanin ja Yhdysvaltain v\u00e4lisest\u00e4 tietojenvaihdosta, liittyen Israelin tappo-suunnitelmiin.<\/p>\n<blockquote><p>&#8221;Israelilla oli heid\u00e4n koordinaattinsa ja he halusivat eliminoida heid\u00e4t. Kerroimme Yhdysvalloille, ett\u00e4 jos heid\u00e4tkin eliminoidaan, ei ole ket\u00e4\u00e4n muuta, jonka kanssa puhua, joten Yhdysvallat pyysi israelilaisia \u200b\u200bper\u00e4\u00e4ntym\u00e4\u00e4n&#8221;, l\u00e4hde sanoi lehden mukaan.<\/p><\/blockquote>\n<p><em>Wall Street Journal<\/em> toisti uutisen, -tukeutuen yhdysvaltalaisiin virkamiehiin- nime\u00e4m\u00e4tt\u00e4 &#8217;<em>v\u00e4liaikaisesti<\/em> (Israelin tappolistalta) <em>poistettuja<\/em>&#8217; \u00a0korkea-arvoisia Iranin virkamiehi\u00e4, -eik\u00e4 Pakistanin roolia Washingtonin suostuttelussa hillitsem\u00e4\u00e4n Jerusalemia.<\/p>\n<h2>Iran my\u00f6ntyi jo ennen Trumpin hy\u00f6kk\u00e4yst\u00e4 28.02.<\/h2>\n<blockquote><p>Iranin -nyt tappolistalla ollut- ulkoministeri kertoi jo 26. helmikuuta Genevess\u00e4 Yhdysvaltain neuvottelijoille (<strong>Kushner<\/strong> &amp; <strong>Wittkoff<\/strong>) Iranin my\u00f6ntyv\u00e4n vaatinukseen rikastetun uraanin s\u00e4ilytt\u00e4misest\u00e4 Iranin maaper\u00e4ll\u00e4.<\/p><\/blockquote>\n<p>\u00c4skett\u00e4in Yhdysvaltain presidentti <strong>Donald Trump<\/strong> mainitsii em. Iranin my\u00f6nnytyksen -unohtaen ajoittaa sen- uutena saavutuksena -pommitusten tuloksena- ja viittasi neuvottelyihin, joita ilmeisesti ei ole lainkaan tapahtunut.<\/p>\n<blockquote><p>Trumpin lausunto koettiin laajalti <strong>p\u00f6rssikurssien manipilointina<\/strong>, -vert. tulli-h\u00f6lm\u00f6ilyt.<\/p><\/blockquote>\n<p>Pakistan on yll\u00e4pit\u00e4nyt\u00a0 suoria kontakteja sek\u00e4 Washingtoniin ett\u00e4 Teheraniin, ja Pakistanin p\u00e4\u00e4kaupunkia <strong>Islamabad<\/strong>ia on arveltu todenn\u00e4k\u00f6isen\u00e4 rauhanneuvottelijoiden tapaamisen paikkana.<\/p>\n<p>(Jatkuu linkin j\u00e4lkeen.)<\/p>\n<p>02.05. 2025:<\/p>\n<blockquote class=\"wp-embedded-content\" data-secret=\"erAIwqLJ1y\"><p><a href=\"https:\/\/www.uutispeili.fi\/index.php\/2025\/05\/02\/rubio-koventaa-vaatimuksia-iranille\/\">Rubio koventaa vaatimuksia Iranille<\/a><\/p><\/blockquote>\n<p><iframe class=\"wp-embedded-content\" sandbox=\"allow-scripts\" security=\"restricted\" style=\"position: absolute; clip: rect(1px, 1px, 1px, 1px);\" title=\"&#8221;Rubio koventaa vaatimuksia Iranille&#8221; &#8212; \" src=\"https:\/\/www.uutispeili.fi\/index.php\/2025\/05\/02\/rubio-koventaa-vaatimuksia-iranille\/embed\/#?secret=6cR5dbnfH4#?secret=erAIwqLJ1y\" data-secret=\"erAIwqLJ1y\" width=\"600\" height=\"338\" frameborder=\"0\" marginwidth=\"0\" marginheight=\"0\" scrolling=\"no\"><\/iframe><\/p>\n<p>Ennen Trumpin ja Israelin p\u00e4\u00e4ministerin <strong>Benjamin Netanyahu<\/strong>n pommituskampanjaa Iraniin kes\u00e4kuussa 2025 luimme Yhdysvaltain lis\u00e4nneen vaatimuksiaan Iranille. -Oltiinko Teheranissa siis nostamassa k\u00e4p\u00e4l\u00e4t pystyyn liian helposti ja nopeasti? -Oliko vaaraa, ett\u00e4 sota j\u00e4\u00e4 sotimatta?<\/p>\n<blockquote><p>Iran oli suostunut jo v.2015 ns. <strong>Iranin ydinsopimukseen<\/strong> (&#8221;Iran nuclear deal&#8221;, JCPOA), jossa Iran sitoutui ydinaseettomuuteen. Sopimus j\u00e4tti Iranille YK:n <strong>Ydinsulkusopimuksen<\/strong> velvoitteet, -ja oikrudet. Trump irtisanoi sopimuksen ensimm\u00e4iselle kaudellaan, v.2018, ja aloitti kaupalliset pakotteet Irania kohtaan uudelleen.<\/p><\/blockquote>\n<p>Amerikkalaiset vitsiniekat kysyv\u00e4t, mit\u00e4 vikaa JCPOA- sopimuksessa oli Trumpin kannalta, -seh\u00e4n esti ysinaseiden tavoittelun Teheranin papeilta! Vitsin mukaan:<\/p>\n<blockquote><p>&#8221;Paperissa on <strong>Obama<\/strong>n nimi.&#8221;<\/p><\/blockquote>\n<h2>Onko koko sota siis loukkaantuneen narsistin kiukuttelua?<\/h2>\n<p>Iran on ilmoittanut tarkastelevansa Yhdysvaltain Pakistanin kautta l\u00e4hett\u00e4m\u00e4\u00e4 15-kohtaista ehdotusta sodan lopettamiseksi. Ehdotuksessa vaaditaan Iranin <strong><em>korkearikasteisen uraanin varastojen<\/em><\/strong> poistamista Iranista, rikastuksen lopettamista, sen ballististen ohjusten ohjelman hillitsemist\u00e4 ja alueellisten (terroristi-) liittolaisten rahoituksen katkaisemista, kertovat suunnitelmaan perehtyneet israelilaiset hallituksen l\u00e4hteet.<\/p>\n<p>-Lukuun ottamatta (1940-luvulla keksittyjen) ballististen ohjusten kieltoa,\u00a0 ehdotus vastaa jotakuinkin Iranin nykyisen presidentin, <strong>Masoud Pezeshkian<\/strong>in vaaliohjelmaa elokuussa 2024.<\/p>\n<blockquote><p>Iranilainen lehti kysyi <strong>hein\u00e4kuussa 2024<\/strong> islamilaiselta taloustutkijalta <a href=\"https:\/\/www.iranintl.com\/en\/202407299350\" target=\"_blank\" rel=\"noopener\"><strong>Kamran Nadri<\/strong><\/a>:lta kommentteja maan talousn\u00e4kymiin, ja uuden \u2019<em>reformisti<\/em>\u2019-presidentin\u00a0<a href=\"https:\/\/www.iranintl.com\/en\/202407299350\" target=\"_blank\" rel=\"noopener\"><strong>Masoud Pezeshkian<\/strong><\/a>in mahdollisuuksista tasapainottaa Iranin talous. -T\u00e4m\u00e4 onkin Iranin p\u00e4\u00e4kysymys: Onnistuuko iranilaisten tyynnytt\u00e4minen elintason ja ty\u00f6llisyyden nousulla, vai toistuvatko vuoden 2019 kapinoinnit?<\/p><\/blockquote>\n<p>(Jatkuu linkin j\u00e4lkeen.)<\/p>\n<blockquote class=\"wp-embedded-content\" data-secret=\"rI4BbgkfdY\"><p><a href=\"https:\/\/www.uutispeili.fi\/index.php\/2024\/08\/27\/iranilaisen-taloustutkijan-nakemys-iranin-taloudesta-trump-vaara-pommi-ja-ystavat\/\">Iranilaisen taloustutkijan n\u00e4kemys Iranin taloudesta: &#8221;Trump-vaara&#8221;, pommi ja &#8217;yst\u00e4v\u00e4t&#8217;<\/a><\/p><\/blockquote>\n<p><iframe class=\"wp-embedded-content\" sandbox=\"allow-scripts\" security=\"restricted\" style=\"position: absolute; clip: rect(1px, 1px, 1px, 1px);\" title=\"&#8221;Iranilaisen taloustutkijan n\u00e4kemys Iranin taloudesta: &#8221;Trump-vaara&#8221;, pommi ja &#8217;yst\u00e4v\u00e4t&#8217;&#8221; &#8212; \" src=\"https:\/\/www.uutispeili.fi\/index.php\/2024\/08\/27\/iranilaisen-taloustutkijan-nakemys-iranin-taloudesta-trump-vaara-pommi-ja-ystavat\/embed\/#?secret=15n7ohsmbs#?secret=rI4BbgkfdY\" data-secret=\"rI4BbgkfdY\" width=\"600\" height=\"338\" frameborder=\"0\" marginwidth=\"0\" marginheight=\"0\" scrolling=\"no\"><\/iframe><\/p>\n<p>Iranin talous oli -sis\u00e4isist\u00e4 syist\u00e4 ja pakotteiden seurauksena- niin surkeassa tilassa, ett\u00e4 elokuun 2024 presidentinvaaleissa iranilaiset -enn\u00e4tyksellisell\u00e4 \u00e4\u00e4nestysaktiivisuudella- toivottivat <em>hemmetin-kuuseen<\/em> maata vuodesta 1979 johtaneet <strong><em>uskonnolliskonservatiivit<\/em><\/strong> (shia-islamistit), ja \u00e4\u00e4nestiv\u00e4t -muutoksen toivossa- reformisina profiloituneen Pezeshkianin Iranin maalliseksi johtajaksi.<\/p>\n<p>Toki, Pezeshkian oli varmistanut itselleen jo ennen radikaalia kampanjaansa v\u00e4hint\u00e4\u00e4n passiivisen ymm\u00e4rryksen Iranin uskonnolliselta johdolta &#8211;<strong>Ali Khamenei<\/strong>lta- ja vaikutusvaltaiselta vallankumouskaartilta. <strong>IRGC<\/strong>:lt\u00e4. -Kokonaan toinen tarkastelu on, ovatko reformistisen presidentin tukijat em. paikoissa yh\u00e4 <em>elossa<\/em>. (-Israel on voinut sanoa sanansa asiassa.)<\/p>\n<p>Iranin sis\u00e4inen ongelma onkin ollut <strong>uskonnollinen johtaja<\/strong>, joka perustuslain mukaan on maan korkein p\u00e4\u00e4tt\u00e4j\u00e4. -Kuten Suomessa esittelev\u00e4n virkamiehen valtaa ei ole kirjattu lakiin, -se on allekirjoittavan ministerin neuronien v\u00e4liss\u00e4- Iranissakin ratkaisee, ket\u00e4 iso ajatollah kulloinkin kuuntelee.<\/p>\n<p>(Jatkuu linkin j\u00e4lkeen.)<\/p>\n<p>11.04. 2025:<\/p>\n<blockquote class=\"wp-embedded-content\" data-secret=\"PFg6CjsS04\"><p><a href=\"https:\/\/www.uutispeili.fi\/index.php\/2025\/04\/11\/iranin-siviilijohto-painostaa-ajatollah-khameneita-sallimaan-keskustelut-yhdysvaltain-kanssa\/\">Iranin siviilijohto painostaa ajatollah Khameneita sallimaan keskustelut Yhdysvaltain kanssa<\/a><\/p><\/blockquote>\n<p><iframe class=\"wp-embedded-content\" sandbox=\"allow-scripts\" security=\"restricted\" style=\"position: absolute; clip: rect(1px, 1px, 1px, 1px);\" title=\"&#8221;Iranin siviilijohto painostaa ajatollah Khameneita sallimaan keskustelut Yhdysvaltain kanssa&#8221; &#8212; \" src=\"https:\/\/www.uutispeili.fi\/index.php\/2025\/04\/11\/iranin-siviilijohto-painostaa-ajatollah-khameneita-sallimaan-keskustelut-yhdysvaltain-kanssa\/embed\/#?secret=0SyaUbaiFh#?secret=PFg6CjsS04\" data-secret=\"PFg6CjsS04\" width=\"600\" height=\"338\" frameborder=\"0\" marginwidth=\"0\" marginheight=\"0\" scrolling=\"no\"><\/iframe><\/p>\n<p>Vuosi sitten siis tehtiin t\u00f6it\u00e4, ett\u00e4 uskonnolliselta johtajalta saadaan ny\u00f6kk\u00e4ys avaukselle Yhdysvaltain suuntaan. -Ja onnistuttiinkin:\u00a0 Viel\u00e4 26. kuluvan vuoden helmikuuta -mainittu Israelin tappolistalta poistettu- ulkoministeri Abbas Araghchi saattoi kertoa, ett\u00e4 &#8217;<em>my\u00f6nnytyksille<\/em> (Genevess\u00e4) <em>on korkeimman johtajan, Al-Khamenein suostumus<\/em>&#8217;.<\/p>\n<blockquote><p>Sittemmin Israelin tai Yhdysvaltain pommit mit\u00e4t\u00f6iv\u00e4t my\u00f6nnytykset, ja Araghchi itse oli tapettavien listalla. -Onko kovin terveellist\u00e4 kertoa, ett\u00e4 &#8221;joo, me suostutaan vaatimuksiinne?&#8221;<\/p><\/blockquote>\n<p>(Jatkuu linkin j\u00e4lkeen.)<\/p>\n<p>16.07. 2024:<\/p>\n<blockquote class=\"wp-embedded-content\" data-secret=\"ZhYiVi3LQE\"><p><a href=\"https:\/\/www.uutispeili.fi\/index.php\/2024\/07\/16\/hamas-ei-torju-bidenin-rauhansuunnitelmaa-sanoo-jarjeston-johtaja\/\">Hamas ei torju Bidenin rauhansuunnitelmaa, sanoo j\u00e4rjest\u00f6n johtaja<\/a><\/p><\/blockquote>\n<p><iframe class=\"wp-embedded-content\" sandbox=\"allow-scripts\" security=\"restricted\" style=\"position: absolute; clip: rect(1px, 1px, 1px, 1px);\" title=\"&#8221;Hamas ei torju Bidenin rauhansuunnitelmaa, sanoo j\u00e4rjest\u00f6n johtaja&#8221; &#8212; \" src=\"https:\/\/www.uutispeili.fi\/index.php\/2024\/07\/16\/hamas-ei-torju-bidenin-rauhansuunnitelmaa-sanoo-jarjeston-johtaja\/embed\/#?secret=xgqjTeBWYp#?secret=ZhYiVi3LQE\" data-secret=\"ZhYiVi3LQE\" width=\"600\" height=\"338\" frameborder=\"0\" marginwidth=\"0\" marginheight=\"0\" scrolling=\"no\"><\/iframe><\/p>\n<p>Pari viikkoa t\u00e4m\u00e4n j\u00e4lkeen terroristij\u00e4rjest\u00f6 Hamasin johtaja, <strong>Ismail Haniyeh<\/strong>, oli kuollut mies. -Oliko liian aikaista lopettaa sota, vaiko rauhansuunnitelmassa v\u00e4\u00e4r\u00e4 allekirjoitus??<\/p>\n<blockquote><p>Terroristij\u00e4rjest\u00f6\u00a0<strong>Hamas<\/strong>in\u00a0<strong>Qatar<\/strong>issa toimiva johtaja\u00a0<strong>Ismail Haniyeh<\/strong>\u00a0sanoi televisioidussa puheessaan\u00a0<em>Eid al-Adhan<\/em> yhteydess\u00e4 sunnuntaina (14.07. 2024).m ett\u00e4 h\u00e4nen j\u00e4rjest\u00f6ns\u00e4 vastaus viimeisimp\u00e4\u00e4n Gazan tulitaukoehdotukseen on sopusoinnussa <strong>Yhdysvaltain<\/strong>\u00a0presidentin\u00a0<strong>Joe Biden<\/strong>in toukokuun 31. julkistaman kolmivaiheisen suunnitelman periaatteiden kanssa, kertoo t\u00e4n\u00e4\u00e4n (16.07. 2024) saudilehti.<\/p><\/blockquote>\n<p>T\u00e4t\u00e4 kirjoitettaessa on Gazassa uusi -1;1 edellisen ehdotuksen kaltainen- rauhansuunnitelma, ja allekirjoituskin on kohdallaan.<\/p>\n<h2>Mit\u00e4 t\u00e4st\u00e4 opimme?<\/h2>\n<p>-Jos olet joku vaikuttaja L\u00e4hi-id\u00e4ss\u00e4, \u00e4l\u00e4 erehdy antamaan periksi Trumpin ja Netanyahun vaatimuksille: Tulee lis\u00e4\u00e4 vaatimuksia, ja pahimmassa tapauksessa t\u00e4sm\u00e4pommi koordinaateilla.<\/p>\n<p>Pekka Kemppainen<\/p>\n<p>Luettavaa:<\/p>\n<ul>\n<li><a href=\"https:\/\/english.alarabiya.net\/News\/united-states\/2025\/05\/02\/iran-must-walk-away-from-all-uranium-enrichment-rubio-says\" target=\"_blank\" rel=\"noopener\"><strong>Al-Arabyia<\/strong>\u00a002.05. 2025,<\/a><\/li>\n<li><\/li>\n<\/ul>\n<h2>Aiempia uutisia:<\/h2>\n<p>26.02. 2025:<\/p>\n<blockquote class=\"wp-embedded-content\" data-secret=\"9jpB4EmGNZ\"><p><a href=\"https:\/\/www.uutispeili.fi\/index.php\/2026\/02\/26\/iranin-ja-yhdysvaltain-neuvotteluissa-merkittavaa-edistysta-genevessa\/\">Iranin ja Yhdysvaltain neuvotteluissa &#8217;merkitt\u00e4v\u00e4\u00e4 edistyst\u00e4&#8217; Genevess\u00e4<\/a><\/p><\/blockquote>\n<p><iframe class=\"wp-embedded-content\" sandbox=\"allow-scripts\" security=\"restricted\" style=\"position: absolute; clip: rect(1px, 1px, 1px, 1px);\" title=\"&#8221;Iranin ja Yhdysvaltain neuvotteluissa &#8217;merkitt\u00e4v\u00e4\u00e4 edistyst\u00e4&#8217; Genevess\u00e4&#8221; &#8212; \" src=\"https:\/\/www.uutispeili.fi\/index.php\/2026\/02\/26\/iranin-ja-yhdysvaltain-neuvotteluissa-merkittavaa-edistysta-genevessa\/embed\/#?secret=NRUAuEzHbM#?secret=9jpB4EmGNZ\" data-secret=\"9jpB4EmGNZ\" width=\"600\" height=\"338\" frameborder=\"0\" marginwidth=\"0\" marginheight=\"0\" scrolling=\"no\"><\/iframe><\/p>\n<p>12.06. <strong>2025<\/strong>:<\/p>\n<blockquote class=\"wp-embedded-content\" data-secret=\"U5vKlOrTl1\"><p><a href=\"https:\/\/www.uutispeili.fi\/index.php\/2025\/06\/12\/iranin-ja-yhdysvaltain-neuvottelijat-tapaavat-sunnuntaina-omanissa-israel-uhkaa-iskulla\/\">Iranin ja Yhdysvaltain neuvottelijat tapaavat sunnuntaina Omanissa, Israel uhkaa iskulla<\/a><\/p><\/blockquote>\n<p><iframe class=\"wp-embedded-content\" sandbox=\"allow-scripts\" security=\"restricted\" style=\"position: absolute; clip: rect(1px, 1px, 1px, 1px);\" title=\"&#8221;Iranin ja Yhdysvaltain neuvottelijat tapaavat sunnuntaina Omanissa, Israel uhkaa iskulla&#8221; &#8212; \" src=\"https:\/\/www.uutispeili.fi\/index.php\/2025\/06\/12\/iranin-ja-yhdysvaltain-neuvottelijat-tapaavat-sunnuntaina-omanissa-israel-uhkaa-iskulla\/embed\/#?secret=AzubVsgfQv#?secret=U5vKlOrTl1\" data-secret=\"U5vKlOrTl1\" width=\"600\" height=\"338\" frameborder=\"0\" marginwidth=\"0\" marginheight=\"0\" scrolling=\"no\"><\/iframe><\/p>\n<p>17.06. <strong>2025<\/strong>:<\/p>\n<blockquote class=\"wp-embedded-content\" data-secret=\"57qnhbI1KR\"><p><a href=\"https:\/\/www.uutispeili.fi\/index.php\/2025\/06\/17\/yhdysvaltain-tiedusteluraportit-iranin-ydinase-oli-viela-kolmen-vuoden-paassa\/\">Yhdysvaltain tiedusteluraportit: Iranin ydinase oli viel\u00e4 kolmen vuoden p\u00e4\u00e4ss\u00e4<\/a><\/p><\/blockquote>\n<p><iframe class=\"wp-embedded-content\" sandbox=\"allow-scripts\" security=\"restricted\" style=\"position: absolute; clip: rect(1px, 1px, 1px, 1px);\" title=\"&#8221;Yhdysvaltain tiedusteluraportit: Iranin ydinase oli viel\u00e4 kolmen vuoden p\u00e4\u00e4ss\u00e4&#8221; &#8212; \" src=\"https:\/\/www.uutispeili.fi\/index.php\/2025\/06\/17\/yhdysvaltain-tiedusteluraportit-iranin-ydinase-oli-viela-kolmen-vuoden-paassa\/embed\/#?secret=iWon3xWyu5#?secret=57qnhbI1KR\" data-secret=\"57qnhbI1KR\" width=\"600\" height=\"338\" frameborder=\"0\" marginwidth=\"0\" marginheight=\"0\" scrolling=\"no\"><\/iframe><\/p>\n<p>27.03. 2025:<\/p>\n<blockquote class=\"wp-embedded-content\" data-secret=\"8lLmRX4dgj\"><p><a href=\"https:\/\/www.uutispeili.fi\/index.php\/2025\/03\/27\/venaja-tuntuu-toivovan-yhdysvaltain-iskevan-iraniin\/\">Ven\u00e4j\u00e4 tuntuu toivovan Yhdysvaltain iskev\u00e4n Iraniin<\/a><\/p><\/blockquote>\n<p><iframe class=\"wp-embedded-content\" sandbox=\"allow-scripts\" security=\"restricted\" style=\"position: absolute; clip: rect(1px, 1px, 1px, 1px);\" title=\"&#8221;Ven\u00e4j\u00e4 tuntuu toivovan Yhdysvaltain iskev\u00e4n Iraniin&#8221; &#8212; \" src=\"https:\/\/www.uutispeili.fi\/index.php\/2025\/03\/27\/venaja-tuntuu-toivovan-yhdysvaltain-iskevan-iraniin\/embed\/#?secret=asdv7tBCgZ#?secret=8lLmRX4dgj\" data-secret=\"8lLmRX4dgj\" width=\"600\" height=\"338\" frameborder=\"0\" marginwidth=\"0\" marginheight=\"0\" scrolling=\"no\"><\/iframe><\/p>\n<p>20.02. 2026:<\/p>\n<blockquote class=\"wp-embedded-content\" data-secret=\"wt96qb5BZ5\"><p><a href=\"https:\/\/www.uutispeili.fi\/index.php\/2026\/02\/20\/iran-toiveikas-sopimuksen-suhteen-trump-aikoo-iskea-iraniin\/\">Iran toiveikas sopimuksen suhteen, Trump aikoo iske\u00e4 Iraniin<\/a><\/p><\/blockquote>\n<p><iframe class=\"wp-embedded-content\" sandbox=\"allow-scripts\" security=\"restricted\" style=\"position: absolute; clip: rect(1px, 1px, 1px, 1px);\" title=\"&#8221;Iran toiveikas sopimuksen suhteen, Trump aikoo iske\u00e4 Iraniin&#8221; &#8212; \" src=\"https:\/\/www.uutispeili.fi\/index.php\/2026\/02\/20\/iran-toiveikas-sopimuksen-suhteen-trump-aikoo-iskea-iraniin\/embed\/#?secret=Gjg0qRpWew#?secret=wt96qb5BZ5\" data-secret=\"wt96qb5BZ5\" width=\"600\" height=\"338\" frameborder=\"0\" marginwidth=\"0\" marginheight=\"0\" scrolling=\"no\"><\/iframe><\/p>\n<p>16.10. <strong>2024<\/strong>:<\/p>\n<blockquote class=\"wp-embedded-content\" data-secret=\"0ZMvhlTc4R\"><p><a href=\"https:\/\/www.uutispeili.fi\/index.php\/2024\/10\/16\/venajan-hyodylliselta-idiootilta-outo-avaus-jos-yhdysvallat-aloittaa-sodan-irania-vastaan-kolmas-maailmansota-nayttaa-varmalta\/\">Ven\u00e4j\u00e4n &#8217;hy\u00f6dylliselt\u00e4 idiootilta&#8217; outo avaus: &#8221;Jos Yhdysvallat aloittaa sodan Irania vastaan , kolmas maailmansota n\u00e4ytt\u00e4\u00e4 varmalta&#8221;<\/a><\/p><\/blockquote>\n<p><iframe class=\"wp-embedded-content\" sandbox=\"allow-scripts\" security=\"restricted\" style=\"position: absolute; clip: rect(1px, 1px, 1px, 1px);\" title=\"&#8221;Ven\u00e4j\u00e4n &#8217;hy\u00f6dylliselt\u00e4 idiootilta&#8217; outo avaus: &#8221;Jos Yhdysvallat aloittaa sodan Irania vastaan , kolmas maailmansota n\u00e4ytt\u00e4\u00e4 varmalta&#8221;&#8221; &#8212; \" src=\"https:\/\/www.uutispeili.fi\/index.php\/2024\/10\/16\/venajan-hyodylliselta-idiootilta-outo-avaus-jos-yhdysvallat-aloittaa-sodan-irania-vastaan-kolmas-maailmansota-nayttaa-varmalta\/embed\/#?secret=djol3dic9G#?secret=0ZMvhlTc4R\" data-secret=\"0ZMvhlTc4R\" width=\"600\" height=\"338\" frameborder=\"0\" marginwidth=\"0\" marginheight=\"0\" scrolling=\"no\"><\/iframe><\/p>\n<p>03.02. 2026:<\/p>\n<blockquote class=\"wp-embedded-content\" data-secret=\"MiqjXGJO8E\"><p><a href=\"https:\/\/www.uutispeili.fi\/index.php\/2026\/02\/03\/trump-vaatii-iranilta-uraanin-rikastamisesta-luopumista-tai-muuten\/\">Trump vaatii Iranilta uraanin rikastamisesta luopumista, &#8221;tai muuten&#8230;&#8221;<\/a><\/p><\/blockquote>\n<p><iframe class=\"wp-embedded-content\" sandbox=\"allow-scripts\" security=\"restricted\" style=\"position: absolute; clip: rect(1px, 1px, 1px, 1px);\" title=\"&#8221;Trump vaatii Iranilta uraanin rikastamisesta luopumista, &#8221;tai muuten&#8230;&#8221;&#8221; &#8212; \" src=\"https:\/\/www.uutispeili.fi\/index.php\/2026\/02\/03\/trump-vaatii-iranilta-uraanin-rikastamisesta-luopumista-tai-muuten\/embed\/#?secret=C0LcW9XyrY#?secret=MiqjXGJO8E\" data-secret=\"MiqjXGJO8E\" width=\"600\" height=\"338\" frameborder=\"0\" marginwidth=\"0\" marginheight=\"0\" scrolling=\"no\"><\/iframe><\/p>\n<p>0809.<strong>2025<\/strong>:<\/p>\n<blockquote class=\"wp-embedded-content\" data-secret=\"CyNoqGAq95\"><p><a href=\"https:\/\/www.uutispeili.fi\/index.php\/2025\/09\/08\/teheran-tyytyvainen-ulkoministerin-tapaamiseen-eun-edustajan-kanssa-torstaina\/\">Teheran tyytyv\u00e4inen ulkoministerin tapaamiseen EU:n edustajan kanssa torstaina<\/a><\/p><\/blockquote>\n<p><iframe class=\"wp-embedded-content\" sandbox=\"allow-scripts\" security=\"restricted\" style=\"position: absolute; clip: rect(1px, 1px, 1px, 1px);\" title=\"&#8221;Teheran tyytyv\u00e4inen ulkoministerin tapaamiseen EU:n edustajan kanssa torstaina&#8221; &#8212; \" src=\"https:\/\/www.uutispeili.fi\/index.php\/2025\/09\/08\/teheran-tyytyvainen-ulkoministerin-tapaamiseen-eun-edustajan-kanssa-torstaina\/embed\/#?secret=J2sAlY9fi5#?secret=CyNoqGAq95\" data-secret=\"CyNoqGAq95\" width=\"600\" height=\"338\" frameborder=\"0\" marginwidth=\"0\" marginheight=\"0\" scrolling=\"no\"><\/iframe><\/p>\n<p>27.03. <strong>2025<\/strong>:<\/p>\n<blockquote class=\"wp-embedded-content\" data-secret=\"8lLmRX4dgj\"><p><a href=\"https:\/\/www.uutispeili.fi\/index.php\/2025\/03\/27\/venaja-tuntuu-toivovan-yhdysvaltain-iskevan-iraniin\/\">Ven\u00e4j\u00e4 tuntuu toivovan Yhdysvaltain iskev\u00e4n Iraniin<\/a><\/p><\/blockquote>\n<p><iframe class=\"wp-embedded-content\" sandbox=\"allow-scripts\" security=\"restricted\" style=\"position: absolute; clip: rect(1px, 1px, 1px, 1px);\" title=\"&#8221;Ven\u00e4j\u00e4 tuntuu toivovan Yhdysvaltain iskev\u00e4n Iraniin&#8221; &#8212; \" src=\"https:\/\/www.uutispeili.fi\/index.php\/2025\/03\/27\/venaja-tuntuu-toivovan-yhdysvaltain-iskevan-iraniin\/embed\/#?secret=asdv7tBCgZ#?secret=8lLmRX4dgj\" data-secret=\"8lLmRX4dgj\" width=\"600\" height=\"338\" frameborder=\"0\" marginwidth=\"0\" marginheight=\"0\" scrolling=\"no\"><\/iframe><\/p>\n<p>24.07. <strong>2025<\/strong>:<\/p>\n<blockquote class=\"wp-embedded-content\" data-secret=\"fawuIFo5uZ\"><p><a href=\"https:\/\/www.uutispeili.fi\/index.php\/2025\/07\/24\/iran-pitaa-kiinni-ydinsulkusopimuksen-mukaisista-eduistaan-neuvottelujen-jatkamisen-ehtona\/\">Iran pit\u00e4\u00e4 kiinni ydinsulkusopimuksen mukaisista eduistaan neuvottelujen jatkamisen ehtona<\/a><\/p><\/blockquote>\n<p><iframe class=\"wp-embedded-content\" sandbox=\"allow-scripts\" security=\"restricted\" style=\"position: absolute; clip: rect(1px, 1px, 1px, 1px);\" title=\"&#8221;Iran pit\u00e4\u00e4 kiinni ydinsulkusopimuksen mukaisista eduistaan neuvottelujen jatkamisen ehtona&#8221; &#8212; \" src=\"https:\/\/www.uutispeili.fi\/index.php\/2025\/07\/24\/iran-pitaa-kiinni-ydinsulkusopimuksen-mukaisista-eduistaan-neuvottelujen-jatkamisen-ehtona\/embed\/#?secret=gXLCiVLWnN#?secret=fawuIFo5uZ\" data-secret=\"fawuIFo5uZ\" width=\"600\" height=\"338\" frameborder=\"0\" marginwidth=\"0\" marginheight=\"0\" scrolling=\"no\"><\/iframe><\/p>\n<p>22.06. <strong>2025<\/strong>:<\/p>\n<blockquote class=\"wp-embedded-content\" data-secret=\"nQlZ621bJr\"><p><a href=\"https:\/\/www.uutispeili.fi\/index.php\/2025\/06\/22\/medvedev-sanoo-trumpin-isku-iraniin-tuotti-painvastaisen-tuloksen-kuin-mita-trump-odotti\/\">Medvedev sanoo: Trumpin isku Iraniin tuotti p\u00e4invastaisen tuloksen, kuin mit\u00e4 Trump odotti<\/a><\/p><\/blockquote>\n<p><iframe class=\"wp-embedded-content\" sandbox=\"allow-scripts\" security=\"restricted\" style=\"position: absolute; clip: rect(1px, 1px, 1px, 1px);\" title=\"&#8221;Medvedev sanoo: Trumpin isku Iraniin tuotti p\u00e4invastaisen tuloksen, kuin mit\u00e4 Trump odotti&#8221; &#8212; \" src=\"https:\/\/www.uutispeili.fi\/index.php\/2025\/06\/22\/medvedev-sanoo-trumpin-isku-iraniin-tuotti-painvastaisen-tuloksen-kuin-mita-trump-odotti\/embed\/#?secret=utPDZMwR5c#?secret=nQlZ621bJr\" data-secret=\"nQlZ621bJr\" width=\"600\" height=\"338\" frameborder=\"0\" marginwidth=\"0\" marginheight=\"0\" scrolling=\"no\"><\/iframe><\/p>\n<p>16.06. <strong>2025<\/strong>:<\/p>\n<blockquote class=\"wp-embedded-content\" data-secret=\"lzSCPTQOzS\"><p><a href=\"https:\/\/www.uutispeili.fi\/index.php\/2025\/06\/16\/iran-ei-aio-kehittaa-ydinaseita-mutta-se-aikoo-ajaa-oikeuttaan-ydinenergiaan-sanoo-iranin-presidentti-iran-irtautuu-ydinsulkusopimuksesta\/\">&#8221;Iran ei aio kehitt\u00e4\u00e4 ydinaseita, mutta se aikoo ajaa oikeuttaan ydinenergiaan&#8221;, sanoo Iranin presidentti, -Iran irtautuu ydinsulkusopimuksesta<\/a><\/p><\/blockquote>\n<p><iframe class=\"wp-embedded-content\" sandbox=\"allow-scripts\" security=\"restricted\" style=\"position: absolute; clip: rect(1px, 1px, 1px, 1px);\" title=\"&#8221;&#8221;Iran ei aio kehitt\u00e4\u00e4 ydinaseita, mutta se aikoo ajaa oikeuttaan ydinenergiaan&#8221;, sanoo Iranin presidentti, -Iran irtautuu ydinsulkusopimuksesta&#8221; &#8212; \" src=\"https:\/\/www.uutispeili.fi\/index.php\/2025\/06\/16\/iran-ei-aio-kehittaa-ydinaseita-mutta-se-aikoo-ajaa-oikeuttaan-ydinenergiaan-sanoo-iranin-presidentti-iran-irtautuu-ydinsulkusopimuksesta\/embed\/#?secret=6d90N6piya#?secret=lzSCPTQOzS\" data-secret=\"lzSCPTQOzS\" width=\"600\" height=\"338\" frameborder=\"0\" marginwidth=\"0\" marginheight=\"0\" scrolling=\"no\"><\/iframe><\/p>\n<blockquote class=\"wp-embedded-content\" data-secret=\"unpJepUgeg\"><p><a href=\"https:\/\/www.uutispeili.fi\/index.php\/2026\/03\/04\/kuka-on-oikeassa\/\">Kuka on oikeassa?<\/a><\/p><\/blockquote>\n<p><iframe class=\"wp-embedded-content\" sandbox=\"allow-scripts\" security=\"restricted\" style=\"position: absolute; clip: rect(1px, 1px, 1px, 1px);\" title=\"&#8221;Kuka on oikeassa?&#8221; &#8212; \" src=\"https:\/\/www.uutispeili.fi\/index.php\/2026\/03\/04\/kuka-on-oikeassa\/embed\/#?secret=d8JkXjb86d#?secret=unpJepUgeg\" data-secret=\"unpJepUgeg\" width=\"600\" height=\"338\" frameborder=\"0\" marginwidth=\"0\" marginheight=\"0\" scrolling=\"no\"><\/iframe><\/p>\n","protected":false},"excerpt":{"rendered":"<p>Israel poisti Iranin ulkoministerin Abbas Araghchin ja parlamentin puhemiehen Mohammad Baqer Ghalibafin kohdelistaltaan Pakistanin pyydetty\u00e4, kertoo pakistanilainen l\u00e4hde torstaina. Tarkastelemme. Pakistan on toiminut v\u00e4litt\u00e4j\u00e4n\u00e4 &#8211;Egyptin ja Turkin ohella- Iranin ja Yhdysvaltain neuvotteluissa, joiden edellinen &#8211;Omanin v\u00e4litt\u00e4m\u00e4- kierros Genevess\u00e4 (26.02. 2026) katkesi Israelin ja Yhdysvaltain yll\u00e4tyshy\u00f6kk\u00e4ykseen 28. helmikuuta. T\u00e4n\u00e4\u00e4n kuulemme Pakistanin vedonneen Washingtoniin,\u00a0 ett\u00e4 Israelin aie [&hellip;]<\/p>\n","protected":false},"author":3,"featured_media":11728,"comment_status":"open","ping_status":"open","sticky":false,"template":"","format":"standard","meta":{"footnotes":""},"categories":[31,112,151,71,116,127],"tags":[],"_links":{"self":[{"href":"https:\/\/www.uutispeili.fi\/index.php\/wp-json\/wp\/v2\/posts\/11726"}],"collection":[{"href":"https:\/\/www.uutispeili.fi\/index.php\/wp-json\/wp\/v2\/posts"}],"about":[{"href":"https:\/\/www.uutispeili.fi\/index.php\/wp-json\/wp\/v2\/types\/post"}],"author":[{"embeddable":true,"href":"https:\/\/www.uutispeili.fi\/index.php\/wp-json\/wp\/v2\/users\/3"}],"replies":[{"embeddable":true,"href":"https:\/\/www.uutispeili.fi\/index.php\/wp-json\/wp\/v2\/comments?post=11726"}],"version-history":[{"count":3,"href":"https:\/\/www.uutispeili.fi\/index.php\/wp-json\/wp\/v2\/posts\/11726\/revisions"}],"predecessor-version":[{"id":11747,"href":"https:\/\/www.uutispeili.fi\/index.php\/wp-json\/wp\/v2\/posts\/11726\/revisions\/11747"}],"wp:featuredmedia":[{"embeddable":true,"href":"https:\/\/www.uutispeili.fi\/index.php\/wp-json\/wp\/v2\/media\/11728"}],"wp:attachment":[{"href":"https:\/\/www.uutispeili.fi\/index.php\/wp-json\/wp\/v2\/media?parent=11726"}],"wp:term":[{"taxonomy":"category","embeddable":true,"href":"https:\/\/www.uutispeili.fi\/index.php\/wp-json\/wp\/v2\/categories?post=11726"},{"taxonomy":"post_tag","embeddable":true,"href":"https:\/\/www.uutispeili.fi\/index.php\/wp-json\/wp\/v2\/tags?post=11726"}],"curies":[{"name":"wp","href":"https:\/\/api.w.org\/{rel}","templated":true}]}}