{"id":11720,"date":"2026-03-26T12:56:30","date_gmt":"2026-03-26T10:56:30","guid":{"rendered":"https:\/\/www.uutispeili.fi\/?p=11720"},"modified":"2026-03-26T12:56:30","modified_gmt":"2026-03-26T10:56:30","slug":"eduskunnan-lakivaliokunta-kannattaa-rajat-ylittavien-strategisten-hairintatarkoituksessa-nostettujen-kanteiden-torjuntaa","status":"publish","type":"post","link":"https:\/\/www.uutispeili.fi\/index.php\/2026\/03\/26\/eduskunnan-lakivaliokunta-kannattaa-rajat-ylittavien-strategisten-hairintatarkoituksessa-nostettujen-kanteiden-torjuntaa\/","title":{"rendered":"Eduskunnan lakivaliokunta kannattaa rajat ylitt\u00e4vien strategisten h\u00e4irint\u00e4tarkoituksessa nostettujen kanteiden torjuntaa"},"content":{"rendered":"<p class=\"v1Ingressi\"><strong>Lakivaliokunta puoltaa mietinn\u00f6ss\u00e4\u00e4n <em>hallituksen esityst\u00e4<\/em> julkiseen keskusteluun osallistuvien henkil\u00f6iden suojelemisesta rajat ylitt\u00e4vilt\u00e4 h\u00e4irint\u00e4kanteilta, ja ehdottaa s\u00e4\u00e4ntelyn t\u00e4ydent\u00e4miseksi uuden lakiehdotuksen hyv\u00e4ksymist\u00e4.<\/strong><\/p>\n<p class=\"v1Leipis\"><strong>Eduskunnan lakivaliokunnan<\/strong> mietint\u00f6 hallituksen esityksest\u00e4 uudeksi laiksi julkiseen keskusteluun osallistuvien henkil\u00f6iden suojelemisesta rajat ylitt\u00e4vilt\u00e4 h\u00e4irint\u00e4kanteilta on valmistunut.<\/p>\n<p class=\"v1Leipis\">Valiokunta puoltaa lakiehdotuksen hyv\u00e4ksymist\u00e4 er\u00e4in huomioin. Lis\u00e4ksi valiokunta ehdottaa s\u00e4\u00e4ntelyn t\u00e4ydent\u00e4miseksi uuden lakiehdotuksen hyv\u00e4ksymist\u00e4. Mietint\u00f6 on yksimielinen.<\/p>\n<p class=\"v1Leipis\">Esityksess\u00e4 on kyse <strong>Euroopan parlamentin<\/strong> ja <strong>EU:n komission<\/strong> antaman ns. SLAPP-direktiivin kansallisesta t\u00e4yt\u00e4nt\u00f6\u00f6npanosta.<\/p>\n<blockquote>\n<p class=\"v1Leipis\">Direktiivin tarkoitus on ehk\u00e4ist\u00e4 rajat ylitt\u00e4vi\u00e4 siviilikanteita, jotka eiv\u00e4t perustu aitoon oikeussuojan tarpeeseen, vaan niill\u00e4 pyrit\u00e4\u00e4n rankaisemaan julkiseen keskusteluun osallistumisesta tai ehk\u00e4isem\u00e4\u00e4n siihen osallistumista (SLAPP-kanteita).<\/p>\n<\/blockquote>\n<p class=\"v1Leipis\">Kohteina ovat usein toimittajat ja kansalaisyhteiskunnan toimijat. Valiokunta pit\u00e4\u00e4 t\u00e4rke\u00e4n\u00e4, ett\u00e4 t\u00e4llaiset kanteet voidaan tunnistaa ja hyl\u00e4t\u00e4 mahdollisimman varhaisessa vaiheessa.<\/p>\n<p class=\"v1Leipis\">Ehdotetussa laissa s\u00e4\u00e4det\u00e4\u00e4n uusista oikeussuojakeinoista, kuten h\u00e4irint\u00e4kannemaksusta, jonka tuomioistuin voi tuomita kantajan maksettavaksi, jos kantaja panee vireille v\u00e4\u00e4rink\u00e4ytt\u00f6\u00f6n perustuvan oikeudenk\u00e4ynnin.<\/p>\n<p><strong>Miten asian k\u00e4sittely jatkuu:<\/strong> Asia etenee seuraavaksi eduskunnan t\u00e4ysistuntoon, joka k\u00e4sittelee lakiehdotuksia lakivaliokunnan mietinn\u00f6n pohjalta. Lait on tarkoitettu tulemaan voimaan 7.5.2026, jolloin direktiivi on pantava Euroopan unionin j\u00e4senvaltioissa t\u00e4yt\u00e4nt\u00f6\u00f6n.\u00a0<img loading=\"lazy\" decoding=\"async\" class=\"alignnone size-full wp-image-144\" src=\"https:\/\/www.uutispeili.fi\/wp-content\/uploads\/2023\/11\/di.gold_.gif\" alt=\"\" width=\"11\" height=\"11\" \/><\/p>\n<p>(Uutispeili ei ole muokannut artikkelin sis\u00e4lt\u00f6\u00e4.)<\/p>\n<p>Luettavaa:<\/p>\n<ul>\n<li class=\"v1Leipis\"><a href=\"https:\/\/www.riksdagen.fi\/FI\/vaski\/Mietinto\/Sivut\/LaVM_6+2026.aspx\" target=\"_blank\" rel=\"noopener noreferrer\">Valiokunnan mietint\u00f6 LaVM 6\/2026 vp<\/a><\/li>\n<\/ul>\n","protected":false},"excerpt":{"rendered":"<p>Lakivaliokunta puoltaa mietinn\u00f6ss\u00e4\u00e4n hallituksen esityst\u00e4 julkiseen keskusteluun osallistuvien henkil\u00f6iden suojelemisesta rajat ylitt\u00e4vilt\u00e4 h\u00e4irint\u00e4kanteilta, ja ehdottaa s\u00e4\u00e4ntelyn t\u00e4ydent\u00e4miseksi uuden lakiehdotuksen hyv\u00e4ksymist\u00e4. Eduskunnan lakivaliokunnan mietint\u00f6 hallituksen esityksest\u00e4 uudeksi laiksi julkiseen keskusteluun osallistuvien henkil\u00f6iden suojelemisesta rajat ylitt\u00e4vilt\u00e4 h\u00e4irint\u00e4kanteilta on valmistunut. Valiokunta puoltaa lakiehdotuksen hyv\u00e4ksymist\u00e4 er\u00e4in huomioin. Lis\u00e4ksi valiokunta ehdottaa s\u00e4\u00e4ntelyn t\u00e4ydent\u00e4miseksi uuden lakiehdotuksen hyv\u00e4ksymist\u00e4. Mietint\u00f6 on yksimielinen. Esityksess\u00e4 [&hellip;]<\/p>\n","protected":false},"author":3,"featured_media":7931,"comment_status":"open","ping_status":"open","sticky":false,"template":"","format":"standard","meta":{"footnotes":""},"categories":[49,51,70,61],"tags":[],"_links":{"self":[{"href":"https:\/\/www.uutispeili.fi\/index.php\/wp-json\/wp\/v2\/posts\/11720"}],"collection":[{"href":"https:\/\/www.uutispeili.fi\/index.php\/wp-json\/wp\/v2\/posts"}],"about":[{"href":"https:\/\/www.uutispeili.fi\/index.php\/wp-json\/wp\/v2\/types\/post"}],"author":[{"embeddable":true,"href":"https:\/\/www.uutispeili.fi\/index.php\/wp-json\/wp\/v2\/users\/3"}],"replies":[{"embeddable":true,"href":"https:\/\/www.uutispeili.fi\/index.php\/wp-json\/wp\/v2\/comments?post=11720"}],"version-history":[{"count":1,"href":"https:\/\/www.uutispeili.fi\/index.php\/wp-json\/wp\/v2\/posts\/11720\/revisions"}],"predecessor-version":[{"id":11721,"href":"https:\/\/www.uutispeili.fi\/index.php\/wp-json\/wp\/v2\/posts\/11720\/revisions\/11721"}],"wp:featuredmedia":[{"embeddable":true,"href":"https:\/\/www.uutispeili.fi\/index.php\/wp-json\/wp\/v2\/media\/7931"}],"wp:attachment":[{"href":"https:\/\/www.uutispeili.fi\/index.php\/wp-json\/wp\/v2\/media?parent=11720"}],"wp:term":[{"taxonomy":"category","embeddable":true,"href":"https:\/\/www.uutispeili.fi\/index.php\/wp-json\/wp\/v2\/categories?post=11720"},{"taxonomy":"post_tag","embeddable":true,"href":"https:\/\/www.uutispeili.fi\/index.php\/wp-json\/wp\/v2\/tags?post=11720"}],"curies":[{"name":"wp","href":"https:\/\/api.w.org\/{rel}","templated":true}]}}