{"id":11693,"date":"2026-03-25T15:37:09","date_gmt":"2026-03-25T13:37:09","guid":{"rendered":"https:\/\/www.uutispeili.fi\/?p=11693"},"modified":"2026-03-25T15:37:10","modified_gmt":"2026-03-25T13:37:10","slug":"kenen-drooni-iski-voimalan-piippuun-virossa","status":"publish","type":"post","link":"https:\/\/www.uutispeili.fi\/index.php\/2026\/03\/25\/kenen-drooni-iski-voimalan-piippuun-virossa\/","title":{"rendered":"Kenen drooni iski voimalan piippuun Virossa"},"content":{"rendered":"<p><strong>Varhain keskiviikkoaamuna Ven\u00e4j\u00e4n ilmatilasta Viroon lent\u00e4nyt UAV t\u00f6rm\u00e4si Auveren voimalaitoksen savupiippuun. Tapaus ei vaarantanut s\u00e4hk\u00f6njakelua, eik\u00e4 kukaan loukkaantunut, mutta huoleen on aihetta.<\/strong><\/p>\n<p><strong>It\u00e4-Virumaa<\/strong>lla, -l\u00e4hell\u00e4 <strong>Narva<\/strong>a ja siis <strong>Ven\u00e4j\u00e4<\/strong>n rajaa- sijaitseva <strong>Enefit Power<\/strong>in <strong>Auvere<\/strong>n voimalaitos on osa Viron energianjakelua, -ja siten strateginen resurssi. T\u00e4m\u00e4nkaltaista laitosta on nyt h\u00e4iritty.<\/p>\n<blockquote><p><strong>Viron sis\u00e4isen turvallisuuspalvelun<\/strong> mukaan drooni osui voimalan savupiippuun 25. maaliskuuta kello 03:43. Paikalle l\u00e4hetettiin pelastuslaitoksen r\u00e4j\u00e4hteiden raivausasiantuntijoita, ja valtakunnansyytt\u00e4j\u00e4nvirasto aloitti tutkinnan. Sis\u00e4imen turvallisuuspalvelu aloitti tutkinnan.<\/p><\/blockquote>\n<p>Viron oikeusministerin, <strong>Astrid Asi<\/strong>n, mukaan &#8221;<em>t\u00e4ll\u00e4 hetkell\u00e4 saatavilla olevien tietojen perusteella droonia ei ollut suunnattu Viroon<\/em>&#8221;.<\/p>\n<p>Auveren drooni-tilanne tapahtui samoihin aikoihin, kun <strong>Ukraina<\/strong> tiistai-Keskiviikko -y\u00f6n\u00e4 eri kohteisiin Ven\u00e4j\u00e4ll\u00e4, mm. <strong>Laukaansuu<\/strong>n\u00a0 (Ust-Lugan) satamaan <strong>Leningradin oblastissa<\/strong>.<\/p>\n<p>Viron p\u00e4\u00e4ministeri <strong>Kristen Michal<\/strong> sanoi keskiviikkona lehdist\u00f6tilaisuudessaan, ett\u00e4 Ukrainan hy\u00f6kk\u00e4ys tapahtui kolmessa aallossa, \u2013kolmen, kuuden ja kahdeksan aikaan aamulla\u2013 ja ett\u00e4 &#8221;<em>n\u00e4ist\u00e4 aalloista per\u00e4isin olevat droonit olivat my\u00f6s liikkuneet kohti Viroa<\/em>&#8221;.<\/p>\n<p>Michalin mukaan my\u00f6hemmin aamulla l\u00e4hetetty valtakunnallinen h\u00e4lytys ajoittui viimeiseen aaltoon.<\/p>\n<h2>Isku Auvereen ei ollut yksitt\u00e4istapaus<\/h2>\n<p>Tapahtuman laajuus selveni my\u00f6hemmin p\u00e4iv\u00e4ll\u00e4, kun ministerit totesivat, ettei Auvereen tehty isku ollut yksitt\u00e4istapaus. Viron puolustusministeri <strong>Hanno Pevkur<\/strong> sanoi useiden droonien loukanneen Viron ilmatilaa, yhden pudotessa <strong>Latvia<\/strong>an, yhden osuneen Auveren savupiippuun ja useat muut ylittiv\u00e4t Viron merirajan Suomenlahdella.<\/p>\n<h2>Viro reagoi heti, koneet ilmaan<\/h2>\n<p>Viron ja <strong>Baltian maiden<\/strong> ilmailuviranomaiset reahoivat heti: Lentokieltoalue m\u00e4\u00e4r\u00e4ttiin\u00a0<strong>It\u00e4-Viron<\/strong> ylle, mutta\u00a0lennot <strong>Tartosta &#8211;<\/strong>Viron toiseksi suurimmasta kaupungista- jatkuvat. Puolustusministeri muistutti, ett\u00e4 jos <strong>It\u00e4-Virumaan<\/strong> asukkaat olivat kuulleet h\u00e4vitt\u00e4jien lent\u00e4v\u00e4n matalalla varhain aamulla, se oli ollut liittoutuneiden toimintaa.<\/p>\n<p>Puolustusministeri Pevkur ei kertonut tarkalleen, milloin Viron <strong>\u00c4mari<\/strong>n lentotukikohdassa osana It\u00e4meren ilmavalvontaoperaatiota olevat italialaiset suihkukoneet her\u00e4tettiin ilmaan, mutta sanoi niiden <em>&#8217;pysyneen ilmassa jonkin aikaa&#8217;.<\/em><\/p>\n<p><strong>Syyskuun 19. p\u00e4iv\u00e4n\u00e4 2025<\/strong> kolme ven\u00e4l\u00e4ist\u00e4 <strong>MiG-31<\/strong>-h\u00e4vitt\u00e4j\u00e4\u00e4 vietti l\u00e4hes kaksitoista minuuttia Viron ilmatilassa, ennen kuin \u00c4marin lentotukikohdassa p\u00e4ivyst\u00e4v\u00e4t <strong>Italia<\/strong>n ilmavoimien <strong>F-35<\/strong>-h\u00e4vitt\u00e4j\u00e4t k\u00e4\u00e4nnyttiv\u00e4t ne Viron ilmatilasta.<\/p>\n<h2>&#8221;<em>Sodan uhka Virolle ei ole kasvanut<\/em>&#8221;<\/h2>\n<blockquote><p>Viron puolustusvoimien komentaja <strong>Andrus Merilo<\/strong> sanoi, ettei sodan uhka Virolle ole kasvanut, ja kuvaili tapahtumaa Ven\u00e4j\u00e4n hy\u00f6kk\u00e4yssodan heijastusvaikutukseksi Ukrainan rajojen ulkopuolelle.<\/p><\/blockquote>\n<p>Merilon mukaan Ven\u00e4j\u00e4n elektroninen sodank\u00e4ynti, &#8211;<strong>GPS-h\u00e4irint\u00e4<\/strong>&#8211; on todenn\u00e4k\u00f6isesti osaltaan vaikuttanut siihen, ett\u00e4 osa drooneista oli harhautunut Viron ilmatilaan.<\/p>\n<p>Puolustusvoimien komentajan mukaan Auveressa ei t\u00f6rm\u00e4illyt valvontadrooni, vaan joko r\u00e4j\u00e4hteit\u00e4 kantava hy\u00f6kk\u00e4ysdrooni tai harhautusdrooni.<\/p>\n<h2>Drooni ukrainalaista alkuper\u00e4\u00e4 oleva<\/h2>\n<p>Sis\u00e4isen turvallisuuspalvelun p\u00e4\u00e4johtaja <strong>Margo Palloso<\/strong>n sanoi, ett\u00e4 drooni osui voimalan savupiippuun pari minuuttia Viron ilmatilaan saapumisen j\u00e4lkeen, ja r\u00e4j\u00e4hti osuessaan. Palloso lis\u00e4si, ett\u00e4 hylyn alustava tarkastus osoitti sen olevan ukrainalaista alkuper\u00e4\u00e4 oleva drone, vaikka tutkinta jatkuukin.<\/p>\n<blockquote><p>\u201dT\u00e4m\u00e4 on yksi Ven\u00e4j\u00e4n t\u00e4ysimittaisen hy\u00f6kk\u00e4yssodan (Ukrainassa) vaikutuksista\u201d, Palloson sanoi. \u201dOn kohtuullista olettaa, ett\u00e4 n\u00e4emme lis\u00e4\u00e4 t\u00e4llaisia \u200b\u200b\u200b\u200btapahtumia.\u201d<\/p><\/blockquote>\n<p><strong>Eesti Energi<\/strong>an toimitusjohtaja <strong>Andrus Durejko<\/strong>n mukaan Auveren voimalaitos on edelleen toiminnassa, eik\u00e4 tapaus h\u00e4irinnyt voimalaitoksen toimintaa..<\/p>\n<p>Viron sis\u00e4ministeri <strong>Igor Taro<\/strong> sanoi maan olevan edelleen rauhanajan olosuhteissa ja ett\u00e4 kriittisi\u00e4 kohteita suojellaan rauhanajan keinoin ja valmiuksin.<\/p>\n<h2>&#8221;<em>Viron toiminnan vaikutukset eiv\u00e4t ulotu Ven\u00e4j\u00e4n alueelle<\/em>&#8221;<\/h2>\n<p>Puolustusvoimien komentaja<strong>\u00a0Merilo<\/strong> korosti, ett\u00e4 <em>Viro ei ampuisi alas drooneja rajan l\u00e4hell\u00e4, jos olisi olemassa riski, ett\u00e4 t\u00e4llaisen toiminnan vaikutukset voisivat levit\u00e4 Ven\u00e4j\u00e4n alueelle.<\/em><\/p>\n<blockquote><p>\u201dTavoitteenamme on v\u00e4ltt\u00e4\u00e4 tahatonta tilanteen k\u00e4rjistymist\u00e4, joten emme todellakaan voi toimia droneja vastaan, jos on pieninkin riski, ett\u00e4 toimintamme ulottuisi Ven\u00e4j\u00e4n alueelle\u201d, Merilo sanoi.<\/p><\/blockquote>\n<h3>Kommentti:<\/h3>\n<p>Tiukempaakin asennetta droonien ilmatilaloukkauksiin vaaditaan virolaisessa keskustelussa, mutta vastuuhenkil\u00f6t ovat hyvin tarkkoja, siit\u00e4 mit\u00e4 puhuvat, -kuren lukija edellisest\u00e4 huomaa. Virossa on kuultu my\u00f6s ven\u00e4l\u00e4isten toistuvat viittaukset <strong>NATO<\/strong>:n &#8217;<strong>viidennen artiklan&#8217;<\/strong> koestamisesta, -ja vilkuilut Viron suuntaan t\u00e4ss\u00e4 mieless\u00e4.<\/p>\n<p><em>Ven\u00e4j\u00e4n sotahaukoille<\/em> sopisi hyvin, ett\u00e4 jokin Viron toimenpide droonien torjumiseksi antaisi syyt\u00e4 tahallisiin v\u00e4\u00e4rink\u00e4sityksiin, -ja martyroitumiseen. Virossa ollaan hereill\u00e4 t\u00e4m\u00e4nkin mahdollisuuden suhteen. Keskiviikon v\u00e4likohtaus Auveressa antoi Virolle my\u00f6s tilaisuuden testata h\u00e4lytysrutiineja: Kritiikki\u00e4 tuli vain ensimm\u00e4isen h\u00e4lytyksen liian laajasta jakelusta, -josta ei oikeastaan ole syyt\u00e4 moittia: Ensimm\u00e4isen oletuksen tuntemattoman lentolaitteen osuessa kriittiseen infraan tuleekin olla sellainen, ett\u00e4 skenaariota voi siit\u00e4 vain lievent\u00e4\u00e4.<\/p>\n<p>Pekka Kemppainen<\/p>\n<p>Luettavaa:<\/p>\n<ul>\n<li class=\"author-title\"><span dir=\"auto\"><a href=\"https:\/\/estonianworld.com\/security\/a-drone-from-russian-airspace-strikes-the-chimney-of-an-estonian-power-plant\/?fbclid=IwY2xjawQwrkxleHRuA2FlbQIxMQBzcnRjBmFwcF9pZBAyMjIwMzkxNzg4MjAwODkyAAEe-6M185vivdjx4Ro2HjSPyxBuya3012T2PjHLk_4yzQ5MeLdxCwIJenc33t0_aem_q1lwX--3g56TeCfYmIzqkQ\" target=\"_blank\" rel=\"noopener\"><strong>Estonian World<\/strong><\/a> 25.03. 2026,<\/span>\u00a0<a href=\"https:\/\/estonianworld.com\/\"><span dir=\"auto\">Estonian World<\/span><\/a><span dir=\"auto\" style=\"color: initial;\"> on maailmanlaajuinen itsen\u00e4inen verkkolehti, joka perustettiin Lontoossa vuonna 2012 ja jonka p\u00e4\u00e4konttori sijaitsee Tallinnassa, Virossa. Lehdell\u00e4 on toimitukset Lontoossa, Bostonissa, Los Angelesissa ja Tallinnassa, ja sill\u00e4 on avustajia ymp\u00e4ri maailmaa, kaikilla mantereilla.<\/span><\/li>\n<li><a href=\"https:\/\/www.postimees.ee\/8440260\/video-pevkur-aega-oli-vahe-ning-risk-drooni-allatulistamiseks-olnuks-ulikorge\" target=\"_blank\" rel=\"noopener\"><strong>Postimees<\/strong><\/a> 25.03. 2026,<\/li>\n<\/ul>\n<p>Aiempia uutisia:<\/p>\n<p>06.08. 2024:<\/p>\n<blockquote class=\"wp-embedded-content\" data-secret=\"DfGhiO6Msm\"><p><a href=\"https:\/\/www.uutispeili.fi\/index.php\/2024\/08\/06\/dronea-lennatetty-lentokentan-suoja-alueella-luvattomasti-ja-kuvattu-ihmisten-ikkunoita-poliisi-ei-rikosta\/\">Dronea lenn\u00e4tetty lentokent\u00e4n suoja-alueella luvattomasti, -ja kuvattu ihmisten ikkunoita. Poliisi: Ei rikosta<\/a><\/p><\/blockquote>\n<p><iframe class=\"wp-embedded-content\" sandbox=\"allow-scripts\" security=\"restricted\" style=\"position: absolute; clip: rect(1px, 1px, 1px, 1px);\" title=\"&#8221;Dronea lenn\u00e4tetty lentokent\u00e4n suoja-alueella luvattomasti, -ja kuvattu ihmisten ikkunoita. Poliisi: Ei rikosta&#8221; &#8212; \" src=\"https:\/\/www.uutispeili.fi\/index.php\/2024\/08\/06\/dronea-lennatetty-lentokentan-suoja-alueella-luvattomasti-ja-kuvattu-ihmisten-ikkunoita-poliisi-ei-rikosta\/embed\/#?secret=mN0VzDSv7F#?secret=DfGhiO6Msm\" data-secret=\"DfGhiO6Msm\" width=\"600\" height=\"338\" frameborder=\"0\" marginwidth=\"0\" marginheight=\"0\" scrolling=\"no\"><\/iframe><\/p>\n<p>24.03. 2026:<\/p>\n<blockquote class=\"wp-embedded-content\" data-secret=\"AFUHTzqa0L\"><p><a href=\"https:\/\/www.uutispeili.fi\/index.php\/2026\/03\/24\/eduskunnan-liikenne-ja-viestintavaliokunta-kannattaa-radiohairintalaitteiden-saantelyn-tiukentamista\/\">Eduskunnan liikenne- ja viestint\u00e4valiokunta kannattaa radioh\u00e4irint\u00e4laitteiden s\u00e4\u00e4ntelyn tiukentamista<\/a><\/p><\/blockquote>\n<p><iframe class=\"wp-embedded-content\" sandbox=\"allow-scripts\" security=\"restricted\" style=\"position: absolute; clip: rect(1px, 1px, 1px, 1px);\" title=\"&#8221;Eduskunnan liikenne- ja viestint\u00e4valiokunta kannattaa radioh\u00e4irint\u00e4laitteiden s\u00e4\u00e4ntelyn tiukentamista&#8221; &#8212; \" src=\"https:\/\/www.uutispeili.fi\/index.php\/2026\/03\/24\/eduskunnan-liikenne-ja-viestintavaliokunta-kannattaa-radiohairintalaitteiden-saantelyn-tiukentamista\/embed\/#?secret=5buV5HtWNV#?secret=AFUHTzqa0L\" data-secret=\"AFUHTzqa0L\" width=\"600\" height=\"338\" frameborder=\"0\" marginwidth=\"0\" marginheight=\"0\" scrolling=\"no\"><\/iframe><\/p>\n<p>06.08. 2024:<\/p>\n<blockquote class=\"wp-embedded-content\" data-secret=\"DfGhiO6Msm\"><p><a href=\"https:\/\/www.uutispeili.fi\/index.php\/2024\/08\/06\/dronea-lennatetty-lentokentan-suoja-alueella-luvattomasti-ja-kuvattu-ihmisten-ikkunoita-poliisi-ei-rikosta\/\">Dronea lenn\u00e4tetty lentokent\u00e4n suoja-alueella luvattomasti, -ja kuvattu ihmisten ikkunoita. Poliisi: Ei rikosta<\/a><\/p><\/blockquote>\n<p><iframe class=\"wp-embedded-content\" sandbox=\"allow-scripts\" security=\"restricted\" style=\"position: absolute; clip: rect(1px, 1px, 1px, 1px);\" title=\"&#8221;Dronea lenn\u00e4tetty lentokent\u00e4n suoja-alueella luvattomasti, -ja kuvattu ihmisten ikkunoita. Poliisi: Ei rikosta&#8221; &#8212; \" src=\"https:\/\/www.uutispeili.fi\/index.php\/2024\/08\/06\/dronea-lennatetty-lentokentan-suoja-alueella-luvattomasti-ja-kuvattu-ihmisten-ikkunoita-poliisi-ei-rikosta\/embed\/#?secret=mN0VzDSv7F#?secret=DfGhiO6Msm\" data-secret=\"DfGhiO6Msm\" width=\"600\" height=\"338\" frameborder=\"0\" marginwidth=\"0\" marginheight=\"0\" scrolling=\"no\"><\/iframe><\/p>\n<p>17.01. 2024:<\/p>\n<blockquote class=\"wp-embedded-content\" data-secret=\"8dSHxeNypX\"><p><a href=\"https:\/\/www.uutispeili.fi\/index.php\/2024\/01\/17\/suomalaisyritykset-kuolemankauppiaina-syytteet-kahdelle-yritykselle-sotatarvike-viennista-venajalle\/\">Suomalaisyritykset kuolemankauppiaina: Syytteet kahdelle yritykselle sotatarvike-viennist\u00e4 Ven\u00e4j\u00e4lle<\/a><\/p><\/blockquote>\n<p><iframe class=\"wp-embedded-content\" sandbox=\"allow-scripts\" security=\"restricted\" style=\"position: absolute; clip: rect(1px, 1px, 1px, 1px);\" title=\"&#8221;Suomalaisyritykset kuolemankauppiaina: Syytteet kahdelle yritykselle sotatarvike-viennist\u00e4 Ven\u00e4j\u00e4lle&#8221; &#8212; \" src=\"https:\/\/www.uutispeili.fi\/index.php\/2024\/01\/17\/suomalaisyritykset-kuolemankauppiaina-syytteet-kahdelle-yritykselle-sotatarvike-viennista-venajalle\/embed\/#?secret=ZNGOKYPTj9#?secret=8dSHxeNypX\" data-secret=\"8dSHxeNypX\" width=\"600\" height=\"338\" frameborder=\"0\" marginwidth=\"0\" marginheight=\"0\" scrolling=\"no\"><\/iframe><\/p>\n<p>14.11. 2025:<\/p>\n<blockquote class=\"wp-embedded-content\" data-secret=\"fBREoRndZY\"><p><a href=\"https:\/\/www.uutispeili.fi\/index.php\/2025\/11\/14\/suomi-valmistautuu-droonien-kayttoon-omista-lahtokohdistaan\/\">Suomi valmistautuu droonien k\u00e4ytt\u00f6\u00f6n omista l\u00e4ht\u00f6kohdistaan<\/a><\/p><\/blockquote>\n<p><iframe class=\"wp-embedded-content\" sandbox=\"allow-scripts\" security=\"restricted\" style=\"position: absolute; clip: rect(1px, 1px, 1px, 1px);\" title=\"&#8221;Suomi valmistautuu droonien k\u00e4ytt\u00f6\u00f6n omista l\u00e4ht\u00f6kohdistaan&#8221; &#8212; \" src=\"https:\/\/www.uutispeili.fi\/index.php\/2025\/11\/14\/suomi-valmistautuu-droonien-kayttoon-omista-lahtokohdistaan\/embed\/#?secret=TwSCZKmaqh#?secret=fBREoRndZY\" data-secret=\"fBREoRndZY\" width=\"600\" height=\"338\" frameborder=\"0\" marginwidth=\"0\" marginheight=\"0\" scrolling=\"no\"><\/iframe><\/p>\n<p>30.09. 2025:<\/p>\n<blockquote class=\"wp-embedded-content\" data-secret=\"Xi0RHvLOg3\"><p><a href=\"https:\/\/www.uutispeili.fi\/index.php\/2025\/09\/30\/poliisi-seuraa-droonitilannetta-suomessa-yhdessa-muiden-viranomaisten-kanssa\/\">Poliisi seuraa droonitilannetta Suomessa yhdess\u00e4 muiden viranomaisten kanssa<\/a><\/p><\/blockquote>\n<p><iframe class=\"wp-embedded-content\" sandbox=\"allow-scripts\" security=\"restricted\" style=\"position: absolute; clip: rect(1px, 1px, 1px, 1px);\" title=\"&#8221;Poliisi seuraa droonitilannetta Suomessa yhdess\u00e4 muiden viranomaisten kanssa&#8221; &#8212; \" src=\"https:\/\/www.uutispeili.fi\/index.php\/2025\/09\/30\/poliisi-seuraa-droonitilannetta-suomessa-yhdessa-muiden-viranomaisten-kanssa\/embed\/#?secret=61nBj8olQR#?secret=Xi0RHvLOg3\" data-secret=\"Xi0RHvLOg3\" width=\"600\" height=\"338\" frameborder=\"0\" marginwidth=\"0\" marginheight=\"0\" scrolling=\"no\"><\/iframe><\/p>\n<p>20.08. 2024:<\/p>\n<blockquote class=\"wp-embedded-content\" data-secret=\"WWUPJdk8FB\"><p><a href=\"https:\/\/www.uutispeili.fi\/index.php\/2024\/08\/23\/uhkaako-poliisin-resurssipula-jo-kansallista-turvallisuutta\/\">Uhkaako poliisin resurssipula jo kansallista turvallisuutta<\/a><\/p><\/blockquote>\n<p><iframe class=\"wp-embedded-content\" sandbox=\"allow-scripts\" security=\"restricted\" style=\"position: absolute; clip: rect(1px, 1px, 1px, 1px);\" title=\"&#8221;Uhkaako poliisin resurssipula jo kansallista turvallisuutta&#8221; &#8212; \" src=\"https:\/\/www.uutispeili.fi\/index.php\/2024\/08\/23\/uhkaako-poliisin-resurssipula-jo-kansallista-turvallisuutta\/embed\/#?secret=lqCwCDQrdN#?secret=WWUPJdk8FB\" data-secret=\"WWUPJdk8FB\" width=\"600\" height=\"338\" frameborder=\"0\" marginwidth=\"0\" marginheight=\"0\" scrolling=\"no\"><\/iframe><\/p>\n<p>01.06. 2025:<\/p>\n<blockquote class=\"wp-embedded-content\" data-secret=\"p6tTrJEz4A\"><p><a href=\"https:\/\/www.uutispeili.fi\/index.php\/2025\/06\/01\/ukraina-vahan-dronetti-yli-40-raskasta-pommittajaa-pareina\/\">Ukraina v\u00e4h\u00e4n dronetti: Yli 40 raskasta pommittajaa p\u00e4rein\u00e4<\/a><\/p><\/blockquote>\n<p><iframe class=\"wp-embedded-content\" sandbox=\"allow-scripts\" security=\"restricted\" style=\"position: absolute; clip: rect(1px, 1px, 1px, 1px);\" title=\"&#8221;Ukraina v\u00e4h\u00e4n dronetti: Yli 40 raskasta pommittajaa p\u00e4rein\u00e4&#8221; &#8212; \" src=\"https:\/\/www.uutispeili.fi\/index.php\/2025\/06\/01\/ukraina-vahan-dronetti-yli-40-raskasta-pommittajaa-pareina\/embed\/#?secret=vAg7LhRmFA#?secret=p6tTrJEz4A\" data-secret=\"p6tTrJEz4A\" width=\"600\" height=\"338\" frameborder=\"0\" marginwidth=\"0\" marginheight=\"0\" scrolling=\"no\"><\/iframe><\/p>\n","protected":false},"excerpt":{"rendered":"<p>Varhain keskiviikkoaamuna Ven\u00e4j\u00e4n ilmatilasta Viroon lent\u00e4nyt UAV t\u00f6rm\u00e4si Auveren voimalaitoksen savupiippuun. Tapaus ei vaarantanut s\u00e4hk\u00f6njakelua, eik\u00e4 kukaan loukkaantunut, mutta huoleen on aihetta. It\u00e4-Virumaalla, -l\u00e4hell\u00e4 Narvaa ja siis Ven\u00e4j\u00e4n rajaa- sijaitseva Enefit Powerin Auveren voimalaitos on osa Viron energianjakelua, -ja siten strateginen resurssi. T\u00e4m\u00e4nkaltaista laitosta on nyt h\u00e4iritty. Viron sis\u00e4isen turvallisuuspalvelun mukaan drooni osui voimalan savupiippuun [&hellip;]<\/p>\n","protected":false},"author":3,"featured_media":11694,"comment_status":"open","ping_status":"open","sticky":false,"template":"","format":"standard","meta":{"footnotes":""},"categories":[71,86,210],"tags":[],"_links":{"self":[{"href":"https:\/\/www.uutispeili.fi\/index.php\/wp-json\/wp\/v2\/posts\/11693"}],"collection":[{"href":"https:\/\/www.uutispeili.fi\/index.php\/wp-json\/wp\/v2\/posts"}],"about":[{"href":"https:\/\/www.uutispeili.fi\/index.php\/wp-json\/wp\/v2\/types\/post"}],"author":[{"embeddable":true,"href":"https:\/\/www.uutispeili.fi\/index.php\/wp-json\/wp\/v2\/users\/3"}],"replies":[{"embeddable":true,"href":"https:\/\/www.uutispeili.fi\/index.php\/wp-json\/wp\/v2\/comments?post=11693"}],"version-history":[{"count":2,"href":"https:\/\/www.uutispeili.fi\/index.php\/wp-json\/wp\/v2\/posts\/11693\/revisions"}],"predecessor-version":[{"id":11697,"href":"https:\/\/www.uutispeili.fi\/index.php\/wp-json\/wp\/v2\/posts\/11693\/revisions\/11697"}],"wp:featuredmedia":[{"embeddable":true,"href":"https:\/\/www.uutispeili.fi\/index.php\/wp-json\/wp\/v2\/media\/11694"}],"wp:attachment":[{"href":"https:\/\/www.uutispeili.fi\/index.php\/wp-json\/wp\/v2\/media?parent=11693"}],"wp:term":[{"taxonomy":"category","embeddable":true,"href":"https:\/\/www.uutispeili.fi\/index.php\/wp-json\/wp\/v2\/categories?post=11693"},{"taxonomy":"post_tag","embeddable":true,"href":"https:\/\/www.uutispeili.fi\/index.php\/wp-json\/wp\/v2\/tags?post=11693"}],"curies":[{"name":"wp","href":"https:\/\/api.w.org\/{rel}","templated":true}]}}