{"id":11670,"date":"2026-03-24T16:00:18","date_gmt":"2026-03-24T14:00:18","guid":{"rendered":"https:\/\/www.uutispeili.fi\/?p=11670"},"modified":"2026-03-24T16:00:19","modified_gmt":"2026-03-24T14:00:19","slug":"sodan-tarkoitus-on-sotiminen","status":"publish","type":"post","link":"https:\/\/www.uutispeili.fi\/index.php\/2026\/03\/24\/sodan-tarkoitus-on-sotiminen\/","title":{"rendered":"Sodan tarkoitus on sotiminen"},"content":{"rendered":"<p><strong>Samaan aikaan, kun Israelin uskonnolliskonservatiivinen puolustusministeri Jisrael Katz pommittaa Iranin kaupunkeja, L\u00e4nsirannan juutalaissiirtokuntien asukkaat tekev\u00e4t kaikkensa saadakseen palestiinalaiset hermostumaan. Sodan kuvio alkaa hahmottumaan.<\/strong><\/p>\n<p>(Kuvaan on k\u00e4ytetty Nina Paley:n aineistoa.)<\/p>\n<p>Yleisen k\u00e4sityksen mukaan <strong>Yhdysvaltain<\/strong> presidentti <strong>Donald Trump<\/strong> ja <strong>Israel<\/strong>in p\u00e4\u00e4ministeri <strong>Benjamin<\/strong> <strong>Netanyahu<\/strong> aloittivat hy\u00f6kk\u00e4ykset <strong>Iran<\/strong>iin (28.02.) saadakseen <strong><em>uskonnollisten konservatiivien<\/em><\/strong> johtaman <strong>Iran<\/strong>in suostumaan neuvottelemaan mahdollisista <strong><em>ydinase<\/em><\/strong>-hankkeista, ja <strong><em>uraanin rikastamisest<\/em><\/strong>a, luopumisesta.<\/p>\n<p>Yhdysvallat ja Iranin olivat kuitenkin jo neuvottelup\u00f6yd\u00e4ss\u00e4 -viimeksi <strong>Geneve<\/strong>ss\u00e4 <em>torstaina<\/em> <em>26. helmikuuta<\/em>, ja kierroksen piti jatkua <em>maanantaina 02.03<\/em>. <strong>Wien<\/strong>iss\u00e4. -Eiv\u00e4th\u00e4n se jatku, kun Trump pommitti <em>lauantaina<\/em> <em>28. helmikuuta<\/em> mm, <strong>Teheran<\/strong>ia, kohdistaen Iranin ylimp\u00e4\u00e4n johtoon.<\/p>\n<p>Neuvotteluja Genevess\u00e4 v\u00e4litt\u00e4neen <strong>Oman<\/strong>in emiirikunnan ulkoministerin mukaan neuvottelut olivat l\u00e4henem\u00e4ss\u00e4 l\u00e4pimurtoa. Iranin ulkoministerin mukaan delegaatiolla oli &#8217;korkeimman johtajan (edesmenneen Ali-Khamenein) suostumus my\u00f6nnytyksiin, -mm. luopumiseen <strong>rikastetun uraanin<\/strong> s\u00e4ilytt\u00e4misest\u00e4 Iranin maaper\u00e4ll\u00e4.<\/p>\n<p>Iranissa on maallinen hallinto, -kuten yleens\u00e4 muuallakin- ja uskonnollinen &#8221;<em>korkein johtaja<\/em>&#8221;, jonka auktoriteettiin vedotaan tarvittaessa. Maallisen hallinnon, -presidentti ja ministerit ja parlamentti- lis\u00e4ksi valtaa jakaa sotilaallinen koneisto: Armeija ja &#8217;<em>vallankumouskaarti&#8217;<\/em> <strong>IRGC<\/strong>.<\/p>\n<p>Elokuun 2024 j\u00e4lkeen, kun reformistina mainittu <strong>Masoud Pezeshkia<\/strong>n voitti presidentinvaaleissa, -konservatiivien k\u00e4rsiess\u00e4 r\u00f6k\u00e4letappion- presidentin virka ja hallitus ovat olleet reformisteilla (&#8221;<em>demokraateilla<\/em>&#8221;), mutta parlamentti konservatiiveilla (&#8221;<em>republikaaneilla<\/em>&#8221;), -mik\u00e4 lienee lis\u00e4nnyt korkeimman johtajan vaikutusvaltaa.<\/p>\n<p>Ensimm\u00e4inen &#8217;<em>demarien<\/em>&#8217; ja &#8217;<em>reppanoiden<\/em>&#8217; yhteent\u00f6rm\u00e4ys oli joulukuussa 2024: Pezeshkian kielt\u00e4ytyi allekirjoittamasta parlamentin <strong>uskonnolliskonservatiivien<\/strong> (<em>shia-islamistien<\/em>) s\u00e4\u00e4t\u00e4m\u00e4\u00e4 -siis jo hyv\u00e4ksytty\u00e4- entist\u00e4 tiukempaa <strong><em>huivilakia<\/em><\/strong> (uskonnollisen pukeutumisen pakko). &#8217;<em>Ylimp\u00e4\u00e4n johtajaan<\/em>&#8217; <strong>Ali Khameneihi<\/strong>n ei tapauksessa vedottu, joten emme tied\u00e4 h\u00e4nen kantaansa.<\/p>\n<p>Jo ennen presidentivaalikampanjaansa Pezeshkian on tietojen mukaan varmistanut itselleen IRGC:v tuen, -tai ainakin riitt\u00e4v\u00e4n monen vaikutusvaltaisen korkean upseerin suostumuksen uudistuslinjalleen. -Ovatko he yh\u00e4 hengiss\u00e4, sit\u00e4 emme tied\u00e4.<\/p>\n<p>Pezeskianin kauden alkaessa Iranin talous oli kuralla, ja &#8217;<strong><em>moraalipoliisin<\/em><\/strong>&#8217; v\u00e4kivaltaisuus nuoria naisia ja tytt\u00f6j\u00e4 kohtaan oli saanut Iranin kapinan partaalle. Mielenosoitukset -ja my\u00f6s lakot mm. kuljetusalalla- olivat levinneet koko maahan, ja nuoriso kapinoi kaduilla.<\/p>\n<p>&#8217;<em>Iranin islamilaisen tasavallan<\/em>&#8217; (-on se sen virallinen nimi) valtiomuodon jatkuminen -jopa kaaoksen v\u00e4ltt\u00e4minen?- vaatii uudistuksia ja pahimman islamismin poiskitkemist\u00e4-ymm\u00e4rrettiin Pezeshkianin esikunnassa. Ik\u00e4v\u00e4\u00e4 h\u00e4nelle, uudistajan teht\u00e4v\u00e4 on usein toivoton, -kuten mm. <strong>Mihail Gorbatshov<\/strong> tuli oppimaan: Saadessaan vapautta ihmiset helposti vaativat sit\u00e4 lis\u00e4\u00e4, ja menneet sortotoimet on jotenkin kuitattava.<\/p>\n<p>Iran oli Pezeshkianin aloittaessa v\u00e4h\u00e4n samassa tilassa, kuin <strong>Ven\u00e4j\u00e4<\/strong> t\u00e4n\u00e4\u00e4n: Elinkustannukset karkaavat, infra rapistuu, palvelut heikkenee ja jopa <strong>liikennepolttoaineen<\/strong> jakelu p\u00e4tki, -huolimatta koko maan laajuiset mielenilmaisut her\u00e4tt\u00e4neist\u00e4 hinnankorotuksista.<\/p>\n<p>(Jatkuu linkin j\u00e4lkeen.)<\/p>\n<p>04.09. 2024:<\/p>\n<blockquote class=\"wp-embedded-content\" data-secret=\"yzH0BmSdiG\"><p><a href=\"https:\/\/www.uutispeili.fi\/index.php\/2024\/09\/04\/iranilais-lehti-meilla-ei-ole-bensaa-loman-aikana-menneisyyden-perinto-ja-oljyministerion-huolimattomuus-teki-kesaloman-katkeraksi\/\">Iranilais-lehti: &#8221;Meill\u00e4 ei ole bensaa loman aikana! -Menneisyyden perint\u00f6 ja \u00f6ljyministeri\u00f6n huolimattomuus teki kes\u00e4loman katkeraksi&#8221;<\/a><\/p><\/blockquote>\n<p><iframe class=\"wp-embedded-content\" sandbox=\"allow-scripts\" security=\"restricted\" style=\"position: absolute; clip: rect(1px, 1px, 1px, 1px);\" title=\"&#8221;Iranilais-lehti: &#8221;Meill\u00e4 ei ole bensaa loman aikana! -Menneisyyden perint\u00f6 ja \u00f6ljyministeri\u00f6n huolimattomuus teki kes\u00e4loman katkeraksi&#8221;&#8221; &#8212; \" src=\"https:\/\/www.uutispeili.fi\/index.php\/2024\/09\/04\/iranilais-lehti-meilla-ei-ole-bensaa-loman-aikana-menneisyyden-perinto-ja-oljyministerion-huolimattomuus-teki-kesaloman-katkeraksi\/embed\/#?secret=bH6cWb7XM2#?secret=yzH0BmSdiG\" data-secret=\"yzH0BmSdiG\" width=\"600\" height=\"338\" frameborder=\"0\" marginwidth=\"0\" marginheight=\"0\" scrolling=\"no\"><\/iframe><\/p>\n<p>Uskonnolliskonservatiivien dominoima parlamentti ei ollut kovin innostunut presidentin pyrkimyksist\u00e4, korkein (uskonnollinen) johtaja arvaamaton, ja IRGC piti kantansa omana tietonaan. Pezeshkianin ainoa mahdollisuus toteuttaa lupauksensa\u00a0 -elintason nousu ja vakaat olot- vain p\u00e4\u00e4sem\u00e4ll\u00e4 sopuun <strong>Yhdysvaltojen<\/strong> kanssa.<\/p>\n<p>Presidentti olikin antanut <strong><em>l\u00e4nteen<\/em><\/strong> selv\u00e4n signaalin: Huivilain pys\u00e4ytt\u00e4misen, ja toimet &#8217;moraalipoliisin&#8217; v\u00e4kivaltaa vastaan.<\/p>\n<p>(Jatkuu linkin j\u00e4lkeen.)<\/p>\n<p>03.12. 2024:<\/p>\n<blockquote class=\"wp-embedded-content\" data-secret=\"Y84RUEbAT8\"><p><a href=\"https:\/\/www.uutispeili.fi\/index.php\/2024\/12\/03\/iranin-presidentti-ei-pida-uudesta-tiukemmasta-hijab-laista\/\">Iranin presidentti ei pid\u00e4 uudesta tiukemmasta hijab-laista<\/a><\/p><\/blockquote>\n<p><iframe class=\"wp-embedded-content\" sandbox=\"allow-scripts\" security=\"restricted\" style=\"position: absolute; clip: rect(1px, 1px, 1px, 1px);\" title=\"&#8221;Iranin presidentti ei pid\u00e4 uudesta tiukemmasta hijab-laista&#8221; &#8212; \" src=\"https:\/\/www.uutispeili.fi\/index.php\/2024\/12\/03\/iranin-presidentti-ei-pida-uudesta-tiukemmasta-hijab-laista\/embed\/#?secret=vEfVL82Mju#?secret=Y84RUEbAT8\" data-secret=\"Y84RUEbAT8\" width=\"600\" height=\"338\" frameborder=\"0\" marginwidth=\"0\" marginheight=\"0\" scrolling=\"no\"><\/iframe><\/p>\n<p>Nyt vain odotettiin, onko &#8217;<em>Oval Officessa<\/em>&#8217; ja <strong>EU:n komissiossa<\/strong> poliittista lukutaitoa. (Kommentti: Turhaa saa odottaa, -ei sit\u00e4 l\u00f6ydy.)<\/p>\n<blockquote><p>Iranilaista yleis\u00f6\u00e4 valmisteltiin vastaanottamaan Iranin poliittista k\u00e4\u00e4nnett\u00e4 kertomalla laajalevikkisiss\u00e4 -ei-hallituksen \u00e4\u00e4ni- mediassa Iranin karut taloudelliset reunamerkit.<\/p><\/blockquote>\n<p>(Jatkuu linkin j\u00e4lkeen.)<\/p>\n<p>27.08. 2024:<\/p>\n<blockquote class=\"wp-embedded-content\" data-secret=\"V3cOqPyude\"><p><a href=\"https:\/\/www.uutispeili.fi\/index.php\/2024\/08\/27\/iranilaisen-taloustutkijan-nakemys-iranin-taloudesta-trump-vaara-pommi-ja-ystavat\/\">Iranilaisen taloustutkijan n\u00e4kemys Iranin taloudesta: &#8221;Trump-vaara&#8221;, pommi ja &#8217;yst\u00e4v\u00e4t&#8217;<\/a><\/p><\/blockquote>\n<p><iframe class=\"wp-embedded-content\" sandbox=\"allow-scripts\" security=\"restricted\" style=\"position: absolute; clip: rect(1px, 1px, 1px, 1px);\" title=\"&#8221;Iranilaisen taloustutkijan n\u00e4kemys Iranin taloudesta: &#8221;Trump-vaara&#8221;, pommi ja &#8217;yst\u00e4v\u00e4t&#8217;&#8221; &#8212; \" src=\"https:\/\/www.uutispeili.fi\/index.php\/2024\/08\/27\/iranilaisen-taloustutkijan-nakemys-iranin-taloudesta-trump-vaara-pommi-ja-ystavat\/embed\/#?secret=rqeOEhdnkm#?secret=V3cOqPyude\" data-secret=\"V3cOqPyude\" width=\"600\" height=\"338\" frameborder=\"0\" marginwidth=\"0\" marginheight=\"0\" scrolling=\"no\"><\/iframe><\/p>\n<ul>\n<li>Elintaso nousee ja kurjuus p\u00e4\u00e4ttyy vain p\u00e4\u00e4sem\u00e4ll\u00e4 irti pakotteista.<\/li>\n<li>Seh\u00e4n onnistuu vain luopumalla uskonnolliskonservatiivien 8sjia-islamistien) aloittamasta ydinase-projektista.<\/li>\n<li>My\u00f6s &#8221;<em>ysht\u00e4v\u00e4t<\/em>&#8221;, ns. &#8217;vastarinnan ketju&#8217; &#8211;<strong>Hamas<\/strong>, <strong>Hezbollah<\/strong>, <strong><em>huthi<\/em><\/strong>t ja <strong>Al-Assad<\/strong>&#8211; tulee heitt\u00e4\u00e4 bussin alle.<\/li>\n<\/ul>\n<p>Iranilaisten suuri enemmist\u00f6 tiesi -arkikokemuksestaan- ett\u00e4 jos ei em. nuoteilla menn\u00e4, Iran on itse siell\u00e4 bussin alla.<\/p>\n<h2>Kes\u00e4n 2025 pommitukset<\/h2>\n<p>Kes\u00e4kuussa 2025 tuli hankkeelle takaisku: <strong>Trump<\/strong> ja <strong>Netanyahu<\/strong> pommittivat Irania. Pommitukset alkoivat silloinkin kesken lupaaviksikin mainittujen Yhdysvallat-Iran neuvottelujen. &#8217;<em>Ovaalissa<\/em>&#8217; ei ehk\u00e4 uskottu neuvottelup\u00f6yd\u00e4ss\u00e4 puhuttuun, tai sitten uskottiin -ja panikoitiin? -Ja\/tai <strong>Jerusalem<\/strong>issa her\u00e4si suuri h\u00e4t\u00e4?<\/p>\n<p>(Jatkuu linkin j\u00e4lkeen.)<\/p>\n<p>Jerusalemin n\u00e4k\u00f6kulmaa voimme l\u00e4hesty\u00e4 maaliskuun-26 n\u00e4k\u00f6kulmasta:<\/p>\n<blockquote><p>Yhdysvallat on -ainakin kerran- ilmaissut Jerusalemin suuntaan, ettei &#8217;mit\u00e4\u00e4n Israelin alueellisia laajennuksia <strong>L\u00e4nsirannalla<\/strong> tulla hyv\u00e4ksym\u00e4\u00e4n.<\/p><\/blockquote>\n<p>-Miksi kielto, jos ei ole kiellett\u00e4v\u00e4\u00e4? Siin\u00e4p\u00e4 se.<\/p>\n<p>(Jatkuu linkin j\u00e4lkeen.)<\/p>\n<p>17.12. 2025:<\/p>\n<blockquote class=\"wp-embedded-content\" data-secret=\"ARXYRAEfXz\"><p><a href=\"https:\/\/www.uutispeili.fi\/index.php\/2025\/12\/17\/yhdysvallat-ei-salli-liittaa-mitaan-aluetta-lansirannasta-israeliin-mita-se-tarkoittaa\/\">Yhdysvallat ei salli &#8221;liitt\u00e4\u00e4 mit\u00e4\u00e4n aluetta &#8217;L\u00e4nsirannasta&#8217; Israeliin, -mit\u00e4 se tarkoittaa?<\/a><\/p><\/blockquote>\n<p><iframe class=\"wp-embedded-content\" sandbox=\"allow-scripts\" security=\"restricted\" style=\"position: absolute; clip: rect(1px, 1px, 1px, 1px);\" title=\"&#8221;Yhdysvallat ei salli &#8221;liitt\u00e4\u00e4 mit\u00e4\u00e4n aluetta &#8217;L\u00e4nsirannasta&#8217; Israeliin, -mit\u00e4 se tarkoittaa?&#8221; &#8212; \" src=\"https:\/\/www.uutispeili.fi\/index.php\/2025\/12\/17\/yhdysvallat-ei-salli-liittaa-mitaan-aluetta-lansirannasta-israeliin-mita-se-tarkoittaa\/embed\/#?secret=yFFTWwOR6M#?secret=ARXYRAEfXz\" data-secret=\"ARXYRAEfXz\" width=\"600\" height=\"338\" frameborder=\"0\" marginwidth=\"0\" marginheight=\"0\" scrolling=\"no\"><\/iframe><\/p>\n<p>Muistamme, ett\u00e4 Netanyahun ministerist\u00f6n <strong><em>uskonnolliskonservatiivit<\/em><\/strong> (\u00e4\u00e4rijuutalaiset) ministerit, <strong>Jisrael<\/strong> <strong>Katz<\/strong> ja <strong>Bezazel Smotrich<\/strong> uhkailivat hallituksen kaatamisella jo ennen Trumpin laatiman <strong>Gaza<\/strong>n rauhansuunnitelman hyv\u00e4ksymist\u00e4:<\/p>\n<blockquote><p>&#8217;Jos p\u00e4\u00e4ministeri Netanyahu allekirjoittaa Gazan <strong>aselepo- ja panttivankisopimukse<\/strong>n, kaadamme hallituksen!&#8221;<\/p><\/blockquote>\n<p>&#8217;Bibi&#8217; uskalsi kuitata sopparin. -Ja mik\u00e4s allekirjoittaessa, kun <strong>Knesset<\/strong>in oppositiojohtaja <strong>Jair Lapid<\/strong> oli jo vuotta aiemmin ilmoittanut sitoutumisensa Netanyahin regiimin pysyvyyteen Gazan sodan kest\u00e4ess\u00e4:<\/p>\n<p>(Jatkuu linkin j\u00e4lkeen.)<\/p>\n<p>08.07. 2024:<\/p>\n<blockquote class=\"wp-embedded-content\" data-secret=\"mCGzn9KL8Y\"><p><a href=\"https:\/\/www.uutispeili.fi\/index.php\/2024\/07\/08\/oppositiopuolue-lupaa-tukea-netanyahua-jos-jyrkanlinjan-puolueet-eroavat-hallituksesta-aselevon-takia\/\">Oppositiopuolue lupaa tukea Netanyahua, jos jyrk\u00e4nlinjan puolueet eroavat hallituksesta aselevon takia<\/a><\/p><\/blockquote>\n<p><iframe class=\"wp-embedded-content\" sandbox=\"allow-scripts\" security=\"restricted\" style=\"position: absolute; clip: rect(1px, 1px, 1px, 1px);\" title=\"&#8221;Oppositiopuolue lupaa tukea Netanyahua, jos jyrk\u00e4nlinjan puolueet eroavat hallituksesta aselevon takia&#8221; &#8212; \" src=\"https:\/\/www.uutispeili.fi\/index.php\/2024\/07\/08\/oppositiopuolue-lupaa-tukea-netanyahua-jos-jyrkanlinjan-puolueet-eroavat-hallituksesta-aselevon-takia\/embed\/#?secret=lIyO1z6Rs6#?secret=mCGzn9KL8Y\" data-secret=\"mCGzn9KL8Y\" width=\"600\" height=\"338\" frameborder=\"0\" marginwidth=\"0\" marginheight=\"0\" scrolling=\"no\"><\/iframe><\/p>\n<blockquote><p>&#8217;Jos (Netanyahun) hallituksen (\u00e4\u00e4ri)oikeistopuolueet uhkaavat hallituskriisill\u00e4 Gazan aseleposopimuksen allekirjoittamisen seurauksena, oppositio \u00e4\u00e4nest\u00e4\u00e4 Knessetiss\u00e4 hallituksen luottamuksen puolesta.&#8217;<\/p><\/blockquote>\n<p>Kovaa puhetta Lapidilta, eik\u00e4 hallitus kaatunut. -Jos t\u00e4st\u00e4 jatkamme nykyhetkeen, onko hallituksen laitaoikeiston asenne <em><strong>Iranin sotaan<\/strong><\/em>, -niin mik\u00e4?<\/p>\n<p>(Jatkuu linkin j\u00e4lkeen.)<\/p>\n<p>05.11. 2024:<\/p>\n<blockquote class=\"wp-embedded-content\" data-secret=\"4v2UrI54v7\"><p><a href=\"https:\/\/www.uutispeili.fi\/index.php\/2024\/11\/05\/aselepoa-vastustava-israel-katz-puolustusministeriksi-kansalaisjarjestot-kutsuvat-israelilaisia-mielenilmaisuihin\/\">Aselepoa vastustava Israel Katz puolustusministeriksi, kansalaisj\u00e4rjest\u00f6t kutsuvat israelilaisia mielenilmaisuihin (Suora l\u00e4hetys Tel Aviv:sta)<\/a><\/p><\/blockquote>\n<p><iframe class=\"wp-embedded-content\" sandbox=\"allow-scripts\" security=\"restricted\" style=\"position: absolute; clip: rect(1px, 1px, 1px, 1px);\" title=\"&#8221;Aselepoa vastustava Israel Katz puolustusministeriksi, kansalaisj\u00e4rjest\u00f6t kutsuvat israelilaisia mielenilmaisuihin (Suora l\u00e4hetys Tel Aviv:sta)&#8221; &#8212; \" src=\"https:\/\/www.uutispeili.fi\/index.php\/2024\/11\/05\/aselepoa-vastustava-israel-katz-puolustusministeriksi-kansalaisjarjestot-kutsuvat-israelilaisia-mielenilmaisuihin\/embed\/#?secret=xOPOR5ipbO#?secret=4v2UrI54v7\" data-secret=\"4v2UrI54v7\" width=\"600\" height=\"338\" frameborder=\"0\" marginwidth=\"0\" marginheight=\"0\" scrolling=\"no\"><\/iframe><\/p>\n<p><strong>Israelin puolustusvoimie<\/strong>n (IDF:n) pommi-iskut 28.02. alkaen <strong>Teheran<\/strong>iin kohdistettiin heti alussa Teheranin hallintorakennuksiin, jopa tunnettujen poliittisten ja sotilaallisten johtohenkil\u00f6iden asuntoihin. Jo kes\u00e4kuun 2025 iskuissa huomattiin sama ilmi\u00f6, ja presidentti Pezeshkian kertoikin olleensa Israelin ihmismets\u00e4styksen kohde.<\/p>\n<p>(Jatkuu linkin j\u00e4lkeen.)<\/p>\n<p>07.07. 2025:<\/p>\n<blockquote class=\"wp-embedded-content\" data-secret=\"5j3rJbtGln\"><p><a href=\"https:\/\/www.uutispeili.fi\/index.php\/2025\/07\/07\/iranin-presidentti-vaittaa-israel-yritti-murhata-minut\/\">Iranin presidentti v\u00e4itt\u00e4\u00e4: &#8217;Israel yritti murhata minut&#8217;<\/a><\/p><\/blockquote>\n<p><iframe class=\"wp-embedded-content\" sandbox=\"allow-scripts\" security=\"restricted\" style=\"position: absolute; clip: rect(1px, 1px, 1px, 1px);\" title=\"&#8221;Iranin presidentti v\u00e4itt\u00e4\u00e4: &#8217;Israel yritti murhata minut&#8217;&#8221; &#8212; \" src=\"https:\/\/www.uutispeili.fi\/index.php\/2025\/07\/07\/iranin-presidentti-vaittaa-israel-yritti-murhata-minut\/embed\/#?secret=kcyhgeI9uz#?secret=5j3rJbtGln\" data-secret=\"5j3rJbtGln\" width=\"600\" height=\"338\" frameborder=\"0\" marginwidth=\"0\" marginheight=\"0\" scrolling=\"no\"><\/iframe><\/p>\n<p>T\u00e4ss\u00e4 vaiheessa onkin syyt\u00e4 kysy\u00e4, poimittiinko pommeilla pois riveist\u00e4 -ja neuvottelup\u00f6yd\u00e4st\u00e4- &#8221;<em>demareita<\/em>&#8221; vai &#8221;<em>republikaaneja<\/em>&#8221;? -Ja kuinka monta on yh\u00e4 j\u00e4ljell\u00e4 niist\u00e4 Iranin sotilasjohtajista, jotka ennen elokuun 2024 vaaleja rohkaisivat Pezeshkiania haastamaan (onnistuneesti) Iranin uskonnolliskonservatiivisen (shia-islamistit) vallan?<\/p>\n<p>Pezeskianin poliittinen p\u00e4\u00e4vastustaja tammikuussa 2025 -Iranin parlamentin uskonnolliskonservatiivinen (shia-islamisti) puhemies- onkin t\u00e4n\u00e4p\u00e4n\u00e4 <strong>Washington<\/strong>in vinkkelist\u00e4\u00a0 korkealla mahdollisten iranilaisten diilintekij\u00f6iden listalla, -jos joskus viel\u00e4 p\u00e4\u00e4st\u00e4\u00e4n neuvottelup\u00f6yt\u00e4\u00e4n asti.<\/p>\n<h2>Samaan aikaan L\u00e4nsirannalla: &#8217;<em>Siirtokuntalaiset&#8217;<\/em> sotajalalla<\/h2>\n<blockquote><p>Ainakin kymmenen palestiinalaisen kerrottiin loukkaantuneen sunnuntai-iltana, kun siirtokuntalaiset \u00e4\u00e4riryhmien j\u00e4senet polttivat autoja ja omaisuutta <strong>Pohjois-L\u00e4nsirannalla<\/strong> sijaitsevassa palestiinalaiskyl\u00e4ss\u00e4. Kyseess\u00e4 on viimeisin osa iskujen aaltoa, kirjoittaa Times of Israel (24.03. 2026.)<\/p><\/blockquote>\n<p>Lyhyesti: Israelilaisten <strong>siirtokuntalaisten<\/strong> &#8221;<em>kultainen nuoriso<\/em>&#8221; on noin vuoden ajan n\u00e4hnyt vaivaa tehd\u00e4kseen L\u00e4nsirannan palestiinalaisyen el\u00e4m\u00e4n mahdollisimman hankalaksi. H\u00e4irint\u00e4 on jo johtanut v\u00e4kivaltaisuuksiin, -my\u00f6s IDF:n sotilaita ja Israelin viranomaisia kohtaan.<\/p>\n<p>(Jatkuu linkin j\u00e4lkeen.)<\/p>\n<p>16.02. 2026:<\/p>\n<blockquote class=\"wp-embedded-content\" data-secret=\"Yz9PjZew5V\"><p><a href=\"https:\/\/www.uutispeili.fi\/index.php\/2026\/02\/16\/jerusalemissa-raamatullinen-meininki-aarijuutalaiset-ahdistelivat-kahta-israelilaista-nais-sotilasta-video\/\">Jerusalemissa &#8217;raamatullinen meininki&#8217;: \u00c4\u00e4rijuutalaiset ahdistelivat kahta israelilaista nais-sotilasta (VIDEO)<\/a><\/p><\/blockquote>\n<p><iframe class=\"wp-embedded-content\" sandbox=\"allow-scripts\" security=\"restricted\" style=\"position: absolute; clip: rect(1px, 1px, 1px, 1px);\" title=\"&#8221;Jerusalemissa &#8217;raamatullinen meininki&#8217;: \u00c4\u00e4rijuutalaiset ahdistelivat kahta israelilaista nais-sotilasta (VIDEO)&#8221; &#8212; \" src=\"https:\/\/www.uutispeili.fi\/index.php\/2026\/02\/16\/jerusalemissa-raamatullinen-meininki-aarijuutalaiset-ahdistelivat-kahta-israelilaista-nais-sotilasta-video\/embed\/#?secret=eMIULx1Y2J#?secret=Yz9PjZew5V\" data-secret=\"Yz9PjZew5V\" width=\"600\" height=\"338\" frameborder=\"0\" marginwidth=\"0\" marginheight=\"0\" scrolling=\"no\"><\/iframe><\/p>\n<p>Siirtokuntalaisnuoret ovat mm. ajelleet m\u00f6nkij\u00f6ill\u00e4 palestiinalaisten mailla, -my\u00f6s viljelyksill\u00e4- ja h\u00e4irnneet kylien el\u00e4m\u00e4\u00e4 kaikkina vuorokauden aikoina. Lehti kirjoittaa:<\/p>\n<blockquote><p>Hy\u00f6kk\u00e4ys tapahtui p\u00e4iv\u00e4\u00e4 sen j\u00e4lkeen, kun 18-vuotias siirtolainen <strong>Yehuda Sherman<\/strong> kuoli m\u00f6nkij\u00e4ns\u00e4 ja palestiinalaisen ajoneuvon t\u00f6rm\u00e4yksess\u00e4 L\u00e4nsirannan pohjoisosassa. Viranomaiset tutkivat tapausta mahdollisena terrori-iskuna. Tapauksen j\u00e4lkeen lauantaina tapahtui noin 20 siirtolaisten tekem\u00e4\u00e4 hy\u00f6kk\u00e4yst\u00e4 eri puolilla L\u00e4nsirannan kyli\u00e4, mukaan lukien tuhopolttoja, kivien heittely\u00e4 ja pahoinpitelyj\u00e4. (Time of Israel 24.03. 2026)<\/p><\/blockquote>\n<p>Emme tied\u00e4, ajeliko 18-vuotias jonkun palestiinalaisen pihapiiriss\u00e4, vai ei, mutta h\u00e4neen o\u00f6meisesti suhtauduttiin sen mukaisesti. Voi olla vahinko, voi olla tahallinen teko.<\/p>\n<blockquote><p>Siirtolais\u00e4\u00e4riliikkeen j\u00e4senet kokoontuivat uudelleen sunnuntaina (22.03.) noin kello 17. Palestiinan virallinen uutistoimisto WAFA raportoi samanaikaisista siirtolaishy\u00f6kk\u00e4yksist\u00e4 ainakin kuudessa L\u00e4nsirannan yhteis\u00f6ss\u00e4 y\u00f6n aikana, Jeninin alueelta pohjoisessa Etel\u00e4-Hebronin kukkuloille. (Time of Israel 24.03. 2026)<\/p><\/blockquote>\n<p><strong>Deir Khatab<\/strong>in kyl\u00e4ss\u00e4 siirtokuntalaiset hy\u00f6kk\u00e4\u00e4j\u00e4t sytyttiv\u00e4t tuleen useita ajoneuvoja ja rakenteita.\u00a0 Palestiinalaismedian mukaan uudisasukkaat yrittiv\u00e4t sytytt\u00e4\u00e4 ajoneuvoja ja klinikan tuleen <strong>Burqa<\/strong>n kyl\u00e4ss\u00e4 <strong>Ramallah<\/strong>in alueella sunnuntai-iltana (22.03.). V\u00e4likohtauksessa ei raportoitu loukkaantumisia.<\/p>\n<p>-Tuttua &#8217;<em>Intifada<\/em>&#8217;-meininki\u00e4, mutta tekij\u00f6in\u00e4 nuoret juutalaiset.<\/p>\n<p>Israelin viranomaiset pid\u00e4ttiv\u00e4t viisi siirtokuntalaista, ja ottivat haltuunsa aseita. Israelin puolustusvoimat ja poliisi tuomitsevat kaikki v\u00e4kivallanteot. Israelin puolustusvoimien esikuntap\u00e4\u00e4llikk\u00f6 kenraaliluutnantti <strong>Eyal Zamir<\/strong> kutsui viime viikolla siirtolaisten v\u00e4kivaltaa &#8221;<em>moraalisesti ja eettisesti mahdottomaksi hyv\u00e4ksy\u00e4<\/em>&#8221;.<\/p>\n<h2>Yhdysvalloista reagoitiin, puhelin-puhuttelulla Netanyahulle<\/h2>\n<p>Netanyahu piti jo 16. maaliskuuta h\u00e4t\u00e4puhelinkokouksen lis\u00e4\u00e4ntyneiden siirtolaisten hy\u00f6kk\u00e4ysten johdosta. Keskusteluun osallistuivat Zamir, <strong>Shin Bet<\/strong>in johtaja <strong>David Zini<\/strong>, puolustusministeri <strong>Yisrael Katz<\/strong> ja kansallisen turvallisuuden ministeri <strong>Itamar Ben-Gvir<\/strong>.<\/p>\n<blockquote><p>Viimeksi mainittuja pidet\u00e4\u00e4n siirtokuntiin suopeasti suhtautuvina, ja jotkut Netanyahun ministereist\u00e4 ovat mm. osallistuneet Gazasta v.2006 evakuoitujen siirtokuntien uudelleenperustamista vaativiin tilaisuuksiin.<\/p><\/blockquote>\n<h2>\u00c4\u00e4rioikeistolainen ministeri vaati Palestiinan itsehallinnon lakkauttamista<\/h2>\n<p>Yehuda Shermanin hautajaisissa \u00e4\u00e4rioikeistolainen (sanonta Times of Israelin) valtiovarainministeri <strong>Bezalel<\/strong> <strong>Smotrich<\/strong> vaati <strong>Palestiinan itsehallinnon<\/strong> (Palestiinalaishallitus, PA) lakkauttamista. -T\u00e4ss\u00e4 vaatimuksessa on hyvin ik\u00e4v\u00e4 ulottuvuus, sill\u00e4 palestiinalaishallinto, joka hallinnoi &#8217;L\u00e4nsirantaa&#8217;, on oleellinen v\u00e4line Gazan kolmivaiheisen rauhansuunnitelman toteuttamisessa: <strong>Hamas<\/strong>in aseistariisumisen ja siirtym\u00e4vaiheen vallinnon j\u00e4lkeen vastuu Gazan alueesta siirtyisi luontevasti t\u00e4t\u00e4 kirjoitettaessa Ranallahissa L\u00e4nsirannalla istuvalle &#8217;Palestiinan hallitukselle&#8217;, -siis sille orgaanille, jolle on ker\u00e4tty diplomaattisia tunnustuksia palestiinalaisten laillisena edustajana.<\/p>\n<blockquote><p>\u201dMe olemme kulkemassa heid\u00e4n [Shermanin ja h\u00e4nen liittolaistensa] tiet\u00e4 kukistaaksemme pahan ja terrorin vallan, jota kutsutaan Palestiinan itsehallinnoksi\u201d, valtiovarainministeri\u00a0Smotrich sanoi.<\/p><\/blockquote>\n<p>Israelin hallituksessakin on siis uskonnolliskonservatiivinsa (\u00e4\u00e4rijuutalaiset), joiden intressit n\u00e4ytt\u00e4v\u00e4t kohtaavan sek\u00e4 <strong>Teheran<\/strong>in uskonnolliskonservatiivien (shia-islamistien), ett\u00e4 Yhdysvaltain Keski-l\u00e4nnen ns. &#8217;<em><strong>raamattuvy\u00f6hykkeelt\u00e4<\/strong><\/em>&#8217; voimaansa hakevan uskonnolliskonservatismin (evankelis-kristillisen) el\u00e4hdytt\u00e4vien Trumpin regiimin ministeri-nuorukaisten ambitiot?<\/p>\n<p><img loading=\"lazy\" decoding=\"async\" class=\"aligncenter wp-image-11366 size-full\" src=\"https:\/\/www.uutispeili.fi\/wp-content\/uploads\/2026\/03\/hegseth-kingjames800450.png\" alt=\"\" width=\"800\" height=\"450\" srcset=\"https:\/\/www.uutispeili.fi\/wp-content\/uploads\/2026\/03\/hegseth-kingjames800450.png 800w, https:\/\/www.uutispeili.fi\/wp-content\/uploads\/2026\/03\/hegseth-kingjames800450-300x169.png 300w, https:\/\/www.uutispeili.fi\/wp-content\/uploads\/2026\/03\/hegseth-kingjames800450-768x432.png 768w\" sizes=\"(max-width: 800px) 100vw, 800px\" \/><\/p>\n<h2>Carl v.Clausewizt: Olisitpa tiennyt!<\/h2>\n<p>Tunnettu preussilainen sotateoreetikko, strategi ja Napoleonin sodissa kenraalina ruutia haistellut <strong>Carl von<\/strong> <strong>Clausewitz<\/strong> muistetaan parhaiten lausumastaan totuudesta:<\/p>\n<blockquote><p>&#8221;Sota on politiikan jatkamista, toisin keinoin.&#8221;<\/p><\/blockquote>\n<p>Kenraali Clausewitz teki sotatieteelle saman, mink\u00e4 <strong>Charles Darwin<\/strong> biologialle, <strong>Adam Smith<\/strong> taloustieteelle ja <strong>Edvard Westermark<\/strong> ihmisten joukkok\u00e4ytt\u00e4ytymisen tutkimiselle:\u00a0 He toivat kehittyneen faktapohjaisen tieteellisen metodin uudelle tutkimusalueelle. Clausewitzin aikana eurooppalaiset valtiot ratkaisivat poliittisia etujaan koskevia kiistoja marssittamalla armeijansa kentille.<\/p>\n<p>Kuten kenraali osoittikin, kaiken takana olivat taloudelliset ha valtaintressit. Sotaan ryhdyttiin, kun diplomatia yms. ei k\u00e4yty loppuun, ja j\u00e4ljelle j\u00e4i vain v\u00e4kivalta. T\u00e4n\u00e4\u00e4n L\u00e4hi-id\u00e4ss\u00e4, pian koko maailmassa- riehuva sotiminen alkoi toisin:<\/p>\n<blockquote><p>Neuvotteluissa oli uhkaamassa sopimus: Iran oli heitt\u00e4m\u00e4ss\u00e4 pyyhkeen keh\u00e4\u00e4n; &#8217;Ei me mit\u00e4\u00e4n ydinpommia&#8230; -annetaan uraanitkin pois.<\/p><\/blockquote>\n<h2>Mutta kun odotetun tulevan ison sodan syyt ovatkin uskonnolliset, eskatologiset ja apokalyptiset!<\/h2>\n<p>Hus, takaisin sotimaan siit\u00e4! &#8221;<em>Kaikkien maiden uskonnolliset hullut! <strong>Vereinigt euch!<\/strong> -Liitymme yhteiseen taisteluun!<\/em>&#8221; (Toisiamme vastaan.)<\/p>\n<p>Pekka Kemppainen<\/p>\n<p>Luettavaa:<\/p>\n<ul>\n<li><a href=\"https:\/\/www.timesofisrael.com\/10-reported-injured-as-settlers-torch-cars-property-in-west-bank-palestinian-town\/\" target=\"_blank\" rel=\"noopener\"><strong>The Times of Israel<\/strong><\/a> 23,03. 2026: <a href=\"https:\/\/www.timesofisrael.com\/10-reported-injured-as-settlers-torch-cars-property-in-west-bank-palestinian-town\/\" target=\"_blank\" rel=\"noopener\">Kymmenen loukkaantui uudisasukkaiden poltettua autoja ja omaisuutta L\u00e4nsirannan palestiinalaiskaupungissa; Hy\u00f6kk\u00e4ykseen reagoineet turvallisuusjoukot takavarikoivat aseita ja pid\u00e4ttiv\u00e4t viisi israelilaista<\/a>; poliisi loukkaantui uudisasukkaiden hy\u00f6kk\u00e4yksess\u00e4; hy\u00f6kk\u00e4ykset seuraavat 18-vuotiaan uudisasukkaan kuolemaa lauantaina terrorismina tutkitussa onnettomuudessa.<\/li>\n<\/ul>\n<h2>Aiempia uutisia:<\/h2>\n<p>04.03. 2026:<\/p>\n<blockquote class=\"wp-embedded-content\" data-secret=\"JM6ig7GCTG\"><p><a href=\"https:\/\/www.uutispeili.fi\/index.php\/2026\/03\/04\/kuka-on-oikeassa\/\">Kuka on oikeassa?<\/a><\/p><\/blockquote>\n<p><iframe class=\"wp-embedded-content\" sandbox=\"allow-scripts\" security=\"restricted\" style=\"position: absolute; clip: rect(1px, 1px, 1px, 1px);\" title=\"&#8221;Kuka on oikeassa?&#8221; &#8212; \" src=\"https:\/\/www.uutispeili.fi\/index.php\/2026\/03\/04\/kuka-on-oikeassa\/embed\/#?secret=os6P21zJBV#?secret=JM6ig7GCTG\" data-secret=\"JM6ig7GCTG\" width=\"600\" height=\"338\" frameborder=\"0\" marginwidth=\"0\" marginheight=\"0\" scrolling=\"no\"><\/iframe><\/p>\n<p>28.02. 2026;<\/p>\n<blockquote class=\"wp-embedded-content\" data-secret=\"GCI238UUwG\"><p><a href=\"https:\/\/www.uutispeili.fi\/index.php\/2026\/02\/28\/li-andersson-naiden-herrojen-toiminta-on-vaaraksi-meille-kaikille\/\">Li Andersson: &#8217;N\u00e4iden herrojen toiminta on vaaraksi meille kaikille&#8217;<\/a><\/p><\/blockquote>\n<p><iframe class=\"wp-embedded-content\" sandbox=\"allow-scripts\" security=\"restricted\" style=\"position: absolute; clip: rect(1px, 1px, 1px, 1px);\" title=\"&#8221;Li Andersson: &#8217;N\u00e4iden herrojen toiminta on vaaraksi meille kaikille&#8217;&#8221; &#8212; \" src=\"https:\/\/www.uutispeili.fi\/index.php\/2026\/02\/28\/li-andersson-naiden-herrojen-toiminta-on-vaaraksi-meille-kaikille\/embed\/#?secret=e6g9vqw5m4#?secret=GCI238UUwG\" data-secret=\"GCI238UUwG\" width=\"600\" height=\"338\" frameborder=\"0\" marginwidth=\"0\" marginheight=\"0\" scrolling=\"no\"><\/iframe><\/p>\n<p>26.02. 2026:<\/p>\n<blockquote class=\"wp-embedded-content\" data-secret=\"gfvfccWC3J\"><p><a href=\"https:\/\/www.uutispeili.fi\/index.php\/2026\/02\/26\/iranin-ja-yhdysvaltain-neuvotteluissa-merkittavaa-edistysta-genevessa\/\">Iranin ja Yhdysvaltain neuvotteluissa &#8217;merkitt\u00e4v\u00e4\u00e4 edistyst\u00e4&#8217; Genevess\u00e4<\/a><\/p><\/blockquote>\n<p><iframe class=\"wp-embedded-content\" sandbox=\"allow-scripts\" security=\"restricted\" style=\"position: absolute; clip: rect(1px, 1px, 1px, 1px);\" title=\"&#8221;Iranin ja Yhdysvaltain neuvotteluissa &#8217;merkitt\u00e4v\u00e4\u00e4 edistyst\u00e4&#8217; Genevess\u00e4&#8221; &#8212; \" src=\"https:\/\/www.uutispeili.fi\/index.php\/2026\/02\/26\/iranin-ja-yhdysvaltain-neuvotteluissa-merkittavaa-edistysta-genevessa\/embed\/#?secret=FfKbEzwW8Y#?secret=gfvfccWC3J\" data-secret=\"gfvfccWC3J\" width=\"600\" height=\"338\" frameborder=\"0\" marginwidth=\"0\" marginheight=\"0\" scrolling=\"no\"><\/iframe><\/p>\n<p>01.08. 2025:<\/p>\n<blockquote class=\"wp-embedded-content\" data-secret=\"QOMEakOucV\"><p><a href=\"https:\/\/www.uutispeili.fi\/index.php\/2025\/08\/01\/diplomaattisesti-tunnustettu-palestiinan-valtio-tulee-olemaan-tarpeellinen-gazan-rauhoittamisessa-stubb-ja-valtonen-oikealla-asialla\/\">Diplomaattisesti tunnustettu Palestiinan valtio tulee olemaan tarpeellinen Gazan rauhoittamisessa: Stubb ja Valtonen oikealla asialla<\/a><\/p><\/blockquote>\n<p><iframe class=\"wp-embedded-content\" sandbox=\"allow-scripts\" security=\"restricted\" style=\"position: absolute; clip: rect(1px, 1px, 1px, 1px);\" title=\"&#8221;Diplomaattisesti tunnustettu Palestiinan valtio tulee olemaan tarpeellinen Gazan rauhoittamisessa: Stubb ja Valtonen oikealla asialla&#8221; &#8212; \" src=\"https:\/\/www.uutispeili.fi\/index.php\/2025\/08\/01\/diplomaattisesti-tunnustettu-palestiinan-valtio-tulee-olemaan-tarpeellinen-gazan-rauhoittamisessa-stubb-ja-valtonen-oikealla-asialla\/embed\/#?secret=QmeVRZBpVQ#?secret=QOMEakOucV\" data-secret=\"QOMEakOucV\" width=\"600\" height=\"338\" frameborder=\"0\" marginwidth=\"0\" marginheight=\"0\" scrolling=\"no\"><\/iframe><\/p>\n<p>06.06. 2024:<\/p>\n<blockquote class=\"wp-embedded-content\" data-secret=\"MOHpRjI3ne\"><p><a href=\"https:\/\/www.uutispeili.fi\/index.php\/2024\/06\/06\/miten-kay-hamasin-kahden-valtion-mallissa-israelilainen-tarkastelu\/\">Miten k\u00e4y Hamasin &#8217;kahden valtion mallissa&#8217;, -israelilainen tarkastelu<\/a><\/p><\/blockquote>\n<p><iframe class=\"wp-embedded-content\" sandbox=\"allow-scripts\" security=\"restricted\" style=\"position: absolute; clip: rect(1px, 1px, 1px, 1px);\" title=\"&#8221;Miten k\u00e4y Hamasin &#8217;kahden valtion mallissa&#8217;, -israelilainen tarkastelu&#8221; &#8212; \" src=\"https:\/\/www.uutispeili.fi\/index.php\/2024\/06\/06\/miten-kay-hamasin-kahden-valtion-mallissa-israelilainen-tarkastelu\/embed\/#?secret=8xrdI8G2uz#?secret=MOHpRjI3ne\" data-secret=\"MOHpRjI3ne\" width=\"600\" height=\"338\" frameborder=\"0\" marginwidth=\"0\" marginheight=\"0\" scrolling=\"no\"><\/iframe><\/p>\n<p>10.10. 2025:<\/p>\n<blockquote class=\"wp-embedded-content\" data-secret=\"cC4QMwoFQw\"><p><a href=\"https:\/\/www.uutispeili.fi\/index.php\/2025\/10\/10\/knesset-hyvaksyi-aselevon-ben-gvir-uhkaa-kaataa-hallituksen-jos-hamasia-ei-tuhota\/\">Israelin hallitus hyv\u00e4ksyi aselevon, Ben-Gvir uhkaa kaataa hallituksen, jos Hamasia ei tuhota<\/a><\/p><\/blockquote>\n<p><iframe class=\"wp-embedded-content\" sandbox=\"allow-scripts\" security=\"restricted\" style=\"position: absolute; clip: rect(1px, 1px, 1px, 1px);\" title=\"&#8221;Israelin hallitus hyv\u00e4ksyi aselevon, Ben-Gvir uhkaa kaataa hallituksen, jos Hamasia ei tuhota&#8221; &#8212; \" src=\"https:\/\/www.uutispeili.fi\/index.php\/2025\/10\/10\/knesset-hyvaksyi-aselevon-ben-gvir-uhkaa-kaataa-hallituksen-jos-hamasia-ei-tuhota\/embed\/#?secret=CYGe7Y0AZt#?secret=cC4QMwoFQw\" data-secret=\"cC4QMwoFQw\" width=\"600\" height=\"338\" frameborder=\"0\" marginwidth=\"0\" marginheight=\"0\" scrolling=\"no\"><\/iframe><\/p>\n<p>30.07. 2025:<\/p>\n<blockquote class=\"wp-embedded-content\" data-secret=\"blNRfBYCaz\"><p><a href=\"https:\/\/www.uutispeili.fi\/index.php\/2025\/07\/30\/israelin-suunnitelmat-liittaa-osa-gazasta-alueisiinsa-kiistetaan\/\">Israelin suunnitelmat liitt\u00e4\u00e4 osa Gazasta alueisiinsa kiistet\u00e4\u00e4n<\/a><\/p><\/blockquote>\n<p><iframe class=\"wp-embedded-content\" sandbox=\"allow-scripts\" security=\"restricted\" style=\"position: absolute; clip: rect(1px, 1px, 1px, 1px);\" title=\"&#8221;Israelin suunnitelmat liitt\u00e4\u00e4 osa Gazasta alueisiinsa kiistet\u00e4\u00e4n&#8221; &#8212; \" src=\"https:\/\/www.uutispeili.fi\/index.php\/2025\/07\/30\/israelin-suunnitelmat-liittaa-osa-gazasta-alueisiinsa-kiistetaan\/embed\/#?secret=gS8gQuxI1j#?secret=blNRfBYCaz\" data-secret=\"blNRfBYCaz\" width=\"600\" height=\"338\" frameborder=\"0\" marginwidth=\"0\" marginheight=\"0\" scrolling=\"no\"><\/iframe><\/p>\n<p>28.06. 2025:<\/p>\n<blockquote class=\"wp-embedded-content\" data-secret=\"WTevIRV5yS\"><p><a href=\"https:\/\/www.uutispeili.fi\/index.php\/2025\/06\/28\/israelin-hallituspuolueet-ja-oppositio-tuomitsevat-juutalais-mellakoitsijoiden-hyokkayksen-israelin-sotilaita-vastaan-lansirannalla\/\">Israelin hallituspuolueet ja oppositio tuomitsevat juutalais-mellakoitsijoiden hy\u00f6kk\u00e4yksen Israelin sotilaita vastaan L\u00e4nsirannalla<\/a><\/p><\/blockquote>\n<p><iframe class=\"wp-embedded-content\" sandbox=\"allow-scripts\" security=\"restricted\" style=\"position: absolute; clip: rect(1px, 1px, 1px, 1px);\" title=\"&#8221;Israelin hallituspuolueet ja oppositio tuomitsevat juutalais-mellakoitsijoiden hy\u00f6kk\u00e4yksen Israelin sotilaita vastaan L\u00e4nsirannalla&#8221; &#8212; \" src=\"https:\/\/www.uutispeili.fi\/index.php\/2025\/06\/28\/israelin-hallituspuolueet-ja-oppositio-tuomitsevat-juutalais-mellakoitsijoiden-hyokkayksen-israelin-sotilaita-vastaan-lansirannalla\/embed\/#?secret=JT8h8fJ2ZB#?secret=WTevIRV5yS\" data-secret=\"WTevIRV5yS\" width=\"600\" height=\"338\" frameborder=\"0\" marginwidth=\"0\" marginheight=\"0\" scrolling=\"no\"><\/iframe><\/p>\n<p>09.10. 2025:<\/p>\n<blockquote class=\"wp-embedded-content\" data-secret=\"21fmhiUuUD\"><p><a href=\"https:\/\/www.uutispeili.fi\/index.php\/2025\/10\/09\/netanyahun-hallituskumppani-torjuu-aselevon\/\">Netanyahun hallituskumppani torjuu aselevon<\/a><\/p><\/blockquote>\n<p><iframe class=\"wp-embedded-content\" sandbox=\"allow-scripts\" security=\"restricted\" style=\"position: absolute; clip: rect(1px, 1px, 1px, 1px);\" title=\"&#8221;Netanyahun hallituskumppani torjuu aselevon&#8221; &#8212; \" src=\"https:\/\/www.uutispeili.fi\/index.php\/2025\/10\/09\/netanyahun-hallituskumppani-torjuu-aselevon\/embed\/#?secret=jN0euqwjHj#?secret=21fmhiUuUD\" data-secret=\"21fmhiUuUD\" width=\"600\" height=\"338\" frameborder=\"0\" marginwidth=\"0\" marginheight=\"0\" scrolling=\"no\"><\/iframe><\/p>\n","protected":false},"excerpt":{"rendered":"<p>Samaan aikaan, kun Israelin uskonnolliskonservatiivinen puolustusministeri Jisrael Katz pommittaa Iranin kaupunkeja, L\u00e4nsirannan juutalaissiirtokuntien asukkaat tekev\u00e4t kaikkensa saadakseen palestiinalaiset hermostumaan. Sodan kuvio alkaa hahmottumaan. (Kuvaan on k\u00e4ytetty Nina Paley:n aineistoa.) Yleisen k\u00e4sityksen mukaan Yhdysvaltain presidentti Donald Trump ja Israelin p\u00e4\u00e4ministeri Benjamin Netanyahu aloittivat hy\u00f6kk\u00e4ykset Iraniin (28.02.) saadakseen uskonnollisten konservatiivien johtaman Iranin suostumaan neuvottelemaan mahdollisista ydinase-hankkeista, ja [&hellip;]<\/p>\n","protected":false},"author":3,"featured_media":11381,"comment_status":"open","ping_status":"open","sticky":false,"template":"","format":"standard","meta":{"footnotes":""},"categories":[31,112,107,116,29,147,148,127],"tags":[],"_links":{"self":[{"href":"https:\/\/www.uutispeili.fi\/index.php\/wp-json\/wp\/v2\/posts\/11670"}],"collection":[{"href":"https:\/\/www.uutispeili.fi\/index.php\/wp-json\/wp\/v2\/posts"}],"about":[{"href":"https:\/\/www.uutispeili.fi\/index.php\/wp-json\/wp\/v2\/types\/post"}],"author":[{"embeddable":true,"href":"https:\/\/www.uutispeili.fi\/index.php\/wp-json\/wp\/v2\/users\/3"}],"replies":[{"embeddable":true,"href":"https:\/\/www.uutispeili.fi\/index.php\/wp-json\/wp\/v2\/comments?post=11670"}],"version-history":[{"count":3,"href":"https:\/\/www.uutispeili.fi\/index.php\/wp-json\/wp\/v2\/posts\/11670\/revisions"}],"predecessor-version":[{"id":11674,"href":"https:\/\/www.uutispeili.fi\/index.php\/wp-json\/wp\/v2\/posts\/11670\/revisions\/11674"}],"wp:featuredmedia":[{"embeddable":true,"href":"https:\/\/www.uutispeili.fi\/index.php\/wp-json\/wp\/v2\/media\/11381"}],"wp:attachment":[{"href":"https:\/\/www.uutispeili.fi\/index.php\/wp-json\/wp\/v2\/media?parent=11670"}],"wp:term":[{"taxonomy":"category","embeddable":true,"href":"https:\/\/www.uutispeili.fi\/index.php\/wp-json\/wp\/v2\/categories?post=11670"},{"taxonomy":"post_tag","embeddable":true,"href":"https:\/\/www.uutispeili.fi\/index.php\/wp-json\/wp\/v2\/tags?post=11670"}],"curies":[{"name":"wp","href":"https:\/\/api.w.org\/{rel}","templated":true}]}}