{"id":11639,"date":"2026-03-21T23:12:53","date_gmt":"2026-03-21T21:12:53","guid":{"rendered":"https:\/\/www.uutispeili.fi\/?p=11639"},"modified":"2026-03-21T23:12:54","modified_gmt":"2026-03-21T21:12:54","slug":"palestiinan-hallitus-tuomitsee-iranin-iskut-saudi-arabiaan-ja-persianlahden-valtioihin","status":"publish","type":"post","link":"https:\/\/www.uutispeili.fi\/index.php\/2026\/03\/21\/palestiinan-hallitus-tuomitsee-iranin-iskut-saudi-arabiaan-ja-persianlahden-valtioihin\/","title":{"rendered":"Palestiinan hallitus tuomitsee Iranin iskut Saudi-Arabiaan ja Persianlahden valtioihin"},"content":{"rendered":"<p>Palestiinan hallitus tuomitsee Iranin hy\u00f6kk\u00e4ykset Saudi-Arabiaan ja muihin alueen maihin, kertoi palestiinalaisten sis\u00e4ministeri <strong>Ziyad Hab al-Reeh<\/strong> puhelinneuvottelussa Saudi-Arabian sis\u00e4ministeri prinssi <strong>Abdulaziz bin Saud bin Nayef<\/strong>ille lauantaina.<\/p>\n<blockquote><p>Ministeri Ziyad Hab al-Reeh &#8221;ilmaisi maansa tuomitsevan Iranin hy\u00f6kk\u00e4ykset, jotka kohdistuivat kuningaskuntaan, Persianlahden valtioihin ja alueeseen&#8221;, lehti kirjoittaa.<\/p><\/blockquote>\n<p>Hab al-Reeh vahvisti my\u00f6s Palestiinan valtion solidaarisuuden kaikille kuningaskunnan toimille turvallisuuden, itsem\u00e4\u00e4r\u00e4\u00e4misoikeuden sek\u00e4 alueensa ja kansalaistensa turvallisuuden s\u00e4ilytt\u00e4miseksi, viraston mukaan. <img loading=\"lazy\" decoding=\"async\" class=\"alignnone size-full wp-image-144\" src=\"https:\/\/www.uutispeili.fi\/wp-content\/uploads\/2023\/11\/di.gold_.gif\" alt=\"\" width=\"11\" height=\"11\" \/><\/p>\n<p>Luettavaa:<\/p>\n<ul>\n<li><a href=\"https:\/\/english.alarabiya.net\/News\/middle-east\/2026\/03\/21\/palestine-condemns-iranian-attacks-on-saudi-arabia\" target=\"_blank\" rel=\"noopener\"><strong>al-Arabiya<\/strong><\/a> 21.03. 2025,<\/li>\n<\/ul>\n<h2>Aiempia uutisia:<\/h2>\n<p>15.02. 2026:<\/p>\n<blockquote class=\"wp-embedded-content\" data-secret=\"iLZOFzmvmC\"><p><a href=\"https:\/\/www.uutispeili.fi\/index.php\/2026\/02\/15\/ulkoministeri-elina-valtonen-tapaa-israelin-ja-palestiinalaishallinnon-johtajat\/\">Ulkoministeri Elina Valtonen tapaa Israelin ja Palestiinalaishallinnon johtajat<\/a><\/p><\/blockquote>\n<p><iframe class=\"wp-embedded-content\" sandbox=\"allow-scripts\" security=\"restricted\" style=\"position: absolute; clip: rect(1px, 1px, 1px, 1px);\" title=\"&#8221;Ulkoministeri Elina Valtonen tapaa Israelin ja Palestiinalaishallinnon johtajat&#8221; &#8212; \" src=\"https:\/\/www.uutispeili.fi\/index.php\/2026\/02\/15\/ulkoministeri-elina-valtonen-tapaa-israelin-ja-palestiinalaishallinnon-johtajat\/embed\/#?secret=v03lXcigkF#?secret=iLZOFzmvmC\" data-secret=\"iLZOFzmvmC\" width=\"600\" height=\"338\" frameborder=\"0\" marginwidth=\"0\" marginheight=\"0\" scrolling=\"no\"><\/iframe><\/p>\n<p>17.12. 2025:<\/p>\n<blockquote class=\"wp-embedded-content\" data-secret=\"GSEFpy8K6Z\"><p><a href=\"https:\/\/www.uutispeili.fi\/index.php\/2025\/12\/17\/yhdysvallat-ei-salli-liittaa-mitaan-aluetta-lansirannasta-israeliin-mita-se-tarkoittaa\/\">Yhdysvallat ei salli &#8221;liitt\u00e4\u00e4 mit\u00e4\u00e4n aluetta &#8217;L\u00e4nsirannasta&#8217; Israeliin, -mit\u00e4 se tarkoittaa?<\/a><\/p><\/blockquote>\n<p><iframe class=\"wp-embedded-content\" sandbox=\"allow-scripts\" security=\"restricted\" style=\"position: absolute; clip: rect(1px, 1px, 1px, 1px);\" title=\"&#8221;Yhdysvallat ei salli &#8221;liitt\u00e4\u00e4 mit\u00e4\u00e4n aluetta &#8217;L\u00e4nsirannasta&#8217; Israeliin, -mit\u00e4 se tarkoittaa?&#8221; &#8212; \" src=\"https:\/\/www.uutispeili.fi\/index.php\/2025\/12\/17\/yhdysvallat-ei-salli-liittaa-mitaan-aluetta-lansirannasta-israeliin-mita-se-tarkoittaa\/embed\/#?secret=YKFRzJavn1#?secret=GSEFpy8K6Z\" data-secret=\"GSEFpy8K6Z\" width=\"600\" height=\"338\" frameborder=\"0\" marginwidth=\"0\" marginheight=\"0\" scrolling=\"no\"><\/iframe><\/p>\n<p>08.10. 2025:<\/p>\n<blockquote class=\"wp-embedded-content\" data-secret=\"UbTeFW8sPd\"><p><a href=\"https:\/\/www.uutispeili.fi\/index.php\/2025\/10\/08\/turkilla-tiedettya-suurempi-rooli-gaza-sotkun-selvittamisessa\/\">Turkilla tiedetty\u00e4 suurempi rooli Gaza-sotkun selvitt\u00e4misess\u00e4<\/a><\/p><\/blockquote>\n<p><iframe class=\"wp-embedded-content\" sandbox=\"allow-scripts\" security=\"restricted\" style=\"position: absolute; clip: rect(1px, 1px, 1px, 1px);\" title=\"&#8221;Turkilla tiedetty\u00e4 suurempi rooli Gaza-sotkun selvitt\u00e4misess\u00e4&#8221; &#8212; \" src=\"https:\/\/www.uutispeili.fi\/index.php\/2025\/10\/08\/turkilla-tiedettya-suurempi-rooli-gaza-sotkun-selvittamisessa\/embed\/#?secret=IQD4pJWH7i#?secret=UbTeFW8sPd\" data-secret=\"UbTeFW8sPd\" width=\"600\" height=\"338\" frameborder=\"0\" marginwidth=\"0\" marginheight=\"0\" scrolling=\"no\"><\/iframe><\/p>\n","protected":false},"excerpt":{"rendered":"<p>Palestiinan hallitus tuomitsee Iranin hy\u00f6kk\u00e4ykset Saudi-Arabiaan ja muihin alueen maihin, kertoi palestiinalaisten sis\u00e4ministeri Ziyad Hab al-Reeh puhelinneuvottelussa Saudi-Arabian sis\u00e4ministeri prinssi Abdulaziz bin Saud bin Nayefille lauantaina. Ministeri Ziyad Hab al-Reeh &#8221;ilmaisi maansa tuomitsevan Iranin hy\u00f6kk\u00e4ykset, jotka kohdistuivat kuningaskuntaan, Persianlahden valtioihin ja alueeseen&#8221;, lehti kirjoittaa. Hab al-Reeh vahvisti my\u00f6s Palestiinan valtion solidaarisuuden kaikille kuningaskunnan toimille turvallisuuden, [&hellip;]<\/p>\n","protected":false},"author":3,"featured_media":11642,"comment_status":"open","ping_status":"open","sticky":false,"template":"","format":"standard","meta":{"footnotes":""},"categories":[112,161,177,71],"tags":[],"_links":{"self":[{"href":"https:\/\/www.uutispeili.fi\/index.php\/wp-json\/wp\/v2\/posts\/11639"}],"collection":[{"href":"https:\/\/www.uutispeili.fi\/index.php\/wp-json\/wp\/v2\/posts"}],"about":[{"href":"https:\/\/www.uutispeili.fi\/index.php\/wp-json\/wp\/v2\/types\/post"}],"author":[{"embeddable":true,"href":"https:\/\/www.uutispeili.fi\/index.php\/wp-json\/wp\/v2\/users\/3"}],"replies":[{"embeddable":true,"href":"https:\/\/www.uutispeili.fi\/index.php\/wp-json\/wp\/v2\/comments?post=11639"}],"version-history":[{"count":2,"href":"https:\/\/www.uutispeili.fi\/index.php\/wp-json\/wp\/v2\/posts\/11639\/revisions"}],"predecessor-version":[{"id":11643,"href":"https:\/\/www.uutispeili.fi\/index.php\/wp-json\/wp\/v2\/posts\/11639\/revisions\/11643"}],"wp:featuredmedia":[{"embeddable":true,"href":"https:\/\/www.uutispeili.fi\/index.php\/wp-json\/wp\/v2\/media\/11642"}],"wp:attachment":[{"href":"https:\/\/www.uutispeili.fi\/index.php\/wp-json\/wp\/v2\/media?parent=11639"}],"wp:term":[{"taxonomy":"category","embeddable":true,"href":"https:\/\/www.uutispeili.fi\/index.php\/wp-json\/wp\/v2\/categories?post=11639"},{"taxonomy":"post_tag","embeddable":true,"href":"https:\/\/www.uutispeili.fi\/index.php\/wp-json\/wp\/v2\/tags?post=11639"}],"curies":[{"name":"wp","href":"https:\/\/api.w.org\/{rel}","templated":true}]}}