{"id":11558,"date":"2026-03-15T16:20:01","date_gmt":"2026-03-15T14:20:01","guid":{"rendered":"https:\/\/www.uutispeili.fi\/?p=11558"},"modified":"2026-03-15T16:20:02","modified_gmt":"2026-03-15T14:20:02","slug":"mikko-paunio-bibi-netanyahua-on-kiittaminen-meille-saapuneista-kunniakansalaisista-jotka-muodostavat-meille-ja-koko-euroopalle-suurimman-turvallisuusuhan","status":"publish","type":"post","link":"https:\/\/www.uutispeili.fi\/index.php\/2026\/03\/15\/mikko-paunio-bibi-netanyahua-on-kiittaminen-meille-saapuneista-kunniakansalaisista-jotka-muodostavat-meille-ja-koko-euroopalle-suurimman-turvallisuusuhan\/","title":{"rendered":"Mikko Paunio: Bibi Netanyahua on kiitt\u00e4minen meille saapuneista kunniakansalaisista, jotka muodostavat meille ja koko Euroopalle suurimman turvallisuusuhan"},"content":{"rendered":"<div>\n<p><strong><span style=\"color: initial; font-size: revert;\">Vuonna 2007 antamassaan haastattelussa el\u00e4kkeell\u00e4 oleva Yhdysvaltain armeijan kenraali ja NATO:n joukkojen komentaja <\/span>Wesley Clark<span style=\"color: initial; font-size: revert;\"> v\u00e4itti, ett\u00e4 pian syyskuun 11. p\u00e4iv\u00e4n iskujen j\u00e4lkeen muuan Pentagonin virkamies kertoi h\u00e4nelle suunnitelmasta &#8221;<em>tuhota<\/em>&#8221; seitsem\u00e4n maata viidess\u00e4 vuodessa.<\/span><\/strong><\/p>\n<p>(Kuva: Wesley Clark, kuval\u00e4hde: Youtube\/Wesley Clark,)<\/p>\n<p><span style=\"color: initial; font-size: revert;\"><strong> Irak, Syyria, Libanon, Libya, Somalia, Sudan<\/strong> ja <strong>Iran<\/strong>. Clarke oli kauhuissaan kuulemastaan. Clark k\u00e4ytti esitelm\u00e4ss\u00e4\u00e4n t\u00e4t\u00e4 esimerkkin\u00e4 siit\u00e4, kuinka\u00a0<\/span><strong style=\"color: initial; font-size: revert;\">George W. Bushin<\/strong><span style=\"color: initial; font-size: revert;\">\u00a0hallinnon neokonservatiivit olivat p\u00e4\u00e4tt\u00e4neet k\u00e4ytt\u00e4\u00e4 sotilaallista voimaa L\u00e4hi-id\u00e4ss\u00e4 ilman selke\u00e4\u00e4 yhteytt\u00e4 terrorismin vastaiseen sotaan.<\/span><\/p>\n<\/div>\n<div id=\"artikkeli\">\n<p><strong>Jeffrey Sachs<\/strong> ei ole s\u00e4\u00e4stellyt sanojaan sadoissa podcasteissa, joissa h\u00e4n on tuominnut\u00a0<strong>Bibi Netanyahun<\/strong>\u00a0L\u00e4hi-Id\u00e4n sotien lietsojana. Bibi on ollut h\u00e4nen mukaansa syyp\u00e4\u00e4 kaikkiin USA:n sotiin alkaen Somalian ep\u00e4vakauttamisesta ja nyt lopuksi Iranin sotaan. Nyt hy\u00f6k\u00e4tty\u00e4\u00e4n Trumpin kanssa Iraniin, h\u00e4n on kertonut 40-vuotisen unelmansa toteutuneen.<\/p>\n<p>T\u00e4ll\u00e4 kertaa neokonservatiiviset voimat eiv\u00e4t ole USA:ssa Iraniin kohdistuvan katastrofaalisen\u00a0hy\u00f6kk\u00e4yssodan takana, vaan kyseess\u00e4 on puhtaasti\u00a0<a href=\"https:\/\/www.aipac.org\/\" target=\"_blank\" rel=\"noopener\">AIPAC<\/a>:n <a href=\"https:\/\/www.aipac.org\/\" target=\"_blank\" rel=\"noopener\">(American Israel Public Affairs Committee)<\/a>\u00a0ja Netanyahun sota, jossa\u00a0USA:n presidentti kiristyksill\u00e4 ja uhkailuilla saatiin mukaan hy\u00f6kk\u00e4ykseen. AIPAC-lobby on valtavan varakas ja sill\u00e4 on <strong>Epstein<\/strong>in my\u00f6t\u00e4 paljon kompremettoivaa materiaalia yl\u00e4tason ihmisist\u00e4.<\/p>\n<p>Neokonservatiivien ehk\u00e4 t\u00e4rkein propagandisti\u00a0<strong>Bill Kristol\u00a0<\/strong>l\u00e4hes heti Iranin sodan alettua tuomitsi Trumpin hulluna. Olen paljon kirjoittanut n\u00e4ist\u00e4 jatkuvaa WOKE-vallankumousta yll\u00e4pit\u00e4vist\u00e4 neokonservatiiveista ja neoliberaaleista, jotka ovat Yhdysvaltain asevoimalla vieneet maailmalle mm. LBTGQ+-ilosanomaa.<\/p>\n<p>Bill Kristolin is\u00e4,<strong>\u00a0<\/strong>New Yorkin juutalainen<strong>\u00a0Irving Kristol<\/strong>, on t\u00e4rkein USA:n neokonservatiivien synnytt\u00e4mien\u00a0v\u00e4rivallankumousten ja noin 100 hallitusten vaihdosten henkinen is\u00e4. H\u00e4n oli jyrkk\u00e4 antistalinisti ja trotskilainen kommunisti nuorena. Trotskilaiset pitiv\u00e4t\u00a0<strong>Josif Stalinia<\/strong>\u00a0petturina, koska Stalin\u00a0oli omaksunut sosialismin yhdess\u00e4 maassa opin ja hyl\u00e4nnyt trotskilaisen jatkuvan vallankumouksen idean.<\/p>\n<p>Bibi\u00e4 ja Yhdysvaltain neokonservatiiveja ja neoliberaaleja on siis kiitt\u00e4minen meille saapuneista kymmenist\u00e4 tuhansista kunniakansalaisista eli somaleista, afgaaneista, irakilaisista, iranilaisista, libanonilaisista ja syyrialaisista. T\u00e4m\u00e4 on kovin yksinkertainen ja Suomen mahdollisesti musertava yht\u00e4l\u00f6.<\/p>\n<p>Ensimm\u00e4iset neokonservatiivien meille tuomat kunniakansalaiset eli vietnamilaiset eiv\u00e4t ole meille taloudellinen rasiste, koska heit\u00e4 ei tarvitse hyys\u00e4t\u00e4 <strong><em>KELA-gold<\/em><\/strong>eilla. He eiv\u00e4t ole my\u00f6sk\u00e4\u00e4n muodosta meille mit\u00e4\u00e4n turvallisuusuhkaa toisin kuin em. islamilaisista maista tulleet\u00a0kunniakansalaiset, jotka ovat Euroopan ehdottomasti suurin turvallisuusuhka.<\/p>\n<p>Mikko Paunio<\/p>\n<h2>Linkkej\u00e4<\/h2>\n<ul>\n<li><a href=\"https:\/\/www.facebook.com\/obinna.aligwekwe\/posts\/the-war-on-iran-fulfils-my-40-year-dreambenjamin-netanyahu-2026-40-takes-us-to-t\/10238325422547113\/\" target=\"_blank\" rel=\"noopener\">https:\/\/www.facebook.com\/obinna.aligwekwe\/posts\/the-war-on-iran-fulfils-my-40-year-dreambenjamin-netanyahu-2026-40-takes-us-to-t\/10238325422547113\/<\/a>,<\/li>\n<li><a href=\"https:\/\/en.wikipedia.org\/wiki\/Irving_Kristol\" target=\"_blank\" rel=\"noopener\">https:\/\/en.wikipedia.org\/wiki\/Irving_Kristol<\/a>,<\/li>\n<\/ul>\n<p><iframe loading=\"lazy\" title=\"General W. Clark: &quot;This is a memo of how we&#039;re going to take out seven countries in five years.&quot;\" width=\"640\" height=\"480\" src=\"https:\/\/www.youtube.com\/embed\/fAnNJW9_KYA?feature=oembed\" frameborder=\"0\" allow=\"accelerometer; autoplay; clipboard-write; encrypted-media; gyroscope; picture-in-picture; web-share\" referrerpolicy=\"strict-origin-when-cross-origin\" allowfullscreen><\/iframe><\/p>\n<ul>\n<li><a href=\"https:\/\/www.oikeamedia.com\/o1-230600\" target=\"_blank\" rel=\"noopener\">https:\/\/www.oikeamedia.com\/o1-230600<\/a><\/li>\n<\/ul>\n<\/div>\n","protected":false},"excerpt":{"rendered":"<p>Vuonna 2007 antamassaan haastattelussa el\u00e4kkeell\u00e4 oleva Yhdysvaltain armeijan kenraali ja NATO:n joukkojen komentaja Wesley Clark v\u00e4itti, ett\u00e4 pian syyskuun 11. p\u00e4iv\u00e4n iskujen j\u00e4lkeen muuan Pentagonin virkamies kertoi h\u00e4nelle suunnitelmasta &#8221;tuhota&#8221; seitsem\u00e4n maata viidess\u00e4 vuodessa. (Kuva: Wesley Clark, kuval\u00e4hde: Youtube\/Wesley Clark,) Irak, Syyria, Libanon, Libya, Somalia, Sudan ja Iran. Clarke oli kauhuissaan kuulemastaan. Clark k\u00e4ytti esitelm\u00e4ss\u00e4\u00e4n [&hellip;]<\/p>\n","protected":false},"author":6,"featured_media":11560,"comment_status":"open","ping_status":"open","sticky":false,"template":"","format":"standard","meta":{"footnotes":""},"categories":[31,112,151,127],"tags":[],"_links":{"self":[{"href":"https:\/\/www.uutispeili.fi\/index.php\/wp-json\/wp\/v2\/posts\/11558"}],"collection":[{"href":"https:\/\/www.uutispeili.fi\/index.php\/wp-json\/wp\/v2\/posts"}],"about":[{"href":"https:\/\/www.uutispeili.fi\/index.php\/wp-json\/wp\/v2\/types\/post"}],"author":[{"embeddable":true,"href":"https:\/\/www.uutispeili.fi\/index.php\/wp-json\/wp\/v2\/users\/6"}],"replies":[{"embeddable":true,"href":"https:\/\/www.uutispeili.fi\/index.php\/wp-json\/wp\/v2\/comments?post=11558"}],"version-history":[{"count":2,"href":"https:\/\/www.uutispeili.fi\/index.php\/wp-json\/wp\/v2\/posts\/11558\/revisions"}],"predecessor-version":[{"id":11561,"href":"https:\/\/www.uutispeili.fi\/index.php\/wp-json\/wp\/v2\/posts\/11558\/revisions\/11561"}],"wp:featuredmedia":[{"embeddable":true,"href":"https:\/\/www.uutispeili.fi\/index.php\/wp-json\/wp\/v2\/media\/11560"}],"wp:attachment":[{"href":"https:\/\/www.uutispeili.fi\/index.php\/wp-json\/wp\/v2\/media?parent=11558"}],"wp:term":[{"taxonomy":"category","embeddable":true,"href":"https:\/\/www.uutispeili.fi\/index.php\/wp-json\/wp\/v2\/categories?post=11558"},{"taxonomy":"post_tag","embeddable":true,"href":"https:\/\/www.uutispeili.fi\/index.php\/wp-json\/wp\/v2\/tags?post=11558"}],"curies":[{"name":"wp","href":"https:\/\/api.w.org\/{rel}","templated":true}]}}